{"id":123399,"date":"2025-05-24T01:58:20","date_gmt":"2025-05-24T01:58:20","guid":{"rendered":"https:\/\/www.europesays.com\/fr\/123399\/"},"modified":"2025-05-24T01:58:20","modified_gmt":"2025-05-24T01:58:20","slug":"co-penser-avec-lintelligence-artificielle-une-organisation-livre-des-idees-chocs-pour-une-utilisation-massive-de-lia-en-suisse","status":"publish","type":"post","link":"https:\/\/www.europesays.com\/fr\/123399\/","title":{"rendered":"\u00abCo-penser\u00bb avec l\u2019intelligence artificielle: une organisation livre des id\u00e9es chocs pour une utilisation massive de l\u2019IA en Suisse"},"content":{"rendered":"<p>              <a tabindex=\"-1\" title=\"Anouch Seydtaghia\" href=\"https:\/\/www.letemps.ch\/profil\/anouch-seydtaghia\" target=\"_blank\" rel=\"noopener\"><\/p>\n<p>                    <img decoding=\"async\" src=\"https:\/\/www.europesays.com\/fr\/wp-content\/uploads\/2025\/04\/small.jpeg\" class=\"lazy\" alt=\"\"\/><\/p>\n<p><\/a>        <\/p>\n<p>    Publi\u00e9 le 23 mai 2025 \u00e0 16:32. \/ Modifi\u00e9 le 23 mai 2025 \u00e0 21:32.<\/p>\n<p> 4 min. de lecture<\/p>\n<p class=\"article__abstract-call-to-action\" data-ariato=\"TrackableElement\" data-trackable-element-type=\"article_abstract_cta\" data-trackable-element-location=\"article_header\" data-trackable-element-id=\"495655\">\n          <a data-event=\"click-&gt;clicked\" href=\"https:\/\/www.letemps.ch\/abonnements\" target=\"_blank\" rel=\"noopener\">Abonnez-vous<\/a> pour acc\u00e9der au r\u00e9sum\u00e9 en 20 secondes.\n        <\/p>\n<p>Il y a urgence, en Suisse, \u00e0 se saisir des outils d\u2019intelligence artificielle et \u00e0 les ma\u00eetriser, sous peine de subir une r\u00e9volution qui affecte chacun d\u2019entre nous. Voici en substance l\u2019appel lanc\u00e9 ce jeudi par AI Swiss, qui publiait un livre blanc intitul\u00e9 <a href=\"https:\/\/brain2brain.ch\/resources\" rel=\"nofollow noopener\" target=\"_blank\">\u00abPour une \u00e9ducation suisse transform\u00e9e par l\u2019IA\u00bb<\/a>. La d\u00e9marche, qui comprend des propositions tr\u00e8s concr\u00e8tes au niveau helv\u00e9tique, est doublement int\u00e9ressante. D\u2019abord parce que AI Swiss est un r\u00e9seau d\u2019expert en intelligence artificielle qui se d\u00e9veloppe rapidement et qui commence \u00e0 \u00eatre consult\u00e9 au niveau politique. Ensuite, parce que la vision de cette association refl\u00e8te celle de nombreuses personnes qui estiment que le politique mais aussi l\u2019\u00e9conomie doivent se saisir de ces enjeux.<\/p>\n<p>Un terme fort jalonne les 60 pages de <a href=\"https:\/\/brain2brain.ch\/resources\" rel=\"nofollow noopener\" target=\"_blank\">ce livre blanc<\/a>, la \u00abco-pens\u00e9e\u00bb. Pr\u00e9sent \u00e0 118 reprises dans le document, le mot est d\u00e9fini par les auteurs comme la facult\u00e9 de communiquer avec des syst\u00e8mes d\u2019IA pour amplifier ses capacit\u00e9s intellectuelles, tout en d\u00e9veloppant un sixi\u00e8me sens pour en discerner les dissonances cognitives. AI Swiss esquisse ainsi une Suisse \u00abo\u00f9 chaque \u00e9l\u00e8ve ma\u00eetrise l\u2019art de la co-pens\u00e9e avec l\u2019intelligence artificielle aussi naturellement que l\u2019\u00e9criture ou les math\u00e9matiques\u00bb. Il ne s\u2019agit pas d\u2019utiliser passivement les outils d\u2019IA, de leur d\u00e9l\u00e9guer des processus complets, mais d\u2019apprendre \u00e0 converser en permanence avec ces technologies en langage naturel.<\/p>\n<p>    Poursuivez votre lecture avec un acc\u00e8s complet: -50% sur votre abonnement digital<\/p>\n<p class=\"post-subscribe__mention\">\u2713 Toutes nos analyses et enqu\u00eates exclusives&#13;<br \/>\n<br \/>\u2713 L&rsquo;int\u00e9gralit\u00e9 de nos contenus dans l&rsquo;application mobile&#13;<br \/>\n<br \/>\u2713 Les privil\u00e8ges r\u00e9serv\u00e9s aux abonn\u00e9s<\/p>\n<p class=\"post-subscribe__mention post-subscribe__mention--temporary\">\ud83d\ude80 Offre limit\u00e9e &#8211; Plus que 100 abonnements disponibles<\/p>\n<p>    <a class=\"button is-secondary\" data-event=\"click-&gt;clicked\" href=\"https:\/\/www.letemps.ch\/abonnements?utm_source=lt&amp;utm_medium=paywall&amp;utm_campaign=500&amp;wall_id=24\" target=\"_blank\" rel=\"noopener\">J&rsquo;en profite maintenant<\/a><\/p>\n<p class=\"post-subscribe__login\">\n        Vous avez d\u00e9j\u00e0 un compte ?<br \/>\n        <a class=\"link\" rel=\"nofollow noopener\" href=\"https:\/\/www.letemps.ch\/compte\/connexion?return_to=https%3A%2F%2Fwww.letemps.ch%2Fcyber%2Fco-penser-avec-l-intelligence-artificielle-une-organisation-livre-des-idees-chocs-pour-une-utilisation-massive-de-l-ia-en-suisse\" target=\"_blank\">Se connecter<\/a>\n      <\/p>\n","protected":false},"excerpt":{"rendered":"Publi\u00e9 le 23 mai 2025 \u00e0 16:32. \/ Modifi\u00e9 le 23 mai 2025 \u00e0 21:32. 4 min. de&hellip;\n","protected":false},"author":2,"featured_media":123400,"comment_status":"","ping_status":"","sticky":false,"template":"","format":"standard","meta":{"footnotes":""},"categories":[1357],"tags":[1379,58,59,1011,27,1380,301],"class_list":{"0":"post-123399","1":"post","2":"type-post","3":"status-publish","4":"format-standard","5":"has-post-thumbnail","7":"category-livres","8":"tag-books","9":"tag-divertissement","10":"tag-entertainment","11":"tag-fr","12":"tag-france","13":"tag-livres","14":"tag-premium"},"share_on_mastodon":{"url":"https:\/\/pubeurope.com\/@fr\/114560336162004449","error":""},"_links":{"self":[{"href":"https:\/\/www.europesays.com\/fr\/wp-json\/wp\/v2\/posts\/123399","targetHints":{"allow":["GET"]}}],"collection":[{"href":"https:\/\/www.europesays.com\/fr\/wp-json\/wp\/v2\/posts"}],"about":[{"href":"https:\/\/www.europesays.com\/fr\/wp-json\/wp\/v2\/types\/post"}],"author":[{"embeddable":true,"href":"https:\/\/www.europesays.com\/fr\/wp-json\/wp\/v2\/users\/2"}],"replies":[{"embeddable":true,"href":"https:\/\/www.europesays.com\/fr\/wp-json\/wp\/v2\/comments?post=123399"}],"version-history":[{"count":0,"href":"https:\/\/www.europesays.com\/fr\/wp-json\/wp\/v2\/posts\/123399\/revisions"}],"wp:featuredmedia":[{"embeddable":true,"href":"https:\/\/www.europesays.com\/fr\/wp-json\/wp\/v2\/media\/123400"}],"wp:attachment":[{"href":"https:\/\/www.europesays.com\/fr\/wp-json\/wp\/v2\/media?parent=123399"}],"wp:term":[{"taxonomy":"category","embeddable":true,"href":"https:\/\/www.europesays.com\/fr\/wp-json\/wp\/v2\/categories?post=123399"},{"taxonomy":"post_tag","embeddable":true,"href":"https:\/\/www.europesays.com\/fr\/wp-json\/wp\/v2\/tags?post=123399"}],"curies":[{"name":"wp","href":"https:\/\/api.w.org\/{rel}","templated":true}]}}