{"id":123405,"date":"2025-05-24T02:01:10","date_gmt":"2025-05-24T02:01:10","guid":{"rendered":"https:\/\/www.europesays.com\/fr\/123405\/"},"modified":"2025-05-24T02:01:10","modified_gmt":"2025-05-24T02:01:10","slug":"nadav-lapid-ce-film-a-ete-tourne-comme-dans-un-pays-ennemi","status":"publish","type":"post","link":"https:\/\/www.europesays.com\/fr\/123405\/","title":{"rendered":"Nadav Lapid : \u00ab Ce film a \u00e9t\u00e9 tourn\u00e9 comme dans un pays ennemi \u00bb"},"content":{"rendered":"<p>                        Nadav Lapid : \u00ab Ce film a \u00e9t\u00e9 tourn\u00e9 comme dans un pays ennemi \u00bb<\/p>\n<p class=\"byline author vcard\">Par    <a href=\"https:\/\/aoc.media\/auteur\/raphaelle-pireyreaoc-media\/\" title=\"Articles par Rapha\u00eblle Pireyre\" class=\"author url fn\" rel=\"author nofollow noopener\" target=\"_blank\">Rapha\u00eblle Pireyre<\/a><\/p>\n<p>\u00ab Dans le monde aujourd\u2019hui, le Non est archa\u00efque et il ne reste plus que le prix \u00e0 payer pour le Oui \u00bb, confie le r\u00e9alisateur Nadav Lapid \u00e0 propos de son nouveau long m\u00e9trage, pr\u00e9sent\u00e9 \u00e0 Cannes et pr\u00e9cis\u00e9ment titr\u00e9 Yes. Un film dont le projet \u00e9tait \u00ab la mort de l\u2019art \u00bb et dont l\u2019objet est devenu \u2013 par la force des \u00e9v\u00e9nements survenus le 7 octobre et chacun des jours qui ont suivi \u2013 \u00ab la mort tout court \u00bb.<\/p>\n<p class=\"first-paragraph\">Dans une f\u00eate d\u2019anniversaire survolt\u00e9e, Y. et sa femme Jasmine, de jeunes artistes fauch\u00e9s, c\u00f4toient la haute bourgeoisie isra\u00e9lienne aupr\u00e8s de laquelle ils se prostituent en attendant de vivre de leurs talents : la musique pour lui, la danse pour elle. \u00c9crit en 2023, Yes, le cinqui\u00e8me long m\u00e9trage de Nadav Lapid, int\u00e8gre \u00e0 son r\u00e9cit de couple en guerre perp\u00e9tuelle la propagande furieuse qui hyst\u00e9rise la soci\u00e9t\u00e9 isra\u00e9lienne et le g\u00e9nocide \u00e0 Gaza. Y., l\u2019alter ego du cin\u00e9aste, qui appara\u00eet pour la quatri\u00e8me fois dans son cin\u00e9ma, a toujours \u00e9t\u00e9 un personnage de parole.<\/p>\n<p>Pour Synonymes, il rejetait sa langue maternelle, celle dans laquelle il avait \u00e9t\u00e9 contraint de faire la guerre. Dans Le Genou d\u2019Ahed, il s\u2019opposait \u00e0 une employ\u00e9e du minist\u00e8re de la Culture qui voulait contr\u00f4ler sa parole, \u00e9ructant avec force et violence son refus. D\u00e9nu\u00e9 de toute conscience politique, ce nouveau Y. se voit confier la composition d\u2019un hymne guerrier de propagande pour le 69e anniversaire de son pays, commande qui lui assure la fortune mais amplifie la guerre qui se livre au sein de sa sph\u00e8re intime. Dans cette trag\u00e9die musicale sous st\u00e9ro\u00efdes, sorte de La La Land en roue libre au pays du nationalisme, Lapid pousse, \u00e0 fond tous les curseurs, l\u2019observation de l\u2019obsc\u00e9nit\u00e9, de l\u2019idiotie. Il ouvre aussi son cin\u00e9ma formaliste, intellectuel et testosteronn\u00e9 \u00e0 des \u00e9motions nouvelles : on rit beaucoup dans le carnaval d\u00e9cadent de la haute bourgeoisie, on pleure aussi \u00e0 l\u2019\u00e9vocation des attaques du 7 octobre puis dans le plan qui fait face \u00e0 une Gaza pilonn\u00e9e de bombardements. <strong>RP<\/strong><\/p>\n<p><a href=\"https:\/\/www.luma.org\/fr\/arles\/notre-programme\/event\/histoire-environnementale-IV-eb654780-7b26-44b9-94ae-e1e3dff7430f.html\" target=\"_blank\" rel=\"noopener nofollow\"><img fetchpriority=\"high\" decoding=\"async\" class=\"wp-image-239132 size-full\" src=\"https:\/\/www.europesays.com\/fr\/wp-content\/uploads\/2025\/05\/300X250-EAT-copie-2250428_.jpg\" alt=\"\" width=\"300\" height=\"250\"\/><\/a>publicit\u00e9<\/p>\n<p><strong>Pour la premi\u00e8re fois avec Yes, Y., votre personnage, est un musicien, ce qui fait sens car le volume, le rythme, sont tr\u00e8s importants dans vos films. Est-ce que vos films s\u2019\u00e9coutent plus qu\u2019ils ne se regardent ?<\/strong><br \/>C\u2019est l\u2019histoire d\u2019un musicien qui met sa musique au service du mal jusqu\u2019\u00e0 bombarder Gaza avec des notes en forme de missiles. Le film commence avec Be My Lover, qui est une chanson de soumission, puis,<\/p>\n<p class=\"author_name\">\n                <a href=\"https:\/\/aoc.media\/auteur\/raphaelle-pireyreaoc-media\/\" rel=\"nofollow noopener\" target=\"_blank\">Rapha\u00eblle Pireyre<\/a>\n            <\/p>\n<p class=\"author_func\">\n                Critique            <\/p>\n","protected":false},"excerpt":{"rendered":"Nadav Lapid : \u00ab Ce film a \u00e9t\u00e9 tourn\u00e9 comme dans un pays ennemi \u00bb Par Rapha\u00eblle Pireyre&hellip;\n","protected":false},"author":2,"featured_media":123406,"comment_status":"","ping_status":"","sticky":false,"template":"","format":"standard","meta":{"footnotes":""},"categories":[1354],"tags":[58,59,1346,1011,27,14,664,1360,3518,31],"class_list":{"0":"post-123405","1":"post","2":"type-post","3":"status-publish","4":"format-standard","5":"has-post-thumbnail","7":"category-films","8":"tag-divertissement","9":"tag-entertainment","10":"tag-films","11":"tag-fr","12":"tag-france","13":"tag-international","14":"tag-israel","15":"tag-movies","16":"tag-palestine","17":"tag-proche-et-moyen-orient"},"share_on_mastodon":{"url":"https:\/\/pubeurope.com\/@fr\/114560347899360973","error":""},"_links":{"self":[{"href":"https:\/\/www.europesays.com\/fr\/wp-json\/wp\/v2\/posts\/123405","targetHints":{"allow":["GET"]}}],"collection":[{"href":"https:\/\/www.europesays.com\/fr\/wp-json\/wp\/v2\/posts"}],"about":[{"href":"https:\/\/www.europesays.com\/fr\/wp-json\/wp\/v2\/types\/post"}],"author":[{"embeddable":true,"href":"https:\/\/www.europesays.com\/fr\/wp-json\/wp\/v2\/users\/2"}],"replies":[{"embeddable":true,"href":"https:\/\/www.europesays.com\/fr\/wp-json\/wp\/v2\/comments?post=123405"}],"version-history":[{"count":0,"href":"https:\/\/www.europesays.com\/fr\/wp-json\/wp\/v2\/posts\/123405\/revisions"}],"wp:featuredmedia":[{"embeddable":true,"href":"https:\/\/www.europesays.com\/fr\/wp-json\/wp\/v2\/media\/123406"}],"wp:attachment":[{"href":"https:\/\/www.europesays.com\/fr\/wp-json\/wp\/v2\/media?parent=123405"}],"wp:term":[{"taxonomy":"category","embeddable":true,"href":"https:\/\/www.europesays.com\/fr\/wp-json\/wp\/v2\/categories?post=123405"},{"taxonomy":"post_tag","embeddable":true,"href":"https:\/\/www.europesays.com\/fr\/wp-json\/wp\/v2\/tags?post=123405"}],"curies":[{"name":"wp","href":"https:\/\/api.w.org\/{rel}","templated":true}]}}