{"id":123421,"date":"2025-05-24T02:10:39","date_gmt":"2025-05-24T02:10:39","guid":{"rendered":"https:\/\/www.europesays.com\/fr\/123421\/"},"modified":"2025-05-24T02:10:39","modified_gmt":"2025-05-24T02:10:39","slug":"loire-saint-etienne-est-une-grande-ville-elle-merite-davoir-une-fete-de-la-biere","status":"publish","type":"post","link":"https:\/\/www.europesays.com\/fr\/123421\/","title":{"rendered":"Loire. \u00ab\u00a0Saint-\u00c9tienne est une grande ville, elle m\u00e9rite d\u2019avoir une f\u00eate de la bi\u00e8re\u00a0\u00bb"},"content":{"rendered":"<p>\u00ab\u00a0Saint-\u00c9tienne est une grande ville, elle m\u00e9rite d\u2019avoir une f\u00eate de la bi\u00e8re, m\u00eame si elle n\u2019est pas tr\u00e8s grosse\u00a0\u00bb, confirme Anne-Marie Curtil, de la brasserie L\u2019Ours qui brasse.<\/p>\n<p>Organis\u00e9e pour la premi\u00e8re fois l\u2019ann\u00e9e pass\u00e9e par L\u2019Ours qui brasse et Phylum fungi, \u00e0 l\u2019Amicale la\u00efque du Cr\u00eat-de-Roc, elle avait attir\u00e9 de nombreux visiteurs. \u00ab\u00a0Tous nos f\u00fbts ont \u00e9t\u00e9&#8230;<\/p>\n","protected":false},"excerpt":{"rendered":"\u00ab\u00a0Saint-\u00c9tienne est une grande ville, elle m\u00e9rite d\u2019avoir une f\u00eate de la bi\u00e8re, m\u00eame si elle n\u2019est pas&hellip;\n","protected":false},"author":2,"featured_media":123422,"comment_status":"","ping_status":"","sticky":false,"template":"","format":"standard","meta":{"footnotes":""},"categories":[9653],"tags":[1111,11,2430,1687,7539,1777,674,3326,1011,27,12,25,4001,7538],"class_list":{"0":"post-123421","1":"post","2":"type-post","3":"status-publish","4":"format-standard","5":"has-post-thumbnail","7":"category-saint-etienne","8":"tag-actu","9":"tag-actualites","10":"tag-auvergne-rhone-alpes","11":"tag-culture-loisirs","12":"tag-edition-loire-sud","13":"tag-eu","14":"tag-europe","15":"tag-fete-locale","16":"tag-fr","17":"tag-france","18":"tag-news","19":"tag-republique-francaise","20":"tag-saint-etienne","21":"tag-saint-etienne-ville"},"share_on_mastodon":{"url":"https:\/\/pubeurope.com\/@fr\/114560383315477019","error":""},"_links":{"self":[{"href":"https:\/\/www.europesays.com\/fr\/wp-json\/wp\/v2\/posts\/123421","targetHints":{"allow":["GET"]}}],"collection":[{"href":"https:\/\/www.europesays.com\/fr\/wp-json\/wp\/v2\/posts"}],"about":[{"href":"https:\/\/www.europesays.com\/fr\/wp-json\/wp\/v2\/types\/post"}],"author":[{"embeddable":true,"href":"https:\/\/www.europesays.com\/fr\/wp-json\/wp\/v2\/users\/2"}],"replies":[{"embeddable":true,"href":"https:\/\/www.europesays.com\/fr\/wp-json\/wp\/v2\/comments?post=123421"}],"version-history":[{"count":0,"href":"https:\/\/www.europesays.com\/fr\/wp-json\/wp\/v2\/posts\/123421\/revisions"}],"wp:featuredmedia":[{"embeddable":true,"href":"https:\/\/www.europesays.com\/fr\/wp-json\/wp\/v2\/media\/123422"}],"wp:attachment":[{"href":"https:\/\/www.europesays.com\/fr\/wp-json\/wp\/v2\/media?parent=123421"}],"wp:term":[{"taxonomy":"category","embeddable":true,"href":"https:\/\/www.europesays.com\/fr\/wp-json\/wp\/v2\/categories?post=123421"},{"taxonomy":"post_tag","embeddable":true,"href":"https:\/\/www.europesays.com\/fr\/wp-json\/wp\/v2\/tags?post=123421"}],"curies":[{"name":"wp","href":"https:\/\/api.w.org\/{rel}","templated":true}]}}