{"id":123429,"date":"2025-05-24T02:14:12","date_gmt":"2025-05-24T02:14:12","guid":{"rendered":"https:\/\/www.europesays.com\/fr\/123429\/"},"modified":"2025-05-24T02:14:12","modified_gmt":"2025-05-24T02:14:12","slug":"les-premiers-locataires-sont-arrives-lhiver-dernier-le-maire-edouard-friedler-a-inaugure-cette-nouvelle-residence-de-logements-sociaux-au-beausset","status":"publish","type":"post","link":"https:\/\/www.europesays.com\/fr\/123429\/","title":{"rendered":"Les premiers locataires sont arriv\u00e9s l&rsquo;hiver dernier: le maire \u00c9douard Friedler a inaugur\u00e9 cette nouvelle r\u00e9sidence de logements sociaux au Beausset"},"content":{"rendered":"<p>Mercredi, apr\u00e8s le mot de bienvenue du maire <strong>Edouard Friedler<\/strong>, <strong>cinquante et un logements locatifs sociaux ont \u00e9t\u00e9 inaugur\u00e9s sur le site de la r\u00e9sidence L\u2019Agrion<\/strong>, au 468 chemin de Pignet. L\u2019\u00e9v\u00e9nement a eu lieu en pr\u00e9sence de Nicolas Cayol, pr\u00e9sident d\u2019Arcade-Viv Promotion Sud Est (ma\u00eetrise d\u2019ouvrage), Pauline Drobny de la Soci\u00e9t\u00e9 fran\u00e7aise d\u2019habitations \u00e9conomiques, charg\u00e9e de la gestion (SFHE), Sophie Girault du comit\u00e9 r\u00e9gional d\u2019Action logement, auxquels s\u2019\u00e9taient joints plusieurs \u00e9lus locaux et des repr\u00e9sentants des familles.<\/p>\n<p>Implant\u00e9e dans un cadre naturel privil\u00e9gi\u00e9, \u00e0 proximit\u00e9 du coll\u00e8ge Giono, la r\u00e9sidence L\u2019Agrion b\u00e9n\u00e9ficie d\u2019une situation g\u00e9ographique id\u00e9ale \u00e0 la fois proche des services, des \u00e9quipements publics et des commerces, favorisant le quotidien des habitants.<\/p>\n<p>Les travaux ont d\u00e9but\u00e9 en d\u00e9cembre 2022 et se sont termin\u00e9s fin 2024. Les premiers locataires ont emm\u00e9nag\u00e9 en novembre 2024. Description: cinquante et un logements locatifs sociaux (seize T2, vingt et un T3, dix T4, quatre T5). Cinquante-six places de parking en sous-sol et quinze en ext\u00e9rieur. Balcon, terrasse ou jardin pour chaque logement.<\/p>\n<p>Les architectes sont le cabinet Hartmann et Christophe Macia. <strong>Le co\u00fbt de la construction a n\u00e9cessit\u00e9 un investissement de 10,92 millions d\u2019euros<\/strong>. Le financement comprend une subvention de l\u2019\u00c9tat (114.000 euros) et d\u2019Action logement (111.000 euros). Emprunts principaux: 7,81 millions, emprunts compl\u00e9mentaires: 891.000 euros. Fonds propres: 2 millions d\u2019euros.<\/p>\n<p>\u00ab\u00a0Cette r\u00e9sidence marque une \u00e9tape importante dans notre engagement pour un habitat de qualit\u00e9 \u00e0 un prix abordable\u00a0\u00bb, a indiqu\u00e9 le maire avant d\u2019ajouter: \u00ab\u00a0Elle incarne notre ambition de b\u00e2tir une ville inclusive et solidaire tourn\u00e9e vers l\u2019avenir. Elle nous a aussi permis de renforcer notre offre en logements sociaux tout en garantissant une mixit\u00e9 sociale et en nous rapprochant des objectifs fix\u00e9s par la loi SRU (sur le logement social, ndlr).\u00a0\u00bb<\/p>\n","protected":false},"excerpt":{"rendered":"Mercredi, apr\u00e8s le mot de bienvenue du maire Edouard Friedler, cinquante et un logements locatifs sociaux ont \u00e9t\u00e9&hellip;\n","protected":false},"author":2,"featured_media":123430,"comment_status":"","ping_status":"","sticky":false,"template":"","format":"standard","meta":{"footnotes":""},"categories":[9619],"tags":[1111,11,1777,674,1011,27,1116,12,882,25,2310],"class_list":{"0":"post-123429","1":"post","2":"type-post","3":"status-publish","4":"format-standard","5":"has-post-thumbnail","7":"category-toulon","8":"tag-actu","9":"tag-actualites","10":"tag-eu","11":"tag-europe","12":"tag-fr","13":"tag-france","14":"tag-immobilier","15":"tag-news","16":"tag-provence-alpes-cote-dazur","17":"tag-republique-francaise","18":"tag-toulon"},"share_on_mastodon":{"url":"https:\/\/pubeurope.com\/@fr\/114560399029591530","error":""},"_links":{"self":[{"href":"https:\/\/www.europesays.com\/fr\/wp-json\/wp\/v2\/posts\/123429","targetHints":{"allow":["GET"]}}],"collection":[{"href":"https:\/\/www.europesays.com\/fr\/wp-json\/wp\/v2\/posts"}],"about":[{"href":"https:\/\/www.europesays.com\/fr\/wp-json\/wp\/v2\/types\/post"}],"author":[{"embeddable":true,"href":"https:\/\/www.europesays.com\/fr\/wp-json\/wp\/v2\/users\/2"}],"replies":[{"embeddable":true,"href":"https:\/\/www.europesays.com\/fr\/wp-json\/wp\/v2\/comments?post=123429"}],"version-history":[{"count":0,"href":"https:\/\/www.europesays.com\/fr\/wp-json\/wp\/v2\/posts\/123429\/revisions"}],"wp:featuredmedia":[{"embeddable":true,"href":"https:\/\/www.europesays.com\/fr\/wp-json\/wp\/v2\/media\/123430"}],"wp:attachment":[{"href":"https:\/\/www.europesays.com\/fr\/wp-json\/wp\/v2\/media?parent=123429"}],"wp:term":[{"taxonomy":"category","embeddable":true,"href":"https:\/\/www.europesays.com\/fr\/wp-json\/wp\/v2\/categories?post=123429"},{"taxonomy":"post_tag","embeddable":true,"href":"https:\/\/www.europesays.com\/fr\/wp-json\/wp\/v2\/tags?post=123429"}],"curies":[{"name":"wp","href":"https:\/\/api.w.org\/{rel}","templated":true}]}}