{"id":123461,"date":"2025-05-24T02:36:16","date_gmt":"2025-05-24T02:36:16","guid":{"rendered":"https:\/\/www.europesays.com\/fr\/123461\/"},"modified":"2025-05-24T02:36:16","modified_gmt":"2025-05-24T02:36:16","slug":"reunion-de-la-derniere-chance-avec-francois-bayrou-ce-samedi","status":"publish","type":"post","link":"https:\/\/www.europesays.com\/fr\/123461\/","title":{"rendered":"r\u00e9union de la derni\u00e8re chance avec Fran\u00e7ois Bayrou ce samedi"},"content":{"rendered":"<p><a href=\"https:\/\/www.laprovence.com\/article\/region\/215751735252814\/taxis-la-mobilisation-va-se-poursuivre-ce-vendredi-de-fortes-perturbations-attendues-des-7-heures-a-marseille\" target=\"_blank\" rel=\"noopener\">Une semaine de mobilisation<\/a>, pour quoi\u00a0? La question est sur toutes les l\u00e8vres parmi les centaines de chauffeurs de taxi gr\u00e9vistes \u00e0 <a href=\"https:\/\/www.laprovence.com\/article\/region\/215751735252814\/taxis-la-mobilisation-va-se-poursuivre-ce-vendredi-de-fortes-perturbations-attendues-des-7-heures-a-marseille\" target=\"_blank\" rel=\"noopener\">Marseille<\/a>, alors que se tient, samedi 24\u00a0mai \u00e0 Paris, un <a href=\"https:\/\/www.laprovence.com\/article\/societe\/2689915261207614\/manifestation-des-taxis-une-reunion-organisee-samedi-au-ministere-des-transports-en-presence-de-francois-bayrou\" target=\"_blank\" rel=\"noopener\">rendez-vous de la derni\u00e8re chance entre les cinq f\u00e9d\u00e9rations repr\u00e9sentatives de la profession au niveau national et le gouvernement<\/a>. Philippe Tabarot, le ministre des Transports, les recevra avec le Premier ministre, Fran\u00e7ois Bayrou, dans le r\u00f4le d\u2019arbitre.<\/p>\n<p>\u00ab\u00a0Nous sommes dans un entre-deux, apr\u00e8s une semaine de mobilisation qui a \u00e9t\u00e9 fatigante et nous a priv\u00e9s de nos revenus. Cela peut partir sur une r\u00e9solution du conflit si le gouvernement \u00e9coute enfin ce que nous avons \u00e0 dire, comme sur un durcissement s\u2019il continue de faire la sourde oreille\u00a0\u00bb, pr\u00e9vient Gr\u00e9goire Fr\u00e9d\u00e9ric, le vice-pr\u00e9sident du syndicat de taxis marseillais Alliance FTI 13, \u00e0 l\u2019initiative de la mobilisation depuis lundi dans la deuxi\u00e8me ville de France.<\/p>\n<p>Une semaine de mobilisation marqu\u00e9e par des violences \u00e0 Marseille<\/p>\n<p>Alors que les chauffeurs de taxi gr\u00e9vistes \u00e9taient une centaine \u00e0 filtrer l\u2019acc\u00e8s \u00e0 la place Castellane (6e) dans le cadre de leur mouvement, ce mardi 20\u00a0mai, deux d\u2019entre eux ont \u00e9t\u00e9 projet\u00e9s au sol apr\u00e8s qu\u2019un chauffeur VTC leur a fonc\u00e9 dessus avec son v\u00e9hicule. <a href=\"https:\/\/www.laprovence.com\/article\/region\/36887343731742\/video-les-images-choquantes-dun-vtc-qui-renverse-trois-chauffeurs-de-taxi-deux-personnes-blessees\" target=\"_blank\" rel=\"noopener\">Une vid\u00e9o montrant cette agression tr\u00e8s violente a \u00e9t\u00e9 publi\u00e9e sur les r\u00e9seaux sociaux, et est devenue virale. <\/a>Pour autant, les blessures des deux chauffeurs de taxi renvers\u00e9s \u00e9taient qualifi\u00e9es de \u00ab\u00a0l\u00e9g\u00e8res\u00a0\u00bb par les marins-pompiers mobilis\u00e9s en quelques minutes sur les lieux de l\u2019agression.<\/p>\n","protected":false},"excerpt":{"rendered":"Une semaine de mobilisation, pour quoi\u00a0? La question est sur toutes les l\u00e8vres parmi les centaines de chauffeurs&hellip;\n","protected":false},"author":2,"featured_media":123462,"comment_status":"","ping_status":"","sticky":false,"template":"","format":"standard","meta":{"footnotes":""},"categories":[2814],"tags":[17,1111,11,4616,9424,154,1777,674,1011,27,6151,761,884,12,882,16,25,24577,9548],"class_list":{"0":"post-123461","1":"post","2":"type-post","3":"status-publish","4":"format-standard","5":"has-post-thumbnail","7":"category-marseille","8":"tag-17","9":"tag-actu","10":"tag-actualites","11":"tag-chance","12":"tag-derniere","13":"tag-des","14":"tag-eu","15":"tag-europe","16":"tag-fr","17":"tag-france","18":"tag-greve","19":"tag-marseillais","20":"tag-marseille","21":"tag-news","22":"tag-provence-alpes-cote-dazur","23":"tag-region","24":"tag-republique-francaise","25":"tag-reunion","26":"tag-taxis"},"share_on_mastodon":{"url":"https:\/\/pubeurope.com\/@fr\/114560485511940846","error":""},"_links":{"self":[{"href":"https:\/\/www.europesays.com\/fr\/wp-json\/wp\/v2\/posts\/123461","targetHints":{"allow":["GET"]}}],"collection":[{"href":"https:\/\/www.europesays.com\/fr\/wp-json\/wp\/v2\/posts"}],"about":[{"href":"https:\/\/www.europesays.com\/fr\/wp-json\/wp\/v2\/types\/post"}],"author":[{"embeddable":true,"href":"https:\/\/www.europesays.com\/fr\/wp-json\/wp\/v2\/users\/2"}],"replies":[{"embeddable":true,"href":"https:\/\/www.europesays.com\/fr\/wp-json\/wp\/v2\/comments?post=123461"}],"version-history":[{"count":0,"href":"https:\/\/www.europesays.com\/fr\/wp-json\/wp\/v2\/posts\/123461\/revisions"}],"wp:featuredmedia":[{"embeddable":true,"href":"https:\/\/www.europesays.com\/fr\/wp-json\/wp\/v2\/media\/123462"}],"wp:attachment":[{"href":"https:\/\/www.europesays.com\/fr\/wp-json\/wp\/v2\/media?parent=123461"}],"wp:term":[{"taxonomy":"category","embeddable":true,"href":"https:\/\/www.europesays.com\/fr\/wp-json\/wp\/v2\/categories?post=123461"},{"taxonomy":"post_tag","embeddable":true,"href":"https:\/\/www.europesays.com\/fr\/wp-json\/wp\/v2\/tags?post=123461"}],"curies":[{"name":"wp","href":"https:\/\/api.w.org\/{rel}","templated":true}]}}