{"id":123463,"date":"2025-05-24T02:37:17","date_gmt":"2025-05-24T02:37:17","guid":{"rendered":"https:\/\/www.europesays.com\/fr\/123463\/"},"modified":"2025-05-24T02:37:17","modified_gmt":"2025-05-24T02:37:17","slug":"job-dating-le-28-mai-la-ville-de-marseille-recrute-pour-lenfance","status":"publish","type":"post","link":"https:\/\/www.europesays.com\/fr\/123463\/","title":{"rendered":"Job dating le 28 mai : la Ville de Marseille recrute pour l&rsquo;enfance"},"content":{"rendered":"<p><strong>Fort du succ\u00e8s de la deuxi\u00e8me \u00e9dition avec plus de 200 personnes pr\u00e9sentes, la Ville de Marseille, les \u00e9quipes des \u00e9coles et de la petite enfance vous donnent rendez-vous \u00e0 la troisi\u00e8me \u00e9dition du \u00ab\u00a0Job dating de l&rsquo;enfance\u00a0\u00bb le 28 mai de 14h \u00e0 18h au sein de l&rsquo;H\u00f4tel de ville, sur le Vieux-Port (2e). <\/strong>Vous aussi, participez \u00e0 cette rencontre et venez d\u00e9couvrir votre prochain m\u00e9tier !<\/p>\n<p>\u00a0<\/p>\n<p>Au programme du job dating<\/p>\n<p>Venez rencontrer des agents qui exercent les m\u00e9tiers de la collectivit\u00e9, mais aussi les \u00e9quipes recrutement, \u00e9changez avec nos services sur les diff\u00e9rents projets p\u00e9dagogiques en cours afin de mieux comprendre votre futur environnement de travail et candidatez en direct sur nos offres d&#8217;emploi au sein des \u00e9coles et des cr\u00e8ches de la Ville de Marseille. La Ville recrute sur de nombreux postes.<\/p>\n<p>\u00a0<\/p>\n<p>Dans les cr\u00e8ches :\u00a0<\/p>\n<ul class=\"list-disclosure-closed\">\n<li>Agents d&rsquo;Accompagnement de l&rsquo;Enfant<\/li>\n<li>Auxiliaire de Vie Petite Enfance (AVPE)<\/li>\n<li>Auxiliaire de Pu\u00e9riculture<\/li>\n<li>Directeur(trice) d&rsquo;\u00c9tablissement d&rsquo;Accueil du Jeune Enfant<\/li>\n<li>Educateur(trice) de Jeunes Enfants &#8211; Directeur(rice) Adjoint(e) d&rsquo;EAJE<\/li>\n<li>Responsable de restauration collective cr\u00e8che<\/li>\n<li>Agent d\u2019entretien d\u2019EAJE<\/li>\n<li>R\u00e9f\u00e9rent technique Infirmier (\u00e8re)<\/li>\n<\/ul>\n<p>\u00a0<\/p>\n<p>Dans les \u00e9coles :\u00a0<\/p>\n<ul class=\"list-disclosure-closed\">\n<li>Agents d&rsquo;Accompagnement de l&rsquo;Enfant (ATSEM)<\/li>\n<li>Agent d\u2019accueil et d\u2019entretien des locaux scolaires (via MRS France Travail)<\/li>\n<\/ul>\n<p>Durant cet \u00e9v\u00e8nement, vous aurez l&rsquo;occasion d&rsquo;\u00e9changer avec des professionnel(le)s des cr\u00e8ches et des \u00e9coles, de parler des diff\u00e9rentes typologies de postes propos\u00e9s, de discuter avec des recruteurs et de postuler directement sur place. Pour vous, et en tant que futur(e) candidat(e), c&rsquo;est l&rsquo;occasion d&rsquo;en apprendre plus sur le fonctionnement des cr\u00e8ches, des \u00e9coles, de d\u00e9couvrir ce qui fait leurs sp\u00e9cificit\u00e9s et de comprendre l&rsquo;environnement de travail que vous allez pouvoir rejoindre ainsi que les avantages de travailler \u00e0 la Ville de Marseille.<\/p>\n<p>Pour cette troisi\u00e8me \u00e9dition, il sera aussi possible de d\u00e9couvrir les outils de travail des professionnels de l&rsquo;\u00e9ducation (projets p\u00e9dagogiques, fiches activit\u00e9s). Des entretiens de pr\u00e9-recrutement seront r\u00e9alis\u00e9s tout au long de l\u2019apr\u00e8s-midi (dans la limite des places disponibles).<\/p>\n<p>\u00a0<\/p>\n<p><strong>Si vous ne pouvez pas assister au job dating, vous pouvez directement candidater en ligne :\u00a0<\/strong><\/p>\n<p class=\"text-align-center\"><a class=\"btn btn-primary\" href=\"https:\/\/recrutement.marseille.fr\/pages\/offres-demploi\" target=\"_blank\" rel=\"nofollow noopener\"><strong>Les offres d&#8217;emploi de la Ville<\/strong><\/a><\/p>\n<p>\u00a0<\/p>\n<p>Avec plus de 200 postes ouverts au sein de ses cr\u00e8ches et de ses \u00e9coles la Ville de Marseille investit pour les petites marseillaises et les petits marseillais.<\/p>\n","protected":false},"excerpt":{"rendered":"Fort du succ\u00e8s de la deuxi\u00e8me \u00e9dition avec plus de 200 personnes pr\u00e9sentes, la Ville de Marseille, les&hellip;\n","protected":false},"author":2,"featured_media":123464,"comment_status":"","ping_status":"","sticky":false,"template":"","format":"standard","meta":{"footnotes":""},"categories":[2814],"tags":[1111,11,1777,674,1011,27,884,12,882,25,6150],"class_list":{"0":"post-123463","1":"post","2":"type-post","3":"status-publish","4":"format-standard","5":"has-post-thumbnail","7":"category-marseille","8":"tag-actu","9":"tag-actualites","10":"tag-eu","11":"tag-europe","12":"tag-fr","13":"tag-france","14":"tag-marseille","15":"tag-news","16":"tag-provence-alpes-cote-dazur","17":"tag-republique-francaise","18":"tag-rss"},"share_on_mastodon":{"url":"https:\/\/pubeurope.com\/@fr\/114560489464299574","error":""},"_links":{"self":[{"href":"https:\/\/www.europesays.com\/fr\/wp-json\/wp\/v2\/posts\/123463","targetHints":{"allow":["GET"]}}],"collection":[{"href":"https:\/\/www.europesays.com\/fr\/wp-json\/wp\/v2\/posts"}],"about":[{"href":"https:\/\/www.europesays.com\/fr\/wp-json\/wp\/v2\/types\/post"}],"author":[{"embeddable":true,"href":"https:\/\/www.europesays.com\/fr\/wp-json\/wp\/v2\/users\/2"}],"replies":[{"embeddable":true,"href":"https:\/\/www.europesays.com\/fr\/wp-json\/wp\/v2\/comments?post=123463"}],"version-history":[{"count":0,"href":"https:\/\/www.europesays.com\/fr\/wp-json\/wp\/v2\/posts\/123463\/revisions"}],"wp:featuredmedia":[{"embeddable":true,"href":"https:\/\/www.europesays.com\/fr\/wp-json\/wp\/v2\/media\/123464"}],"wp:attachment":[{"href":"https:\/\/www.europesays.com\/fr\/wp-json\/wp\/v2\/media?parent=123463"}],"wp:term":[{"taxonomy":"category","embeddable":true,"href":"https:\/\/www.europesays.com\/fr\/wp-json\/wp\/v2\/categories?post=123463"},{"taxonomy":"post_tag","embeddable":true,"href":"https:\/\/www.europesays.com\/fr\/wp-json\/wp\/v2\/tags?post=123463"}],"curies":[{"name":"wp","href":"https:\/\/api.w.org\/{rel}","templated":true}]}}