{"id":123471,"date":"2025-05-24T02:41:26","date_gmt":"2025-05-24T02:41:26","guid":{"rendered":"https:\/\/www.europesays.com\/fr\/123471\/"},"modified":"2025-05-24T02:41:26","modified_gmt":"2025-05-24T02:41:26","slug":"fast-and-furious-en-ile-de-france-ces-couples-qui-se-forment-lors-des-rendez-vous-de-tuning","status":"publish","type":"post","link":"https:\/\/www.europesays.com\/fr\/123471\/","title":{"rendered":"\u00ab Fast and Furious \u00bb en \u00cele-de-France : ces couples qui se forment lors des rendez-vous de tuning"},"content":{"rendered":"<p class=\"paragraph text_align_left\">Rien de tout cela, pourtant. Les femmes s\u2019y retrouvent aussi en nombre. Des couples se forment dans ces soir\u00e9es. Des familles viennent avec leurs enfants assister \u00e0 ces \u00e9v\u00e9nements qui regroupent souvent plusieurs milliers de personnes un peu partout en \u00cele-de-France, le vendredi et le samedi. Les voitures sont parfois customis\u00e9es pour faire rire les spectateurs : ici une peluche du personnage de Disney Stich harnach\u00e9e au toit ; l\u00e0, la r\u00e9plique du \u00ab Taxi \u00bb de Samy Naceri.<\/p>\n","protected":false},"excerpt":{"rendered":"Rien de tout cela, pourtant. Les femmes s\u2019y retrouvent aussi en nombre. Des couples se forment dans ces&hellip;\n","protected":false},"author":2,"featured_media":123472,"comment_status":"","ping_status":"","sticky":false,"template":"","format":"standard","meta":{"footnotes":""},"categories":[1592],"tags":[1111,11,646,1777,674,1011,27,662,1944,12,626,25],"class_list":{"0":"post-123471","1":"post","2":"type-post","3":"status-publish","4":"format-standard","5":"has-post-thumbnail","7":"category-ile-de-france","8":"tag-actu","9":"tag-actualites","10":"tag-automobile","11":"tag-eu","12":"tag-europe","13":"tag-fr","14":"tag-france","15":"tag-ile-de-france","16":"tag-ma-ville","17":"tag-news","18":"tag-paris","19":"tag-republique-francaise"},"share_on_mastodon":{"url":"https:\/\/pubeurope.com\/@fr\/114560505223437569","error":""},"_links":{"self":[{"href":"https:\/\/www.europesays.com\/fr\/wp-json\/wp\/v2\/posts\/123471","targetHints":{"allow":["GET"]}}],"collection":[{"href":"https:\/\/www.europesays.com\/fr\/wp-json\/wp\/v2\/posts"}],"about":[{"href":"https:\/\/www.europesays.com\/fr\/wp-json\/wp\/v2\/types\/post"}],"author":[{"embeddable":true,"href":"https:\/\/www.europesays.com\/fr\/wp-json\/wp\/v2\/users\/2"}],"replies":[{"embeddable":true,"href":"https:\/\/www.europesays.com\/fr\/wp-json\/wp\/v2\/comments?post=123471"}],"version-history":[{"count":0,"href":"https:\/\/www.europesays.com\/fr\/wp-json\/wp\/v2\/posts\/123471\/revisions"}],"wp:featuredmedia":[{"embeddable":true,"href":"https:\/\/www.europesays.com\/fr\/wp-json\/wp\/v2\/media\/123472"}],"wp:attachment":[{"href":"https:\/\/www.europesays.com\/fr\/wp-json\/wp\/v2\/media?parent=123471"}],"wp:term":[{"taxonomy":"category","embeddable":true,"href":"https:\/\/www.europesays.com\/fr\/wp-json\/wp\/v2\/categories?post=123471"},{"taxonomy":"post_tag","embeddable":true,"href":"https:\/\/www.europesays.com\/fr\/wp-json\/wp\/v2\/tags?post=123471"}],"curies":[{"name":"wp","href":"https:\/\/api.w.org\/{rel}","templated":true}]}}