{"id":123507,"date":"2025-05-24T03:03:11","date_gmt":"2025-05-24T03:03:11","guid":{"rendered":"https:\/\/www.europesays.com\/fr\/123507\/"},"modified":"2025-05-24T03:03:11","modified_gmt":"2025-05-24T03:03:11","slug":"les-larmes-aux-yeux-la-folle-poursuite-du-paris-cycliste-olympique-dans-la-montagne-actualite","status":"publish","type":"post","link":"https:\/\/www.europesays.com\/fr\/123507\/","title":{"rendered":"\u00ab Les larmes aux yeux \u00bb, la folle poursuite du Paris Cycliste Olympique dans la montagne &#8211; Actualit\u00e9"},"content":{"rendered":"<p dir=\"ltr\" style=\"text-align: justify;\">Un coureur du Paris Cycliste Olympique, une fois la ligne d&rsquo;arriv\u00e9e franchie, sur la Ronde de l&rsquo;Isard vendredi\u00a0: \u201cJ&rsquo;y vois tout flou\u2026\u201d.\u00a0Il a accompli 80 kilom\u00e8tres d&rsquo;un contre-la-montre par \u00e9quipes authentique et sauvage, sur la troisi\u00e8me \u00e9tape entre Aspet et Salies-du-Salat (Haute-Garonne). Derri\u00e8re le peloton, puis \u00e0 l&rsquo;int\u00e9rieur, puis \u00e0 l&rsquo;avant. Dans l&rsquo;ombre et ensuite dans la lumi\u00e8re. Cet exploit, collectif, consistait pour l&rsquo;\u00e9quipe \u00e0 attendre le sprinteur Manu Gu\u00e9rinel, l\u00e2ch\u00e9 dans le Col du Ment\u00e9, \u00e0 le replacer dans le peloton du maillot jaune Jarno Widar (Lotto Development), et enfin \u00e0 le lancer dans l&#8217;emballage massif.<\/p>\n<p>Manu Gu\u00e9rinel termine deuxi\u00e8me derri\u00e8re l\u2019Italien Ludovico Mellano (<strong><a href=\"https:\/\/www.directvelo.com\/actualite\/120853\/ronde-de-l-isard-et-3-classements\" target=\"_blank\" rel=\"noopener\">voir classement<\/a><\/strong>). \u201cMais c&rsquo;est comme si j&rsquo;avais gagn\u00e9, exulte-t-il. Cette journ\u00e9e de v\u00e9lo, je m&rsquo;en souviendrai toute ma vie\u00a0!\u201d.<\/p>\n<p><strong>LA VEILLE DE LA GAINSBARRE\u2026<\/strong><\/p>\n<p>Le plus \u00e9tonnant, c&rsquo;est que ce sc\u00e9nario a \u00e9t\u00e9 \u00e9crit il y a plus de deux mois et qu&rsquo;il s&rsquo;est appliqu\u00e9 presque \u00e0 la virgule-pr\u00e8s. Tanguy Turgis, le directeur sportif, explique qu&rsquo;il a \u201cimagin\u00e9 ce plan la veille de La Gainsbarre (donc, le 11 avril, NDLR), quand on a vu les parcours de la Ronde de l&rsquo;Isard publi\u00e9s sur DirectVelo. L\u00e0, j&rsquo;ai dit\u00a0: \u00a0\u00bbManu, tu gagnes\u00a0!\u00a0\u00bb. Dans ma t\u00eate, tout \u00e9tait clair. Manu allait perdre du temps dans le Col de Ment\u00e9, mais le sommet est situ\u00e9 \u00e0 80 kilom\u00e8tres de l&rsquo;arriv\u00e9e. Donc, on pouvait s&rsquo;organiser\u2026\u201d.<\/p>\n<p>Tanguy Turgis conna\u00eet la Ronde de l&rsquo;Isard pour l&rsquo;avoir disput\u00e9e aux c\u00f4t\u00e9s de Pavel Sivakov, le vainqueur de l&rsquo;\u00e9dition 2017. Il r\u00eavait de voir un de ses coureurs s&rsquo;illustrer \u00e0 nouveau. \u201c\u00c7a faisait deux mois que je leur avais mis le plan dans la t\u00eate, dit-il. Je les avais pr\u00e9venus qu&rsquo;ils reviendraient sur le peloton t\u00f4t ou tard. Peut-\u00eatre qu&rsquo;ils rentreraient \u00e0 5 kilom\u00e8tres de l&rsquo;arriv\u00e9e, mais ils reviendraient. J&rsquo;y croyais, et ils se sont tous mis \u00e0 fond derri\u00e8re cette id\u00e9e\u00a0!\u201d.<\/p>\n<p>Pour augmenter leurs chances de r\u00e9ussite, les coureurs du Paris Cycliste Olympique ont \u00e9t\u00e9 pri\u00e9s de rouler en-dedans sur les deux premi\u00e8res \u00e9tapes de la Ronde de l&rsquo;Isard. Chaque coup de p\u00e9dale \u00e9conomis\u00e9 rapproche un peu plus de la victoire. Vendredi, sur la troisi\u00e8me \u00e9tape, le PCO continuait de pr\u00e9server ses forces, en laissant ses coureurs dans le peloton.<\/p>\n<p><strong>\u00ab UN SACR\u00c9 CONTRE-LA-MONTRE PAR \u00c9QUIPES ! \u00bb<\/strong><\/p>\n<p>Comme pr\u00e9vu, Manu Gu\u00e9rinel a perdu le contact sur le peloton et, comme attendu, ses \u00e9quipiers l&rsquo;ont entour\u00e9 de leur pr\u00e9sence. \u201cM\u00eame ceux qui pouvaient faire un bon classement g\u00e9n\u00e9ral se sont relev\u00e9s \u00e0 l&rsquo;avant de la course pour m&rsquo;attendre, raconte le sprinteur. Ils \u00e9taient monstrueux. Je ne pouvais pas craquer. Quand j&rsquo;ai vu tout \u00e7a, j&rsquo;\u00e9tais \u00e0 moiti\u00e9 en pleurs\u2026\u201d.<\/p>\n<p>\u201cJe voulais qu&rsquo;une bulle se forme entre nous. Sans avoir trop de coureurs des autres \u00e9quipes autour de nous sinon, ils se seraient accroch\u00e9s\u201d, poursuit Tanguy Turgis. De fait, au sommet du Ment\u00e9, la \u00ab\u00a0bulle\u00a0\u00bb du Paris Cycliste Olympique conc\u00e8de trois minutes au peloton maillot jaune. En bas de la descente, le retard s&rsquo;est r\u00e9sorb\u00e9 \u00e0 2 minutes 45. Il reste une soixantaine de kilom\u00e8tres pour rentrer. Un duel \u00e0 distance entre le PCO et la Lotto Development.<\/p>\n<p>\u201cUne fois qu&rsquo;on s&rsquo;est mis \u00e0 rouler, pas le choix, il fallait aller au bout\u00a0! relate F\u00e9lix Rouinsard, accompagn\u00e9 d&rsquo;Elyes Pl\u00e9nel-Jobard, Gr\u00e9gory Pouvreault et Ma\u00ebl Zahem dans cette chasse \u00e0 en perdre haleine. On a \u00e9t\u00e9 oblig\u00e9 de g\u00e9rer le vent de face. C&rsquo;\u00e9tait un sacr\u00e9 contre-la-montre par \u00e9quipes\u00a0!\u201d.<\/p>\n<p>\u201cJ&rsquo;\u00e9tais tendu jusqu&rsquo;\u00e0 la fin, reprend le directeur sportif. Les autres \u00e9quipes ne voulaient pas tourner dans le groupe, sauf un coureur de XDS Astana, qui a particip\u00e9 \u00e0 quelques relais. Je suis all\u00e9 voir nos adversaires, je leur ai pass\u00e9 des bidons mais j&rsquo;ai aussi dit s\u00e8chement \u00e0 quelques-uns \u00a0\u00bbFranchement, vous \u00eates en train de laisser passer une chance de gagner une \u00e9tape sur une \u00e9preuve UCI&#8230;\u00a0\u00bb\u00a0\u00bb.<\/p>\n<p><strong>\u00ab QUAND ON CROIT EN SOI\u2026 \u00bb<\/strong><\/p>\n<p>\u00c0 30 kilom\u00e8tres de l&rsquo;arriv\u00e9e, dans la derni\u00e8re ascension, le PCO tient enfin le peloton en vue. \u201cOn a g\u00e9r\u00e9 la mont\u00e9e, surtout pas trop vite, pour ne pas exploser\u00a0!\u201d, se souvient Manu Gu\u00e9rinel. \u201cL\u00e0, j&rsquo;ai vu six coureurs de la m\u00eame \u00e9quipe, qu&rsquo;on n&rsquo;avait pas vus jusque-l\u00e0, attaquer tous en m\u00eame temps et faire la jonction, compl\u00e8te Tanguy Turgis. Nous on n&rsquo;avait pas suivi cette attaque. Pour la premi\u00e8re fois de la journ\u00e9e, j&rsquo;ai commenc\u00e9 \u00e0 douter\u201d.<\/p>\n<p>Mathis Gu\u00e9rinel, le fr\u00e8re de Manu, participe aux relais. Les yeux rougis de joie et de fatigue. \u201cOn a couru comme si rien ne pouvait nous arriver, ou presque, confie-t-il. \u00c0 quinze kilom\u00e8tres de l&rsquo;arriv\u00e9e, on \u00e9tait quasiment tous en pleurs d&rsquo;avoir accompli cette journ\u00e9e\u00a0!\u201d. Car les Parisiens sont revenus dans le peloton et, avec eux, leur sprinteur qui sent grossir l&rsquo;odeur du sprint.<\/p>\n<p>\u00c0 peu de choses pr\u00e8s, Manu Gu\u00e9rinel manque de s&rsquo;imposer. \u201cJ&rsquo;ai mis un coup de frein dans le dernier virage, j&rsquo;ai perdu quelques places au rond-point, mais c&rsquo;est le jeu. Je ne peux pas avoir de regret\u2026\u201d.<\/p>\n<p>Toute l&rsquo;\u00e9quipe sort exsangue. Staff compris. Directeur sportif \u00e9galement, qui termine \u201cponc\u00e9\u201d selon ses mots. \u201cM\u00eame si on avait termin\u00e9 cinq minutes derri\u00e8re le peloton, j&rsquo;aurais \u00e9t\u00e9 content, glisse Tanguy Turgis. Ce que l&rsquo;\u00e9quipe a fait va lui apporter \u00e9norm\u00e9ment de confiance. Aujourd&rsquo;hui, j&rsquo;ai vu une tr\u00e8s grande \u00e9quipe. On respecte l&rsquo;organisateur qui nous a invit\u00e9s, on d\u00e9veloppe notre sentiment de l\u00e9gitimit\u00e9\u201d. Manu Gu\u00e9rinel veut y voir un symbole\u00a0: \u201cVoil\u00e0 ce que \u00e7a fait quand on croit en soi\u201d.<\/p>\n<p><img loading=\"lazy\" decoding=\"async\" src=\"https:\/\/www.europesays.com\/fr\/wp-content\/uploads\/2025\/05\/ff_1.jpg\" alt=\"\" width=\"650\" height=\"494\"\/><\/p>\n","protected":false},"excerpt":{"rendered":"Un coureur du Paris Cycliste Olympique, une fois la ligne d&rsquo;arriv\u00e9e franchie, sur la Ronde de l&rsquo;Isard vendredi\u00a0:&hellip;\n","protected":false},"author":2,"featured_media":123508,"comment_status":"","ping_status":"","sticky":false,"template":"","format":"standard","meta":{"footnotes":""},"categories":[1411],"tags":[834,828,836,829,837,827,83,826,824,823,1154,207,814,817,815,816,822,821,832,211,839,1011,27,820,818,819,835,831,830,833,838,60,212,208,825],"class_list":{"0":"post-123507","1":"post","2":"type-post","3":"status-publish","4":"format-standard","5":"has-post-thumbnail","7":"category-cyclisme","8":"tag-attaque","9":"tag-belgique","10":"tag-braquet","11":"tag-bretagne","12":"tag-chute","13":"tag-competition","14":"tag-coupe-de-france","15":"tag-coureur","16":"tag-course-cyclisme","17":"tag-course-cycliste","18":"tag-cycling","19":"tag-cyclisme","20":"tag-direct","21":"tag-direct-velo","22":"tag-directvelo","23":"tag-directvelo-com","24":"tag-epreuve","25":"tag-epreuve-cycliste","26":"tag-federation-francaise-de-cyclisme","27":"tag-ffc","28":"tag-flandres","29":"tag-fr","30":"tag-france","31":"tag-live","32":"tag-live-course","33":"tag-live-epreuve","34":"tag-peloton","35":"tag-radio-peloton","36":"tag-radio-tour","37":"tag-ravitaillement","38":"tag-relance","39":"tag-sports","40":"tag-uci","41":"tag-velo","42":"tag-velos"},"share_on_mastodon":{"url":"","error":"Validation failed: Text character limit of 500 exceeded"},"_links":{"self":[{"href":"https:\/\/www.europesays.com\/fr\/wp-json\/wp\/v2\/posts\/123507","targetHints":{"allow":["GET"]}}],"collection":[{"href":"https:\/\/www.europesays.com\/fr\/wp-json\/wp\/v2\/posts"}],"about":[{"href":"https:\/\/www.europesays.com\/fr\/wp-json\/wp\/v2\/types\/post"}],"author":[{"embeddable":true,"href":"https:\/\/www.europesays.com\/fr\/wp-json\/wp\/v2\/users\/2"}],"replies":[{"embeddable":true,"href":"https:\/\/www.europesays.com\/fr\/wp-json\/wp\/v2\/comments?post=123507"}],"version-history":[{"count":0,"href":"https:\/\/www.europesays.com\/fr\/wp-json\/wp\/v2\/posts\/123507\/revisions"}],"wp:featuredmedia":[{"embeddable":true,"href":"https:\/\/www.europesays.com\/fr\/wp-json\/wp\/v2\/media\/123508"}],"wp:attachment":[{"href":"https:\/\/www.europesays.com\/fr\/wp-json\/wp\/v2\/media?parent=123507"}],"wp:term":[{"taxonomy":"category","embeddable":true,"href":"https:\/\/www.europesays.com\/fr\/wp-json\/wp\/v2\/categories?post=123507"},{"taxonomy":"post_tag","embeddable":true,"href":"https:\/\/www.europesays.com\/fr\/wp-json\/wp\/v2\/tags?post=123507"}],"curies":[{"name":"wp","href":"https:\/\/api.w.org\/{rel}","templated":true}]}}