{"id":12351,"date":"2025-04-09T10:11:12","date_gmt":"2025-04-09T10:11:12","guid":{"rendered":"https:\/\/www.europesays.com\/fr\/12351\/"},"modified":"2025-04-09T10:11:12","modified_gmt":"2025-04-09T10:11:12","slug":"sciences-po-strasbourg-reconduit-son-partenariat-avec-luniversite-reichman","status":"publish","type":"post","link":"https:\/\/www.europesays.com\/fr\/12351\/","title":{"rendered":"Sciences Po Strasbourg reconduit son partenariat avec l&rsquo;universit\u00e9 Reichman"},"content":{"rendered":"<p class=\"wp-block-post-excerpt__excerpt\">Malgr\u00e9 les demandes d\u2019une partie de ses \u00e9tudiants et de ses enseignants, le conseil d\u2019administration de Sciences Po Strasbourg a maintenu mardi 8 avril le partenariat avec l\u2019universit\u00e9 Reichman en Isra\u00ebl. <\/p>\n<p class=\"font-sans\">\n\t\t\tCet article est en acc\u00e8s libre. Pour soutenir Rue89 Strasbourg,<br \/>\n\t\t\t<a class=\"underline\" href=\"https:\/\/www.rue89strasbourg.com\/abonnement\" target=\"_blank\" rel=\"noopener\">abonnez-vous<\/a>.\n\t\t<\/p>\n<p>Pierre France<\/p>\n<p>Publi\u00e9 le 8 avril 2025\u00a0\u00a0\u00b7\u00a0\u00a0<\/p>\n<p>Imprim\u00e9 le 9 avril 2025 \u00e0 11h51\u00a0\u00a0\u00b7\u00a0\u00a0<\/p>\n<p>Modifi\u00e9 le 9 avril 2025\u00a0\u00a0\u00b7\u00a0\u00a0<\/p>\n<p>\t\t\t\t\t4\u00a0minutes\n<\/p>\n<p>Ambiance \u00e9lectrique mardi soir devant le Cardo, le b\u00e2timent qu\u2019utilise Sciences Po dans l\u2019enceinte de l\u2019h\u00f4pital civil de Strasbourg. Quelques dizaines d\u2019\u00e9tudiants \u00e9taient rassembl\u00e9s devant l\u2019entr\u00e9e, afin de rappeler leur d\u00e9termination aux membres du conseil d\u2019administration de l\u2019institut d\u2019\u00e9tudes politiques (IEP) de l\u2019Universit\u00e9 de Strasbourg. <\/p>\n<p>Ces derniers devaient se prononcer une fois pour toutes sur la suspension ou la confirmation d\u2019un partenariat avec l\u2019universit\u00e9 Reichman, un institut de formation priv\u00e9 au nord de Tel Aviv en Isra\u00ebl. Pour les \u00e9tudiants du comit\u00e9 Palestine, cet institut est trop proche du gouvernement d\u2019extr\u00eame droite isra\u00e9lien, et soutient la guerre d\u2019usure men\u00e9e \u00e0 Gaza contre le Hamas, malgr\u00e9 les dizaines de milliers de morts civils. Pour le directeur de l\u2019IEP, <a href=\"https:\/\/www.rue89strasbourg.com\/sciences-po-strasbourg-partenariat-universite-reichman-poursuite-318265\" target=\"_blank\" rel=\"noopener\">Jean-Philippe Heurtin<\/a>, suspendre ce partenariat reviendrait \u00e0 boycotter Isra\u00ebl dans son ensemble, ce qui serait une atteinte \u00e0 la libert\u00e9 acad\u00e9mique.<\/p>\n<p>Une position similaire a \u00e9t\u00e9 exprim\u00e9e par le <a href=\"https:\/\/www.leparisien.fr\/societe\/sciences-po-strasbourg-le-partenariat-avec-luniversite-israelienne-de-nouveau-remis-en-cause-07-04-2025-6RNDYH35CBC6VEPIQI5VUHXAYA.php\" target=\"_blank\" rel=\"noreferrer noopener\">ministre de l\u2019\u00c9ducation nationale, Philippe Baptiste, dans Le Parisien lundi 7 avril<\/a>. Il a indiqu\u00e9 que le gouvernement saisirait \u00ab\u00a0imm\u00e9diatement le tribunal administratif\u00a0\u00bb si le conseil d\u2019administration devait annuler le partenariat \u00ab\u00a0pour des raisons militantes\u00a0\u00bb.<\/p>\n<p>\t\tPresqu\u2019une ann\u00e9e de crise<\/p>\n<p>Apr\u00e8s trois blocages et pr\u00e8s d\u2019un an de crise autour de cette question, le conseil d\u2019administration r\u00e9uni mardi 8 avril a vot\u00e9 la reconduction du partenariat, par 16 voix contre 14, et 3 absentions. Le vote a eu lieu \u00e0 bulletins secrets, et les personnalit\u00e9s ext\u00e9rieures ont pu voter par procuration. <\/p>\n<p>Les \u00e9tudiants ont hu\u00e9 les membres du conseil d\u2019administration \u00e0 leur sortie du b\u00e2timent. Une partie d\u2019entre eux ont suivi le directeur de l\u2019\u00e9tablissement, Jean-Philippe Heurtin, alors qu\u2019il sortait du Cardo pour se diriger vers le centre-ville.<\/p>\n<p>Une enseignante-chercheuse, membre du \u00ab\u00a0groupe du dimanche\u00a0\u00bb qui avait assur\u00e9 une m\u00e9diation entre la direction et les \u00e9tudiants mobilis\u00e9s apr\u00e8s l\u2019intervention des forces de l\u2019ordre, se d\u00e9sole du r\u00e9sultat :<\/p>\n<blockquote class=\"wp-block-quote is-layout-flow wp-block-quote-is-layout-flow\">\n<p>\u00ab\u00a0Le comit\u00e9 d\u2019examen du partenariat avait propos\u00e9 une sortie de crise \u00e0 la direction et aux \u00e9tudiants, apr\u00e8s avoir \u00e9tudi\u00e9 en profondeur la situation pendant deux semaines. Nous avions r\u00e9ussi \u00e0 r\u00e9institutionnaliser ce diff\u00e9rend, apr\u00e8s une polarisation extr\u00eame. C\u2019\u00e9tait une d\u00e9marche vertueuse et tout le monde en serait sorti gagnant.\u00a0\u00bb<\/p>\n<\/blockquote>\n<p>\t\tLes conclusions d\u2019un rapport universitaire ignor\u00e9es<\/p>\n<p>Dans ce rapport, que Rue89 Strasbourg a pu consulter, le comit\u00e9 d\u2019examen recommandait au conseil d\u2019administration de ne pas reconduire le partenariat avec l\u2019universit\u00e9 Reichman, et d\u2019en nouer un autre avec une universit\u00e9 publique isra\u00e9lienne, des \u00e9tablissements par ailleurs bien mieux class\u00e9s que cette universit\u00e9 priv\u00e9e. Le comit\u00e9 n\u2019a pas pu d\u00e9tecter d\u2019expression critique de la guerre par des membres de l\u2019universit\u00e9 isra\u00e9lienne, mais sans s\u2019en \u00e9tonner\u00a0:<\/p>\n<blockquote class=\"wp-block-quote is-layout-flow wp-block-quote-is-layout-flow\">\n<p>\u00ab\u00a0Cette position est d\u2019ailleurs coh\u00e9rente avec la polarisation attendue d\u2019une composante tr\u00e8s li\u00e9e \u00e0 l\u2019anti-terrorisme (par les th\u00e9matiques qu\u2019elle aborde et les think tanks qu\u2019elle h\u00e9berge) dans une soci\u00e9t\u00e9 profond\u00e9ment marqu\u00e9e par la guerre.\u00a0\u00bb<\/p>\n<p>Rapport du comit\u00e9 d\u2019examen<\/p><\/blockquote>\n<p>Le comit\u00e9 faisait par ailleurs le constat que les relations entre Sciences Po Strasbourg et l\u2019universit\u00e9 Reichman s\u2019\u00e9taient singuli\u00e8rement d\u00e9grad\u00e9es, notamment apr\u00e8s un courrier du pr\u00e9sident de l\u2019universit\u00e9 isra\u00e9lienne de novembre 2024 qui faisait \u00ab\u00a0un lien implicite entre l\u2019antijuda\u00efsme rh\u00e9nan (pers\u00e9cutions m\u00e9di\u00e9vales, accusations de propager la peste en 1348\u2026), l\u2019antis\u00e9mitisme plus contemporain (notamment les pers\u00e9cutions et le g\u00e9nocide de la Seconde Guerre mondiale) et la d\u00e9cision du conseil d\u2019administration de suspendre le partenariat\u00a0\u00bb.<\/p>\n<p>Les \u00e9tudiants mobilis\u00e9s du comit\u00e9 Palestine ont donc annonc\u00e9 la reprise de leur mobilisation, avec probablement un blocage du Cardo d\u00e8s mercredi 9 avril. Ils appellent \u00e0 une assembl\u00e9e g\u00e9n\u00e9rale le m\u00eame jour \u00e0 midi, devant le b\u00e2timent.<\/p>\n<p><strong class=\"wp-block-rue89-expandable-summary__subhead\">Contexte<\/strong><br \/>\nLa chronologie<\/p>\n<ul class=\"wp-block-list\">\n<li>24 juin 2024 : Le conseil d\u2019administration de Sciences Po Strasbourg <a href=\"https:\/\/www.rue89strasbourg.com\/sciences-po-strasbourg-coulisses-boycott-universite-israelienne-317383\" target=\"_blank\" rel=\"noreferrer noopener\">vote la suspension du partenariat<\/a> avec l\u2019universit\u00e9 Reichman en Isra\u00ebl, avec 12 voix pour (dont 8 \u00e9tudiantes), 7 contre, 2 abstentions. 12 administrateurs n\u2019ont pas pris part au vote.<\/li>\n<li>Octobre 2024\u00a0: l\u2019annonce de la suspension de ce partenariat provoque un toll\u00e9, plusieurs voix dont celle du ministre des Affaires \u00e9trang\u00e8res d\u2019alors, du ministre de l\u2019Enseignement sup\u00e9rieur, du CRIF, exigent son r\u00e9tablissement. <\/li>\n<li>3 d\u00e9cembre 2024\u00a0: Un conseil d\u2019administration qui devait formellement r\u00e9tablir le partenariat est <a href=\"https:\/\/www.rue89strasbourg.com\/etudiants-palestine-conseil-administration-sciences-po-strasbourg-321356\" target=\"_blank\" rel=\"noreferrer noopener\">emp\u00each\u00e9 de se tenir par des \u00e9tudiants<\/a>.<\/li>\n<li>19 d\u00e9cembre 2024\u00a0: Un conseil d\u2019administration tenu \u00e0 distance r\u00e9tablit formellement le partenariat. <a href=\"https:\/\/www.rue89strasbourg.com\/sciences-po-strasbourg-universite-reichman-retablissement-323133\" target=\"_blank\" rel=\"noreferrer noopener\">Cinq enseignants membres du CA d\u00e9missionnent<\/a>.<\/li>\n<li>6 janvier 2025\u00a0: Les acc\u00e8s au b\u00e2timent de Sciences Po, le Cardo, sont <a href=\"https:\/\/www.rue89strasbourg.com\/sciences-po-strasbourg-israel-partenariat-324276\" target=\"_blank\" rel=\"noreferrer noopener\">bloqu\u00e9s par des \u00e9tudiants mobilis\u00e9s<\/a> pour la Palestine. Fin du blocage le lendemain. <\/li>\n<li>27 janvier 2025\u00a0: <a href=\"https:\/\/www.rue89strasbourg.com\/contre-partenariat-universite-israelienne-blocage-sciences-po-332130\" target=\"_blank\" rel=\"noreferrer noopener\">deuxi\u00e8me blocage du Cardo<\/a> par les \u00e9tudiants mobilis\u00e9s.<\/li>\n<li>30 janvier 2025\u00a0: la <a href=\"https:\/\/www.rue89strasbourg.com\/fin-blocage-sciences-po-strasbourg-332508\" target=\"_blank\" rel=\"noreferrer noopener\">police met fin au blocage ext\u00e9rieur<\/a>, des irruptions d\u2019amphis s\u2019organisent \u00e0 l\u2019int\u00e9rieur du Cardo d\u00e8s le lendemain.<\/li>\n<li>4 f\u00e9vrier 2025\u00a0: Sciences Po Strasbourg ferme le Cardo jusqu\u2019au 10 f\u00e9vrier. <\/li>\n<li>24 f\u00e9vrier\u00a0: <a href=\"https:\/\/www.rue89strasbourg.com\/des-opposants-aux-partenariats-avec-les-universites-israeliennes-reprennent-les-blocages-334804\" target=\"_blank\" rel=\"noreferrer noopener\">troisi\u00e8me blocage du Cardo<\/a> par les \u00e9tudiants mobilis\u00e9s.<\/li>\n<li>10 mars\u00a0: <a href=\"https:\/\/www.rue89strasbourg.com\/fin-blocage-sciences-po-strasbourg-2-336228\" target=\"_blank\" rel=\"noreferrer noopener\">fin du blocage<\/a> apr\u00e8s une m\u00e9diation qui promettait un nouveau vote du conseil d\u2019administration sur le partenariat.<\/li>\n<\/ul>\n<p>Voir plusVoir moins<\/p>\n<p>Aller <strong>plus loin<\/strong><\/p>\n","protected":false},"excerpt":{"rendered":"Malgr\u00e9 les demandes d\u2019une partie de ses \u00e9tudiants et de ses enseignants, le conseil d\u2019administration de Sciences Po&hellip;\n","protected":false},"author":2,"featured_media":12352,"comment_status":"","ping_status":"","sticky":false,"template":"","format":"standard","meta":{"footnotes":""},"categories":[2820],"tags":[1111,11,1777,674,1011,27,775,664,12,3518,25,5700,640],"class_list":{"0":"post-12351","1":"post","2":"type-post","3":"status-publish","4":"format-standard","5":"has-post-thumbnail","7":"category-strasbourg","8":"tag-actu","9":"tag-actualites","10":"tag-eu","11":"tag-europe","12":"tag-fr","13":"tag-france","14":"tag-grand-est","15":"tag-israel","16":"tag-news","17":"tag-palestine","18":"tag-republique-francaise","19":"tag-sciences-po-strasbourg","20":"tag-strasbourg"},"share_on_mastodon":{"url":"https:\/\/pubeurope.com\/@fr\/114307470648120742","error":""},"_links":{"self":[{"href":"https:\/\/www.europesays.com\/fr\/wp-json\/wp\/v2\/posts\/12351","targetHints":{"allow":["GET"]}}],"collection":[{"href":"https:\/\/www.europesays.com\/fr\/wp-json\/wp\/v2\/posts"}],"about":[{"href":"https:\/\/www.europesays.com\/fr\/wp-json\/wp\/v2\/types\/post"}],"author":[{"embeddable":true,"href":"https:\/\/www.europesays.com\/fr\/wp-json\/wp\/v2\/users\/2"}],"replies":[{"embeddable":true,"href":"https:\/\/www.europesays.com\/fr\/wp-json\/wp\/v2\/comments?post=12351"}],"version-history":[{"count":0,"href":"https:\/\/www.europesays.com\/fr\/wp-json\/wp\/v2\/posts\/12351\/revisions"}],"wp:featuredmedia":[{"embeddable":true,"href":"https:\/\/www.europesays.com\/fr\/wp-json\/wp\/v2\/media\/12352"}],"wp:attachment":[{"href":"https:\/\/www.europesays.com\/fr\/wp-json\/wp\/v2\/media?parent=12351"}],"wp:term":[{"taxonomy":"category","embeddable":true,"href":"https:\/\/www.europesays.com\/fr\/wp-json\/wp\/v2\/categories?post=12351"},{"taxonomy":"post_tag","embeddable":true,"href":"https:\/\/www.europesays.com\/fr\/wp-json\/wp\/v2\/tags?post=12351"}],"curies":[{"name":"wp","href":"https:\/\/api.w.org\/{rel}","templated":true}]}}