{"id":123513,"date":"2025-05-24T03:06:12","date_gmt":"2025-05-24T03:06:12","guid":{"rendered":"https:\/\/www.europesays.com\/fr\/123513\/"},"modified":"2025-05-24T03:06:12","modified_gmt":"2025-05-24T03:06:12","slug":"les-6-plus-beaux-batiments-de-larchitecture-gothique-a-travers-le-monde","status":"publish","type":"post","link":"https:\/\/www.europesays.com\/fr\/123513\/","title":{"rendered":"Les 6 plus beaux b\u00e2timents de l\u2019architecture gothique \u00e0 travers le monde"},"content":{"rendered":"<p>C\u2019est dans le paysage pittoresque de la principaut\u00e9 des Asturies en Espagne que tr\u00f4ne la basilique Santa Maria la Real. Construit entre 1877 et 1901 par l\u2019architecte Federico Aparici i Soriano dans le style n\u00e9o-romain, le sanctuaire emprunte certains \u00e9l\u00e9ments \u00e0 l\u2019architecture gothique classique. Tout en calcaire rose, le lieu de culte catholique ancr\u00e9 dans la roche est surnomm\u00e9 le Temple du Miracle pour son emplacement escarp\u00e9. Un joyau architectural rare.<\/p>\n<p><strong>Dromana Gate, Irlande<\/strong><\/p>\n<p>\u00a9 Hugh Rooney\/Eye Ubiquitous\/Universal Images Group via Getty Images<\/p>\n<p>Le pavillon de style gothique hindou coupe la route menant \u00e0 Villerstown, dans le comt\u00e9 de Waterford en <a href=\"https:\/\/www.admagazine.fr\/article\/irlande-luxe-naturel-maison-victorienne-revisitee\" target=\"_blank\" rel=\"noopener\">Irlande<\/a>. Construite au XIXe si\u00e8cle, la porte, \u00e0 l\u2019origine en <a href=\"https:\/\/www.admagazine.fr\/article\/idees-associer-bois-blanc-cuisine\" target=\"_blank\" rel=\"noopener\">bois<\/a> et papier m\u00e2ch\u00e9, a \u00e9t\u00e9 \u00e9rig\u00e9e pour marquer le mariage d\u2019un propri\u00e9taire local populaire. Restaur\u00e9e par l\u2019Irish Georgian Society, la porte a \u00e9t\u00e9 reconstruite en pierre quelques ann\u00e9es plus tard, juste apr\u00e8s le pont, sur la rivi\u00e8re Finisk. Un portail unique en son genre qui conf\u00e8re un aspect exotique.<\/p>\n<p><strong>Gotisches Haus, Allemagne<\/strong><\/p>\n<p>\u00a9 brandstaetter images\/Imagino\/Getty Images<\/p>\n<p>Il faut traverser le parc W\u00f6rlitzer pour d\u00e9couvrir les maisons gothiques qui y r\u00e8gnent. Construit sur la demande du prince Fran\u00e7ois d\u2019Anhalt-Dessau, le refuge gothique accueille une collection d\u2019art importante. V\u00e9ritable \u00ab\u00a0cabinet d\u2019art et de merveilles\u00a0\u00bb, les maisons en briques rouges abritent pr\u00e8s de 600 tableaux de grands ma\u00eetres allemands et n\u00e9erlandais et une impressionnante collection de peintures sur verre de la fin du XVe et XVIIe si\u00e8cle. Un havre de paix unique, digne d\u2019un mus\u00e9e d\u2019art.<\/p>\n","protected":false},"excerpt":{"rendered":"C\u2019est dans le paysage pittoresque de la principaut\u00e9 des Asturies en Espagne que tr\u00f4ne la basilique Santa Maria&hellip;\n","protected":false},"author":2,"featured_media":123514,"comment_status":"","ping_status":"","sticky":false,"template":"","format":"standard","meta":{"footnotes":""},"categories":[1358],"tags":[19035,1348,1384,1385,1386,58,59,1011,27,10057],"class_list":{"0":"post-123513","1":"post","2":"type-post","3":"status-publish","4":"format-standard","5":"has-post-thumbnail","7":"category-arts-et-design","8":"tag-architecture-spectaculaire","9":"tag-arts","10":"tag-arts-and-design","11":"tag-arts-et-design","12":"tag-design","13":"tag-divertissement","14":"tag-entertainment","15":"tag-fr","16":"tag-france","17":"tag-lieux-spectaculaires"},"share_on_mastodon":{"url":"https:\/\/pubeurope.com\/@fr\/114560605508990389","error":""},"_links":{"self":[{"href":"https:\/\/www.europesays.com\/fr\/wp-json\/wp\/v2\/posts\/123513","targetHints":{"allow":["GET"]}}],"collection":[{"href":"https:\/\/www.europesays.com\/fr\/wp-json\/wp\/v2\/posts"}],"about":[{"href":"https:\/\/www.europesays.com\/fr\/wp-json\/wp\/v2\/types\/post"}],"author":[{"embeddable":true,"href":"https:\/\/www.europesays.com\/fr\/wp-json\/wp\/v2\/users\/2"}],"replies":[{"embeddable":true,"href":"https:\/\/www.europesays.com\/fr\/wp-json\/wp\/v2\/comments?post=123513"}],"version-history":[{"count":0,"href":"https:\/\/www.europesays.com\/fr\/wp-json\/wp\/v2\/posts\/123513\/revisions"}],"wp:featuredmedia":[{"embeddable":true,"href":"https:\/\/www.europesays.com\/fr\/wp-json\/wp\/v2\/media\/123514"}],"wp:attachment":[{"href":"https:\/\/www.europesays.com\/fr\/wp-json\/wp\/v2\/media?parent=123513"}],"wp:term":[{"taxonomy":"category","embeddable":true,"href":"https:\/\/www.europesays.com\/fr\/wp-json\/wp\/v2\/categories?post=123513"},{"taxonomy":"post_tag","embeddable":true,"href":"https:\/\/www.europesays.com\/fr\/wp-json\/wp\/v2\/tags?post=123513"}],"curies":[{"name":"wp","href":"https:\/\/api.w.org\/{rel}","templated":true}]}}