{"id":123515,"date":"2025-05-24T03:07:17","date_gmt":"2025-05-24T03:07:17","guid":{"rendered":"https:\/\/www.europesays.com\/fr\/123515\/"},"modified":"2025-05-24T03:07:17","modified_gmt":"2025-05-24T03:07:17","slug":"week-end-en-val-de-marne-jeux-nature-salons-du-livre-escrime-histoire-photo-brocantes","status":"publish","type":"post","link":"https:\/\/www.europesays.com\/fr\/123515\/","title":{"rendered":"Week-end en Val-de-Marne :\u00a0Jeux\/ Nature\/Salons du livre\/Escrime\/Histoire\/Photo\/Brocantes"},"content":{"rendered":"<p> Top d\u00e9part pour les Jeux du Val-de-Marne<\/p>\n<p>Le festival sportif du Val-de-Marne revient \u00e0 partir de ce week-end jusqu\u2019au 15 juin. Au programme ce dimanche 25 mai, Cycl\u2019Eau 94, un rendez-vous \u00e0\u00a0l\u2019\u00eele de loisirs de Cr\u00e9teil de 11h \u00e0 19h. Au programme\u00a0:\u00a0p\u00e9dalo, animation v\u00e9los mais aussi draisiennes, man\u00e8ge solaire\u2026 <a href=\"https:\/\/www.valdemarne.fr\/vivre-en-val-de-marne\/agenda\/cycleau-94-jeux-du-val-de-marne-mobilites-douces-et-activites-nautiques\" target=\"_blank\" rel=\"noreferrer noopener\">Plus d\u2019infos<\/a><\/p>\n<p>Au programme des prochains week-ends, le Challenge sportif du Comit\u00e9 d\u00e9partemental olympique le 7 juin et le grand d\u00e9fi Val\u2019Dingo le 15 juin.<\/p>\n<p>Challenge Monal \u00e0 Saint-Maur-des-Foss\u00e9s<\/p>\n<p>Plus de 300 escrimeurs venus du monde entier vont se confronter \u00e0 Saint-Maur-des-Foss\u00e9s durant trois jours de comp\u00e9tition, sous l\u2019\u00e9gide de F\u00e9d\u00e9ration Internationale d\u2019Escrime, en partenariat avec la VGA Escrime, et la ville. Se tiendra notamment la Coupe du monde d\u2019\u00e9p\u00e9e hommes. <a href=\"https:\/\/www.ffescrime.fr\/2025\/04\/03\/challenge-monal-2025-billetterie-ouverte\/\" target=\"_blank\" rel=\"noreferrer noopener\">Plus d\u2019infos<\/a><\/p>\n<p>Courses \u00e0 pied \u00e0 Vincennes et \u00e0 Maisons-Alfort<\/p>\n<ul>\n<li>Course du Ch\u00e2teau de Vincennes. D\u00e9part \u00e0 9h30, course de 10 km dans le Bois de Vincennes. Inscriptions closes. <a href=\"https:\/\/www.vincennes.fr\/agenda\/course-du-chateau-de-vincennes-0\" target=\"_blank\" rel=\"noopener\">Plus d\u2019infos<\/a><\/li>\n<li>Marche sportive, Place Renon \u00e0 Vincennes, gratuite et sans inscription, \u00e0 partir de 11h. <a href=\"https:\/\/www.vincennes.fr\/agenda\/pause-quartier-1\" target=\"_blank\" rel=\"noopener\">Plus d\u2019infos<\/a><\/li>\n<li>Course de La Maisonnaise \u00e0 Alfortville. \u00c0 9h, d\u00e9part du 10 km, \u00e0 9h30, d\u00e9part du semi-marathon. Inscriptions closes, mais encore en recherche de b\u00e9n\u00e9voles ! <a href=\"https:\/\/maisons-alfort.fr\/course-le-25-mai-tous-a-la-maisonnaise\/\" target=\"_blank\" rel=\"noopener\">Plus d\u2019infos<\/a><\/li>\n<\/ul>\n<p>Convergence V\u00e9lo en Ile-de-France<\/p>\n<p>Des milliers de cyclistes organis\u00e9s en 115 convois depuis la banlieue, sont attendus ce dimanche 25 mai en Ile-de-France, pour la 17\u1d49 \u00e9dition de la Convergence V\u00e9lo. <a href=\"https:\/\/94.citoyens.com\/2025\/ile-de-france-plus-de-100-departs-organises-pour-la-convergence-velo-2025,23-05-2025.html\" target=\"_blank\" rel=\"noreferrer noopener\">Lire article d\u00e9taill\u00e9<\/a><\/p>\n<p>Festi\u2019marne \u00e0 Nogent\u00a0<\/p>\n<p>Le stade Sous la lune \u2013 Alain Mimoun accueil ce week-end de multiples activit\u00e9s sportives : initiation au kayak, paddle, aviron, escalade, beach-volley, VTT\u2026 et cela accompagn\u00e9 de foodtrucks, spectacles et animations <a href=\"https:\/\/ville-nogentsurmarne.com\/nsm_agenda\/festimarne-un-weekend-de-nautisme-et-daventures\/\" target=\"_blank\" rel=\"noreferrer noopener\">Toute la programmation<\/a><\/p>\n<p>Lire aussi : <a href=\"https:\/\/94.citoyens.com\/2025\/a-velo-ou-a-pied-12-balades-passerelles-pour-explorer-les-liens-entre-paris-et-sa-banlieue,14-05-2025.html\" target=\"_blank\" rel=\"noreferrer noopener\">A v\u00e9lo ou \u00e0 pied\u00a0: des balades passerelles relient Paris et sa banlieue<\/a><br \/>Et : <a href=\"https:\/\/94.citoyens.com\/2025\/degustations-conferences-ateliers-spectacles-croisieres-thematiques-sur-la-marne-dans-lest-parisien,16-05-2025.html\" target=\"_blank\" rel=\"noreferrer noopener\">D\u00e9gustations, conf\u00e9rences, ateliers, spectacles\u2026 croisi\u00e8res th\u00e9matiques sur la Marne dans l\u2019est parisien<\/a><\/p>\n<p>F\u00eate de la Nature en Val-de-Marne<\/p>\n<p>Ateliers pour comprendre le fonctionnement d\u2019une ruche, apprendre \u00e0 faire du pain, reconna\u00eetre les oiseaux, tisser de la laine, balades cueillette ou d\u00e9couverte de la biodiversit\u00e9\u2026 La F\u00eate de la Nature, initi\u00e9e au niveau national en 2007, se tient ce week-end du 23-25 mai et il y a de quoi faire en Val-de-Marne.<a href=\"https:\/\/94.citoyens.com\/2025\/fete-de-la-nature-en-val-de-marne,23-05-2025.html\" target=\"_blank\" rel=\"noreferrer noopener\"> Lire notre article d\u00e9taill\u00e9<\/a><\/p>\n<p>Lire aussi : <a href=\"https:\/\/94.citoyens.com\/2025\/la-roseraie-du-val-de-marne-entame-sa-saison-2025,30-04-2025.html\" target=\"_blank\" rel=\"noreferrer noopener\">La Roseraie du Val-de-Marne entame sa saison 2025<\/a><\/p>\n<p>F\u00eate mondiale du jeu en Val-de-Marne<\/p>\n<p>Grand jeu pour d\u00e9livrer le Parangon de la sorci\u00e8re \u00e0 Joinville, Cluedo g\u00e9ant \u00e0 Marolles, olympiades \u00e0 Rungis, ateliers fabrication de jeux \u00e0 Bonneuil, et aussi d\u00e9couverte de jeux dans les m\u00e9diath\u00e8ques, structures gonflables en ext\u00e9rieur\u2026 La F\u00eate mondiale du jeu, initi\u00e9e depuis 1999 par l\u2019Association des ludoth\u00e8ques de France, passe bien par le Val-de-Marne ce week-end du 23-25 mai. <a href=\"https:\/\/94.citoyens.com\/2025\/fete-mondiale-du-jeu-en-val-de-marne,23-05-2025.html\" target=\"_blank\" rel=\"noreferrer noopener\">Lire notre article d\u00e9taill\u00e9<\/a><\/p>\n<p>F\u00eate du Lilas \u00e0 Vitry-sur-Seine<\/p>\n<p>Fanfares, animations, concerts, feu d\u2019artifice\u2026 Les F\u00eates du lilas font aussi leur retour \u00e0 Vitry-sur-Seine ce week-end. <a href=\"https:\/\/www.vitry94.fr\/2814-29242\/agendas\/fiche\/fetes-du-lilas-2025.htm\" target=\"_blank\" rel=\"noreferrer noopener\">Plus d\u2019infos<\/a><\/p>\n<p>Le salon des livres f\u00e9ministes D\u00e9livr\u00e9es\u00a0! fait \u00e9tape \u00e0 Arcueil<\/p>\n<p>Tables rondes, rencontres, ateliers d\u2019\u00e9criture et de croquis, projections-d\u00e9bat\u2026 Ces samedi 24 et dimanche 25, le salon des livres f\u00e9ministes D\u00e9livr\u00e9es\u00a0! s\u2019installe \u00e0 Arcueil. <a href=\"https:\/\/94.citoyens.com\/2025\/le-salon-des-livres-feministes-delivrees-fait-etape-a-arcueil,23-05-2025.html\" target=\"_blank\" rel=\"noreferrer noopener\">Lire article d\u00e9taill\u00e9<\/a><\/p>\n<p>Trois salons du livre jeunesse \u00e0 Villejuif, Champigny-sur-Marne et Villecresnes<\/p>\n<p>Trois villes ont programme des salons du livre sp\u00e9cial jeunesse ce week-end, \u00e0 commencer par Villecresnes qui accueille une nouvelle \u00e9dition de son festival Sapristi. <a href=\"https:\/\/www.villecresnes.fr\/fr\/en-ce-moment\/sapristi_-d.html\" target=\"_blank\" rel=\"noreferrer noopener\">Plus d\u2019infos<\/a> <br \/>A Villejuif, c\u2019est la m\u00e9diath\u00e8que Elsa-Triolet qui accueillera ce samedi un salon du livre jeunesse. Au programme : expositions des projets des \u00e9l\u00e8ves de la villes, rencontre et d\u00e9dicaces avec des auteurs et illustrateurs, fresque collective.\u00a0<strong>\u00a0<\/strong><a href=\"https:\/\/www.villejuif.fr\/31-807\/agenda\/fiche\/9e-salon-du-livre-jeunesse.htm\" target=\"_blank\" rel=\"noreferrer noopener\">Plus d\u2019infos<\/a><br \/>A Champigny-sur-Marne, rendez-place du march\u00e9 pour le Salon du livre illustr\u00e9, de 14h \u00e0 19h, pour une seconde \u00e9dition. <a href=\"https:\/\/www.champignysurmarne.fr\/agenda\/salon-du-livre-illustre\" target=\"_blank\" rel=\"noreferrer noopener\">Plus d\u2019infos<\/a><\/p>\n<p>Festival d\u2019Histoire populaire \u00e0 Cr\u00e9teil<\/p>\n<p>Cr\u00e9\u00e9 en 2024, le festival d\u2019histoire populaire revient les 22, 23 et 24 mai en Val-de-Marne. Organis\u00e9 par les chercheurs et \u00e9tudiants de l\u2019Universit\u00e9 Paris-Est Cr\u00e9teil (Upec) et l\u2019association Boite \u00e0 histoire, le festival a choisi cette ann\u00e9e d\u2019explorer l\u2019histoire des f\u00eates, notamment celles du Val-de-Marne (guinguettes, Petit Vin blanc, F\u00eate de la Madelon\u2026) avec la m\u00eame approche participative et ludique. Au programme : cin\u00e9-d\u00e9bats, guinguettes, jeux de soci\u00e9t\u00e9 historiques\u2026 <a href=\"https:\/\/94.citoyens.com\/2025\/a-creteil-la-2e-edition-du-festival-dhistoire-populaire-celebre-la-fete,20-05-2025.html\" target=\"_blank\" rel=\"noreferrer noopener\">Lire l\u2019article d\u00e9taill\u00e9<\/a><\/p>\n<p>Comm\u00e9moration de la d\u00e9portation au Kremlin-Bic\u00eatre<\/p>\n<p>Ce week-end des 24 et 25 mai marque le lancement du programme \u201cDu temps pour la m\u00e9moire\u201d au Kremlin-Bic\u00eatre, \u00e0 l\u2019occasion des 80 ans de la lib\u00e9ration des camps de concentration. La ville rend hommage aux d\u00e9port\u00e9s et aux r\u00e9sistants \u00e0 travers plusieurs \u00e9v\u00e9nements ouverts au public. Samedi 24 mai, une balade guid\u00e9e au cimeti\u00e8re communal (14h-15h15) invite \u00e0 marcher sur les traces des figures locales de la R\u00e9sistance. \u00c0 16h, la m\u00e9diath\u00e8que L\u2019\u00c9cho projettera Adela\u00efde H, un documentaire sur une r\u00e9sistante alsacienne, suivi d\u2019un \u00e9change avec le r\u00e9alisateur Daniel Cling. <a href=\"https:\/\/www.kremlinbicetre.fr\/app\/uploads\/2025\/05\/Programmation_SemaineMemoire2025-VDEF_2.pdf\" target=\"_blank\" rel=\"noreferrer noopener\">Plus d\u2019infos<\/a><\/p>\n<p>Le decolonial film festival continue au Luxy<\/p>\n<p>Le Decolonial film festival entame son deuxi\u00e8me week-end. Au programme ce samedi au luxy : plusieurs projections, notamment sur la place des femmes noires en Allemagne. A 20h, sera diffus\u00e9\u00a0 L\u2019oubli tue deux fois de Pierre Michel Jean, qui revient sur le massage de 20 000 immigr\u00e9s ha\u00eftiens par le dictateur dominicain Rafael Leonidas Trujillo\u00a0en 1937. <a href=\"https:\/\/www.decolonialfilmfest.com\/\" target=\"_blank\" rel=\"noreferrer noopener\">Plus d\u2019infos<\/a>\u00a0\u00a0<\/p>\n<p>Vif, le festival de la photographie de Vincennes f\u00eate ses dix ans avec 50 expos<\/p>\n<p>Festival biennal de photographies, le Vif (Vincennes images festival) f\u00eate d\u00e9j\u00e0 ses dix ans, lanc\u00e9 pour la premi\u00e8re fois en 2015. En t\u00eate d\u2019affiche cette ann\u00e9e\u00a0: Sebasti\u00e3o Salgado, mis \u00e0 l\u2019honneur au ch\u00e2teau de Vincennes, mais aussi la reporter V\u00e9ronique de Viguerie (photo de une). Au total, ce sont 50 expositions gratuites et en plein air qui sont \u00e0 d\u00e9couvrir jusqu\u2019au 16 juin. Le temps fort se tient ce week-end du 23-25 mai, avec conf\u00e9rences, ateliers et rallye d\u00e9couverte. <a href=\"https:\/\/94.citoyens.com\/2025\/vif-le-festival-de-la-photographie-de-vincennes-fete-ses-dix-ans-avec-50-expos,22-05-2025.html\" target=\"_blank\" rel=\"noreferrer noopener\">Lire l\u2019article d\u00e9taill\u00e9<\/a><\/p>\n<p>Conf\u00e9rence autour du fond Willy Ronis \u00e0 la MJC de Nogent-sur-Marne<\/p>\n<p>Dans le cadre de l\u2019exposition Willy Ronis, la banlieue Est sous l\u2019\u0153il du ma\u00eetre, visible depuis octobre au mus\u00e9e intercommunal de Nogent, une conf\u00e9rence se tient ce samedi 24 mai \u00e0 15h \u00e0 la MJC., avec Ronan Guin\u00e9e, charg\u00e9 de la collection Willy Ronis \u00e0 la M\u00e9diath\u00e8que du patrimoine et de la photographie. Rencontre suivie d\u2019une visite comment\u00e9e. <a href=\"https:\/\/ville-nogentsurmarne.com\/nsm_agenda\/willy-ronis-sa-carriere-sa-donation\/\" target=\"_blank\" rel=\"noreferrer noopener\">Plus d\u2019infos<\/a><br \/>Lire aussi : <a href=\"https:\/\/94.citoyens.com\/2024\/exposition-willy-ronis-a-nogent-sur-marne-un-concentre-de-la-photographie-humaniste,12-11-2024.html\" target=\"_blank\" rel=\"noreferrer noopener\">Exposition Willy Ronis \u00e0 Nogent-sur-Marne\u00a0: un concentr\u00e9 de la photographie humaniste<\/a><\/p>\n<p>Samedi 24 mai<\/p>\n<ul>\n<li><strong>Brocante sp\u00e9ciale enfant<\/strong> par le LAPE de Rungis de 9h \u00e0 17h, sur la place Louis XIII. Inscriptions en ligne closes. <a href=\"https:\/\/rungis.fr\/brocante-de-la-lape\" target=\"_blank\" rel=\"noopener\">En savoir plus<\/a><\/li>\n<li><strong>Zone de gratuit\u00e9<\/strong> sp\u00e9ciale jeux-jouets, livres, jardinage et bricolage de 10h \u00e0 18h, Parc Pablo Neruda. <a href=\"https:\/\/www.villejuif.fr\/31-2836\/agenda\/fiche\/zone-de-gratuite-speciale-jeux-jouets-livres-jardinage-et-bricolage.htm\" target=\"_blank\" rel=\"noopener\">En savoir plus<\/a><\/li>\n<li><strong>Vente de livres<\/strong> provenant des m\u00e9diath\u00e8ques \u00e0 Orly. De 10h \u00e0 13h et de 14h \u00e0 17h au Centre Culturel Aragon-Triolet, place Gaston Viens. <a href=\"https:\/\/www.mairie-orly.fr\/agenda\/vente-de-livres-a-un-euro\/\" target=\"_blank\" rel=\"noreferrer noopener\">En savoir plus<\/a><\/li>\n<li><strong>Troc aux plantes<\/strong> \u00e0 l\u2019occasion de la f\u00eate des voisins \u00e0 Fontenay-sous-Bois. De 15h \u00e0 18h au Square Michelet, boulevard de Verdun. <a href=\"https:\/\/www.fontenay.fr\/actualites\/evenements-1309\/fete-des-voisins-6878.html\" target=\"_blank\" rel=\"noreferrer noopener\">En savoir plus<\/a><\/li>\n<\/ul>\n<p>Dimanche 25 mai<\/p>\n<ul>\n<li><strong>Vide-greniers<\/strong> \u00e0 Bonneuil-sur-Marne de 9h \u00e0 17h au niveau du mail Salvador-Allende. Les inscriptions sont ouvertes jusqu\u2019\u00e0 aujourd\u2019hui. <a href=\"https:\/\/www.ville-bonneuil.fr\/104-2161\/agenda-du-moment\/fiche\/vide-grenier-municipal.htm\" target=\"_blank\" rel=\"noreferrer noopener\">En savoir plus<\/a><\/li>\n<li><strong>Vide-greniers<\/strong> chez l\u2019habitant \u00e0 Champigny-sur-Marne. les habitants du Quartier Polangis vous ouvrent leurs jardins. \u00c0 partir de 9h30 au 6 Rue Charles Infroit. <a href=\"https:\/\/94.citoyens.com\/evenement\/vide-greniers-chez-lhabitant-a-champigny-sur-marne\" target=\"_blank\" rel=\"noreferrer noopener\">En savoir plus<\/a><\/li>\n<li><strong>Vide-greniers<\/strong> de l\u2019Ha\u00ff-les-Roses, de 8h30 \u00e0 17h30, rue des Ecoles. Inscriptions closes. <a href=\"https:\/\/www.lhaylesroses.fr\/agenda\/989-vide-greniers-blondeaux\" target=\"_blank\" rel=\"noopener\">En savoir plus<\/a><\/li>\n<li><strong>Brocante<\/strong> du plateau de Saint Maurice, \u00e0 partir de 8h au march\u00e9 \u00c9mile Bertrand. Inscriptions closes. <a href=\"https:\/\/www.ville-saint-maurice.fr\/140-1977\/agenda\/fiche\/brocante-du-plateau.htm\" target=\"_blank\" rel=\"noopener\">En savoir plus<\/a><\/li>\n<li><strong>Vide-grenier <\/strong>\u00e0 Chevilly-Larue de 9h \u00e0 17h30 au Gymnase Dericbourg. Adh\u00e9rent 5\u20ac le m\u00e8tre, non-adh\u00e9rent 7\u20ac le m\u00e8tre, de 2m minimum \u00e0 6m maximum. Inscription et paiement \u00e0 la r\u00e9servation. <a href=\"http:\/\/www.ville-chevilly-larue.fr\/fonctionnalites\/agenda-133\/vide-grenier-6315.html?cHash=1a84f6f110f7bc16f8989325b7f57812\" target=\"_blank\" rel=\"noreferrer noopener\">En savoir plus<\/a><\/li>\n<li><strong>Brocante<\/strong> de Chennevi\u00e8res-sur-Marne \u00a0de 8h \u00e0 18h\u00a0au niveau du parking du centre commercial \u00a0du Belv\u00e9d\u00e8re. <a href=\"https:\/\/www.chennevieres.com\/outils\/agenda\/detail\/actualites\/brocante-de-printemps\/\" target=\"_blank\" rel=\"noreferrer noopener\">En savoir plus<\/a><\/li>\n<\/ul>\n<p>Samedi 24 et Dimanche 25 mai<\/p>\n<ul>\n<li><strong>Vide-greniers du Rotary<\/strong> de Charenton-le-Pont le 24 et 25 mai de 8h \u00e0 17h place Aritstide Birand. Tous les b\u00e9n\u00e9fices sont revers\u00e9s au profit de leurs \u0153uvres sociales. 25 mai test d\u00e9pistage du diab\u00e8te gratuit de 9h30 \u00e0 17h. <a href=\"https:\/\/www.charenton.fr\/actualites\/lire\/?id=308\" target=\"_blank\" rel=\"noopener\">En savoir plus<\/a><\/li>\n<li><strong>Bourse aux v\u00eatements<\/strong> \u00e0 Alfortville par l\u2019association Cr\u00e9a. De de 9h \u00e0 19h le samedi et de 9h30 \u00e0 12h30 dimanche. \u00c0 l\u2019espace culturel le \u00ab\u00a0148\u00a0\u00bb, 148 rue Paul Vaillant Couturier. <a href=\"https:\/\/www.alfortville.fr\/bourse-aux-vetements-crea-10385\" target=\"_blank\" rel=\"noreferrer noopener\">En savoir plus <\/a><\/li>\n<\/ul>\n<p>Ce week-end<\/p>\n<ul>\n<li>Course du Ch\u00e2teau de Vincennes. D\u00e9part \u00e0 9h30, course de 10 km dans le Bois de Vincennes. Inscriptions closes. <a href=\"https:\/\/www.vincennes.fr\/agenda\/course-du-chateau-de-vincennes-0\" target=\"_blank\" rel=\"noopener\">Plus d\u2019infos<\/a><\/li>\n<li>Marche sportive, Place Renon \u00e0 Vincennes, gratuite et sans inscription, \u00e0 partir de 11h. <a href=\"https:\/\/www.vincennes.fr\/agenda\/pause-quartier-1\" target=\"_blank\" rel=\"noopener\">Plus d\u2019infos<\/a><\/li>\n<li>Course de La Maisonnaise \u00e0 Alfortville. \u00c0 9h, d\u00e9part du 10 km, \u00e0 9h30, d\u00e9part du semi-marathon. Inscriptions closes, mais encore en recherche de b\u00e9n\u00e9voles ! <a href=\"https:\/\/maisons-alfort.fr\/course-le-25-mai-tous-a-la-maisonnaise\/\" target=\"_blank\" rel=\"noopener\">Plus d\u2019infos<\/a><\/li>\n<\/ul>\n<p>A r\u00e9server d\u00e8s maintenant<\/p>\n<ul>\n<li>Limeil-Br\u00e9vannes : les inscriptions pour la Course du Bois de la Grange sont ouvertes. L\u2019\u00e9v\u00e8nement se tiendra le 21 septembre prochain, avec des courses de 5 \u00e0 10 km, une marche de 5 km et une course enfant 1,5 km. <a href=\"https:\/\/www.limeil-brevannes.fr\/1e-course-du-Bois-de-la-Grange-Dimanche-29-septembre\" target=\"_blank\" rel=\"noopener\">En savoir plus<\/a><\/li>\n<li>Le Perreux-sur-Marne : les inscriptions \u00e0 44\u00e8me course de la rentr\u00e9e sont ouvertes. L\u2019\u00e9v\u00e8nement se tiendra le dimanche 7 septembre prochain. Course de 5 km \u00e0 9h, 9h45 course de 15 km, et \u00e0 11h parcours d\u00e9couverte de 1 km r\u00e9serv\u00e9 aux personnes porteuses de handicap(s). Courses ouvertes \u00e0 partir de la cat\u00e9gorie minimes (\u00e0 partir de 2012) pour la 5 km et cadets pour la 15 km (\u00e0 partir de 2010). <a href=\"https:\/\/www.leperreux94.fr\/actualite\/inscrivez-vous-la-course-de-la-rentree-2025\" target=\"_blank\" rel=\"noopener\">En savoir plus<\/a><\/li>\n<li><strong>Course Val\u2019Dingo 94<\/strong>\u00a0\u00e0 Cr\u00e9teil, dimanche 15 juin : trois parcours de courses d\u2019obstacles sont\u00a0disponibles\u00a0: 2km, 5 km et 7km. Les deux premiers sont ouverts aux enfants d\u00e8s 8 ans. <a href=\"https:\/\/www.tourisme-valdemarne.com\/agenda-perennes\/jeux-du-val-de-marne-course-valdingo\/\" target=\"_blank\" rel=\"noopener\">En savoir plus<\/a><\/li>\n<\/ul>\n<p class=\"has-text-align-center\">Expositions, courses, brocantes, f\u00eates, th\u00e9\u00e2tre, conf\u00e9rences\u2026 Il est impossible pour notre r\u00e9daction de tenir un agenda exhaustif de tous les \u00e9v\u00e9nements qui se tiennent dans le Val-de-Marne chaque week-end. C\u2019est pourquoi nous proposons un agenda participatif, rempli directement par les organisateurs d\u2019\u00e9v\u00e9nements.<\/p>\n<p><a href=\"https:\/\/94.citoyens.com\/agenda?catevent=,sport,tourisme,theatre,visite-culturelle,nature,monographie,mac-val,festival,exposition,concert,cinema,danse\" target=\"_blank\" rel=\"noreferrer noopener\">Voir l\u2019agenda complet<\/a><\/p>\n<p class=\"has-text-align-center\">Si vous souhaitez ajouter un \u00e9v\u00e9nement, voir le lien ci-dessous (la d\u00e9marche est enti\u00e8rement gratuite)<br \/><a href=\"https:\/\/94.citoyens.com\/a-propos\/contact\/proposition-evenement?no_cache\" target=\"_blank\" rel=\"noreferrer noopener\">Proposer un \u00e9v\u00e9nement<\/a><\/p>\n<p>R\u00e9daction : Erin Barbet, Rapha\u00ebl Job, Tom Chaurand, Elio Froidevaux, Staya Laval et C\u00e9cile Dubois<\/p>\n","protected":false},"excerpt":{"rendered":"Top d\u00e9part pour les Jeux du Val-de-Marne Le festival sportif du Val-de-Marne revient \u00e0 partir de ce week-end&hellip;\n","protected":false},"author":2,"featured_media":123516,"comment_status":"","ping_status":"","sticky":false,"template":"","format":"standard","meta":{"footnotes":""},"categories":[1357],"tags":[4763,24583,12641,5354,24584,1379,14770,14771,24585,12644,251,58,59,14774,1011,27,24586,20410,1380,24587,24588,3436,16483,24589,22194,24590,21683],"class_list":{"0":"post-123515","1":"post","2":"type-post","3":"status-publish","4":"format-standard","5":"has-post-thumbnail","7":"category-livres","8":"tag-agenda","9":"tag-alfortville","10":"tag-arcueil","11":"tag-bois-de-vincennes","12":"tag-bonneuil-sur-marne","13":"tag-books","14":"tag-champigny-sur-marne","15":"tag-charenton-le-pont","16":"tag-chennevieres-sur-marne","17":"tag-chevilly-larue","18":"tag-culture","19":"tag-divertissement","20":"tag-entertainment","21":"tag-est-parisien-2","22":"tag-fr","23":"tag-france","24":"tag-le-perreux-sur-marne","25":"tag-limeil-brevannes","26":"tag-livres","27":"tag-loisirs-et-culture-en-val-de-marne","28":"tag-maisons-alfort","29":"tag-nogent-sur-marne","30":"tag-orly","31":"tag-saint-maur-des-fosses","32":"tag-saint-maurice","33":"tag-villecresnes","34":"tag-vincennes"},"share_on_mastodon":{"url":"https:\/\/pubeurope.com\/@fr\/114560607390428360","error":""},"_links":{"self":[{"href":"https:\/\/www.europesays.com\/fr\/wp-json\/wp\/v2\/posts\/123515","targetHints":{"allow":["GET"]}}],"collection":[{"href":"https:\/\/www.europesays.com\/fr\/wp-json\/wp\/v2\/posts"}],"about":[{"href":"https:\/\/www.europesays.com\/fr\/wp-json\/wp\/v2\/types\/post"}],"author":[{"embeddable":true,"href":"https:\/\/www.europesays.com\/fr\/wp-json\/wp\/v2\/users\/2"}],"replies":[{"embeddable":true,"href":"https:\/\/www.europesays.com\/fr\/wp-json\/wp\/v2\/comments?post=123515"}],"version-history":[{"count":0,"href":"https:\/\/www.europesays.com\/fr\/wp-json\/wp\/v2\/posts\/123515\/revisions"}],"wp:featuredmedia":[{"embeddable":true,"href":"https:\/\/www.europesays.com\/fr\/wp-json\/wp\/v2\/media\/123516"}],"wp:attachment":[{"href":"https:\/\/www.europesays.com\/fr\/wp-json\/wp\/v2\/media?parent=123515"}],"wp:term":[{"taxonomy":"category","embeddable":true,"href":"https:\/\/www.europesays.com\/fr\/wp-json\/wp\/v2\/categories?post=123515"},{"taxonomy":"post_tag","embeddable":true,"href":"https:\/\/www.europesays.com\/fr\/wp-json\/wp\/v2\/tags?post=123515"}],"curies":[{"name":"wp","href":"https:\/\/api.w.org\/{rel}","templated":true}]}}