{"id":123524,"date":"2025-05-24T03:14:09","date_gmt":"2025-05-24T03:14:09","guid":{"rendered":"https:\/\/www.europesays.com\/fr\/123524\/"},"modified":"2025-05-24T03:14:09","modified_gmt":"2025-05-24T03:14:09","slug":"ce-que-preparent-sam-altman-et-jony-ive-en-secret-pourrait-redefinir-notre-rapport-a-la-technologie","status":"publish","type":"post","link":"https:\/\/www.europesays.com\/fr\/123524\/","title":{"rendered":"Ce que pr\u00e9parent Sam Altman et Jony Ive en secret pourrait red\u00e9finir notre rapport \u00e0 la technologie"},"content":{"rendered":"<p>Quelque chose se pr\u00e9pare chez OpenAI, un nouvel appareil qui pourrait cr\u00e9er une petite r\u00e9volution, \u00e0 l\u2019instar de l\u2019arriv\u00e9e des smartphones. Ou alors faire un gros flop. Car il s\u2019agit d\u2019un projet top secret, annonc\u00e9 au monde sans expliquer de quoi il s\u2019agit.<\/p>\n<p>\u00c0 entendre les descriptions, il serait ais\u00e9 de penser que le nouvel appareil annonc\u00e9 par OpenAI est une variante de <a href=\"https:\/\/www.futura-sciences.com\/tech\/actualites\/intelligence-artificielle-ai-pin-officiellement-lance-badge-intelligent-humane-va-t-il-remplacer-nos-smartphones-104888\/\" title=\"L\u2019AI Pin est officiellement lanc\u00e9 : le badge intelligent de Humane va-t-il remplacer nos smartphones ?\" target=\"_blank\" rel=\"noopener\">l\u2019AI Pin<\/a> de Humane, ce badge boost\u00e9 \u00e0 l&rsquo;IA, capable de projeter une image dans la paume de la main. Mais celui-ci a \u00e9t\u00e9 un \u00e9chec monumental\u00a0et d\u00e9crit m\u00eame comme \u00ab\u00a0<a href=\"https:\/\/www.futura-sciences.com\/tech\/breves\/technologie-pire-produit-jai-jamais-teste-cet-appareil-revolutionnaire-devenu-desastre-quelques-mois-10436\/\" title=\"\u00ab Le\u00a0pire produit que j&#039;ai jamais test\u00e9\u00a0\u00bb : comment cet appareil \u00ab\u00a0r\u00e9volutionnaire\u00a0\u00bb est devenu un d\u00e9sastre en quelques mois\" target=\"_blank\" rel=\"noopener\">le pire produit que j\u2019ai jamais test\u00e9\u00a0<\/a>\u00bb par Marques Brownlee !<\/p>\n<p>Ce nouveau gadget est en r\u00e9alit\u00e9 un appareil con\u00e7u par Jony Ive, ancien designer chez <a href=\"https:\/\/www.futura-sciences.com\/tech\/definitions\/apple-apple-18888\/\" class=\"typographies__SpanLink-sc-9uspqk-3 fYCimA\" universe=\"tech\" target=\"_blank\" rel=\"noopener\">Apple<\/a>Apple (le p\u00e8re de l&rsquo;iMac, l&rsquo;iPod, l&rsquo;iPhone), et <a href=\"https:\/\/www.futura-sciences.com\/tech\/personnalites\/intelligence-artificielle-sam-altman-2241\/\" class=\"typographies__SpanLink-sc-9uspqk-3 fYCimA\" universe=\"tech\" target=\"_blank\" rel=\"noopener\">Sam Altman<\/a>Sam Altman, le P.-D.G. d&rsquo;OpenAI. OpenAI vient d&rsquo;annoncer le rachat de l&rsquo;entreprise de Jony Ive, nomm\u00e9 \u00ab io \u00bb, pour 6,5\u202fmilliards de dollars. Mais de quoi parle-t-on au juste\u00a0? C&rsquo;est bien l\u00e0 le probl\u00e8me, il s&rsquo;agit d&rsquo;un projet top secret. Pour l&rsquo;instant, nous ne disposons que de quelques allusions.<\/p>\n<\/p>\n<p class=\"fs-legende\">Vid\u00e9o de pr\u00e9sentation de l\u2019entreprise io, rachet\u00e9e par OpenAI. (En anglais, activez la traduction automatique des sous-titres.) \u00a9 OpenAI<\/p>\n<p>Un lancement fin 2026 ou en 2027\u00a0?<\/p>\n<p>Il s&rsquo;agit d&rsquo;un appareil sans \u00e9cran et l&rsquo;intelligence artificielle y jouera un r\u00f4le central. L&rsquo;ambition est d&rsquo;aider les utilisateurs \u00e0 se passer d&rsquo;\u00e9crans. Ce serait un troisi\u00e8me dispositif incontournable que l&rsquo;on pose sur un bureau apr\u00e8s un MacBook Pro et un iPhone, selon le <a href=\"https:\/\/www.wsj.com\/tech\/ai\/what-sam-altman-told-openai-about-the-secret-device-hes-making-with-jony-ive-f1384005\" title=\"What Sam Altman Told OpenAI About the Secret Device He\u2019s Making With Jony Ive\" target=\"_blank\" rel=\"noopener\">Wall Street Journal<\/a>, et il pourra tenir dans la poche. L&rsquo;analyste <a href=\"https:\/\/xcancel.com\/mingchikuo\/status\/1925543472993321066\" target=\"_blank\" rel=\"noopener\">Ming-Chi Kuo<\/a> donne quelques d\u00e9tails suppl\u00e9mentaires. Il serait l\u00e9g\u00e8rement plus grand que l&rsquo;AI Pin, et pourra \u00eatre port\u00e9 autour du cou. Il serait dot\u00e9 de cam\u00e9ras et de microphones\u00a0et pourra se connecter aux <a href=\"https:\/\/www.futura-sciences.com\/tech\/comparatifs\/meilleurs-smartphones-comparatif\/\" title=\"Comparatif smartphone\" class=\"link-type-comparo\" target=\"_blank\" rel=\"noopener\">smartphones<\/a> et aux ordinateurs pour utiliser leur puissance de calcul et leur \u00e9cran. Selon Ming-Chi Kuo, la production de <a href=\"https:\/\/www.futura-sciences.com\/sciences\/definitions\/physique-masse-15213\/\" class=\"typographies__SpanLink-sc-9uspqk-3 fYCimA\" universe=\"tech\" target=\"_blank\" rel=\"noopener\">masse<\/a>masse devrait d\u00e9buter en 2027, mais selon le Wall Street Journal, Altman compterait sortir l&rsquo;appareil \u00e0 la fin de l&rsquo;ann\u00e9e prochaine. Et son but est de vendre 100 millions d&rsquo;appareils plus rapidement qu&rsquo;aucun autre nouveau produit auparavant.<\/p>\n<p>Apr\u00e8s le flop monumental de l&rsquo;AI Pin, il est peu probable que cet appareil myst\u00e9rieux sera une simple variante. Peut-\u00eatre que Sam Altman et Jony Ive comptent lancer une nouvelle \u00e8re, o\u00f9 nos appareils enregistrent l&rsquo;int\u00e9gralit\u00e9 de notre vie, et l&rsquo;IA fait le tri pour garder les points forts de la journ\u00e9e sous forme de r\u00e9sum\u00e9 texte, photos, clips audio et vid\u00e9o. Ce serait alors une v\u00e9ritable m\u00e9moire photographique pour tous, un peu comme la nouvelle fonction <a href=\"https:\/\/www.futura-sciences.com\/tech\/actualites\/technologie-cette-fonction-nouveaux-ordinateurs-copilot-pc-inquiete-car-elle-pourrait-servir-mouchard-113598\/\" title=\"Cette fonction des nouveaux ordinateurs Copilot+ PC inqui\u00e8te car elle pourrait servir de mouchard !\" target=\"_blank\" rel=\"noopener\">Recall<\/a> de Windows 11, mais dans le monde <a href=\"https:\/\/www.futura-sciences.com\/sciences\/definitions\/physique-physique-15839\/\" class=\"typographies__SpanLink-sc-9uspqk-3 fYCimA\" universe=\"tech\" target=\"_blank\" rel=\"noopener\">physique<\/a>physique. Ou peut-\u00eatre que ce sera compl\u00e8tement autre chose. Dans tous les cas, il leur faudra une fonctionnalit\u00e9 phare pour \u00e9viter le m\u00eame destin que Humane&#8230;<\/p>\n","protected":false},"excerpt":{"rendered":"Quelque chose se pr\u00e9pare chez OpenAI, un nouvel appareil qui pourrait cr\u00e9er une petite r\u00e9volution, \u00e0 l\u2019instar de&hellip;\n","protected":false},"author":2,"featured_media":123525,"comment_status":"","ping_status":"","sticky":false,"template":"","format":"standard","meta":{"footnotes":""},"categories":[7],"tags":[141,24591,1011,27,223,143,43,40,41,39,717,42,44],"class_list":{"0":"post-123524","1":"post","2":"type-post","3":"status-publish","4":"format-standard","5":"has-post-thumbnail","7":"category-sciences-et-technologies","8":"tag-chatgpt","9":"tag-deep-learning","10":"tag-fr","11":"tag-france","12":"tag-intelligence-artificielle","13":"tag-openai","14":"tag-science","15":"tag-science-and-technology","16":"tag-sciences","17":"tag-sciences-et-technologies","18":"tag-technologie","19":"tag-technologies","20":"tag-technology"},"share_on_mastodon":{"url":"https:\/\/pubeurope.com\/@fr\/114560634982196140","error":""},"_links":{"self":[{"href":"https:\/\/www.europesays.com\/fr\/wp-json\/wp\/v2\/posts\/123524","targetHints":{"allow":["GET"]}}],"collection":[{"href":"https:\/\/www.europesays.com\/fr\/wp-json\/wp\/v2\/posts"}],"about":[{"href":"https:\/\/www.europesays.com\/fr\/wp-json\/wp\/v2\/types\/post"}],"author":[{"embeddable":true,"href":"https:\/\/www.europesays.com\/fr\/wp-json\/wp\/v2\/users\/2"}],"replies":[{"embeddable":true,"href":"https:\/\/www.europesays.com\/fr\/wp-json\/wp\/v2\/comments?post=123524"}],"version-history":[{"count":0,"href":"https:\/\/www.europesays.com\/fr\/wp-json\/wp\/v2\/posts\/123524\/revisions"}],"wp:featuredmedia":[{"embeddable":true,"href":"https:\/\/www.europesays.com\/fr\/wp-json\/wp\/v2\/media\/123525"}],"wp:attachment":[{"href":"https:\/\/www.europesays.com\/fr\/wp-json\/wp\/v2\/media?parent=123524"}],"wp:term":[{"taxonomy":"category","embeddable":true,"href":"https:\/\/www.europesays.com\/fr\/wp-json\/wp\/v2\/categories?post=123524"},{"taxonomy":"post_tag","embeddable":true,"href":"https:\/\/www.europesays.com\/fr\/wp-json\/wp\/v2\/tags?post=123524"}],"curies":[{"name":"wp","href":"https:\/\/api.w.org\/{rel}","templated":true}]}}