{"id":123532,"date":"2025-05-24T03:18:15","date_gmt":"2025-05-24T03:18:15","guid":{"rendered":"https:\/\/www.europesays.com\/fr\/123532\/"},"modified":"2025-05-24T03:18:15","modified_gmt":"2025-05-24T03:18:15","slug":"mort-du-photographe-sebastiao-salgado-toute-la-splendeur-et-la-misere-du-monde-liberation","status":"publish","type":"post","link":"https:\/\/www.europesays.com\/fr\/123532\/","title":{"rendered":"Mort du photographe Sebasti\u00e3o Salgado, toute la splendeur et la mis\u00e8re du monde \u2013 Lib\u00e9ration"},"content":{"rendered":"<p class=\"sc-ksZaOG ehjQrN text-element\">La photographie a beau ne pas \u00eatre en soi une comp\u00e9tition, Sebasti\u00e3o Salgado pouvait se pr\u00e9valoir d\u2019un titre : d\u00e9clin\u00e9 sur tous les continents en une multitude d\u2019expositions, <a href=\"https:\/\/www.liberation.fr\/photographie\/2013\/10\/08\/les-voyages-forment-sa-genese_937967\/\" target=\"_blank\" rel=\"nofollow noopener\">son projet \u00abGenesis\u00bb<\/a> est probablement \u00e0 ce jour celui qui a \u00e9t\u00e9 le plus visit\u00e9 au monde, devan\u00e7ant, comme ne manquait pas de le rappeler Polka, son galeriste parisien, le non moins illustre \u00abFamily of Man\u00bb d\u2019<a href=\"https:\/\/www.liberation.fr\/culture\/2007\/10\/26\/tres-cher-steichen_104732\/\" target=\"_blank\" rel=\"nofollow noopener\">Edward Steichen<\/a>, grand-\u0153uvre collectif n\u00e9 en 1955 au MoMA de New York, qui, dans le cadre d\u2019une tourn\u00e9e internationale \u00e9tal\u00e9e sur sept ans avait attir\u00e9 plus de dix millions de personnes.<\/p>\n<p class=\"sc-ksZaOG ehjQrN text-element\">Mais autant le photographe am\u00e9ricain orchestrait un kal\u00e9idoscope th\u00e9matis\u00e9 et contemporain de l\u2018humanit\u00e9, autant Salgado, lui, signait en nom propre une symphonie en noir et blanc, c\u00e9l\u00e9brant \u2013 aux antipodes de l\u2018Occident citadin \u2013 la nature. Insoumise et r\u00e9siliente. Enigmatique et envo\u00fbtante. Souveraine et, vaille que vaille, immarcescible. \u00abA l\u2018heure o\u00f9 la plan\u00e8te est en danger, j\u2019ai d\u00e9cid\u00e9 de photographier tout ce qui existe depuis la nuit des temps et qui nous est parvenu intact\u00bb, clamait la note d\u2019intention.<\/p>\n<p class=\"sc-ksZaOG ehjQrN text-element\">\u00abGenesis\u00bb est ainsi une \u0153uvre hors norme dont l\u2018histoire a couru de 2004 \u00e0 2012, \u00e0 raison d\u2019une moyenne de quatre s\u00e9jours par an dans une trentaine de pays au total. \u00abUne communion\u00bb<\/p>\n","protected":false},"excerpt":{"rendered":"La photographie a beau ne pas \u00eatre en soi une comp\u00e9tition, Sebasti\u00e3o Salgado pouvait se pr\u00e9valoir d\u2019un titre&hellip;\n","protected":false},"author":2,"featured_media":123533,"comment_status":"","ping_status":"","sticky":false,"template":"","format":"standard","meta":{"footnotes":""},"categories":[2],"tags":[11,2548,1011,27,12],"class_list":{"0":"post-123532","1":"post","2":"type-post","3":"status-publish","4":"format-standard","5":"has-post-thumbnail","7":"category-actualites","8":"tag-actualites","9":"tag-bresil","10":"tag-fr","11":"tag-france","12":"tag-news"},"share_on_mastodon":{"url":"https:\/\/pubeurope.com\/@fr\/114560650696878890","error":""},"_links":{"self":[{"href":"https:\/\/www.europesays.com\/fr\/wp-json\/wp\/v2\/posts\/123532","targetHints":{"allow":["GET"]}}],"collection":[{"href":"https:\/\/www.europesays.com\/fr\/wp-json\/wp\/v2\/posts"}],"about":[{"href":"https:\/\/www.europesays.com\/fr\/wp-json\/wp\/v2\/types\/post"}],"author":[{"embeddable":true,"href":"https:\/\/www.europesays.com\/fr\/wp-json\/wp\/v2\/users\/2"}],"replies":[{"embeddable":true,"href":"https:\/\/www.europesays.com\/fr\/wp-json\/wp\/v2\/comments?post=123532"}],"version-history":[{"count":0,"href":"https:\/\/www.europesays.com\/fr\/wp-json\/wp\/v2\/posts\/123532\/revisions"}],"wp:featuredmedia":[{"embeddable":true,"href":"https:\/\/www.europesays.com\/fr\/wp-json\/wp\/v2\/media\/123533"}],"wp:attachment":[{"href":"https:\/\/www.europesays.com\/fr\/wp-json\/wp\/v2\/media?parent=123532"}],"wp:term":[{"taxonomy":"category","embeddable":true,"href":"https:\/\/www.europesays.com\/fr\/wp-json\/wp\/v2\/categories?post=123532"},{"taxonomy":"post_tag","embeddable":true,"href":"https:\/\/www.europesays.com\/fr\/wp-json\/wp\/v2\/tags?post=123532"}],"curies":[{"name":"wp","href":"https:\/\/api.w.org\/{rel}","templated":true}]}}