{"id":123534,"date":"2025-05-24T03:19:41","date_gmt":"2025-05-24T03:19:41","guid":{"rendered":"https:\/\/www.europesays.com\/fr\/123534\/"},"modified":"2025-05-24T03:19:41","modified_gmt":"2025-05-24T03:19:41","slug":"propagande-extremiste-villars-face-a-une-vague-dautocollants-haineux","status":"publish","type":"post","link":"https:\/\/www.europesays.com\/fr\/123534\/","title":{"rendered":"PROPAGANDE EXTR\u00c9MISTE : VILLARS FACE \u00c0 UNE VAGUE D&rsquo;AUTOCOLLANTS HAINEUX"},"content":{"rendered":"<p>                <a href=\"https:\/\/42info.fr\/gagnez-vos-airpods-pro\/\" target=\"_blank\" aria-label=\"Gagnez Airpod\" rel=\"nofollow noopener\"><img loading=\"lazy\" decoding=\"async\" src=\"https:\/\/www.europesays.com\/fr\/wp-content\/uploads\/2025\/05\/Gagnez-Airpod-scaled.jpg\" alt=\"\"   width=\"2560\" height=\"960\"\/><\/a><\/p>\n<p>Cette situation, d\u00e9j\u00e0 constat\u00e9e dans d\u2019autres villes fran\u00e7aises comme Reims et Orl\u00e9ans, suscite l\u2019indignation des habitants et pose question sur la mont\u00e9e de ces messages dans l\u2019espace public.<\/p>\n<p>Une pr\u00e9sence massive dans les quartiers nord<\/p>\n<p>C\u2019est principalement dans les quartiers hauts de Villars que ces autocollants ont \u00e9t\u00e9 rep\u00e9r\u00e9s. Pr\u00e9sents sur de nombreux panneaux de signalisation, ces stickers se r\u00e9partissent en deux cat\u00e9gories distinctes : d\u2019une part, des visuels li\u00e9s aux groupes de supporters de l\u2019AS Saint-\u00c9tienne (principalement les Magic Fans et quelques Green Angels), et d\u2019autre part, des symboles clairement associ\u00e9s \u00e0 l\u2019extr\u00eame droite radicale.<\/p>\n<p>Des r\u00e9f\u00e9rences explicites \u00e0 l\u2019id\u00e9ologie n\u00e9onazie<\/p>\n<p>Parmi les messages affich\u00e9s figurent des symboles particuli\u00e8rement pr\u00e9occupants : le slogan \u00ab\u00a0White Pride\u00a0\u00bb utilis\u00e9 par des organisations s\u00e9paratistes, le logo de \u00ab\u00a0Zone Nationale\u00a0\u00bb accompagn\u00e9 d\u2019une croix celtique, des visuels du Groupe Union D\u00e9fense (GUD), ainsi que des r\u00e9f\u00e9rences \u00e0 \u00ab\u00a0D\u00e9fense Europe\u00a0\u00bb et \u00ab\u00a0Europe Jeunesse R\u00e9volution\u00a0\u00bb, des mouvements d\u2019inspiration n\u00e9ofasciste.<\/p>\n<p>Le parc municipal \u00e9galement touch\u00e9<\/p>\n<p>Plus alarmant encore, le parc r\u00e9cemment r\u00e9habilit\u00e9 de Villars n\u2019a pas \u00e9t\u00e9 \u00e9pargn\u00e9 par ce ph\u00e9nom\u00e8ne. Des autocollants similaires ont \u00e9t\u00e9 retrouv\u00e9s sur les mobiliers urbains \u00e0 proximit\u00e9 des aires de jeux fr\u00e9quent\u00e9es par les enfants. \u00ab\u00a0J\u2019ai pu en arracher un certain nombre qui semblaient avoir \u00e9t\u00e9 pos\u00e9s r\u00e9cemment,\u00a0\u00bb indique notre source.<\/p>\n<p>Un ph\u00e9nom\u00e8ne qui s\u2019\u00e9tend au niveau national<\/p>\n<p>La mairie de Villars n\u2019a pas encore communiqu\u00e9 officiellement sur ce sujet, mais la question de l\u2019ouverture d\u2019une enqu\u00eate pour identifier les responsables de ces affichages ill\u00e9gaux pourrait se poser, certains messages relevant potentiellement de l\u2019incitation \u00e0 la haine raciale, d\u00e9lit puni par la loi. Pour l\u2019heure, des habitants prennent l\u2019initiative de retirer ces autocollants, mais leur nombre et leur renouvellement constant rendent la t\u00e2che difficile sans une intervention coordonn\u00e9e des services municipaux.<\/p>\n","protected":false},"excerpt":{"rendered":"Cette situation, d\u00e9j\u00e0 constat\u00e9e dans d\u2019autres villes fran\u00e7aises comme Reims et Orl\u00e9ans, suscite l\u2019indignation des habitants et pose&hellip;\n","protected":false},"author":2,"featured_media":123535,"comment_status":"","ping_status":"","sticky":false,"template":"","format":"standard","meta":{"footnotes":""},"categories":[9653],"tags":[1111,11,2430,1777,674,1011,27,3367,12,25,4001,10246],"class_list":{"0":"post-123534","1":"post","2":"type-post","3":"status-publish","4":"format-standard","5":"has-post-thumbnail","7":"category-saint-etienne","8":"tag-actu","9":"tag-actualites","10":"tag-auvergne-rhone-alpes","11":"tag-eu","12":"tag-europe","13":"tag-fr","14":"tag-france","15":"tag-loire","16":"tag-news","17":"tag-republique-francaise","18":"tag-saint-etienne","19":"tag-villars"},"share_on_mastodon":{"url":"https:\/\/pubeurope.com\/@fr\/114560654565806078","error":""},"_links":{"self":[{"href":"https:\/\/www.europesays.com\/fr\/wp-json\/wp\/v2\/posts\/123534","targetHints":{"allow":["GET"]}}],"collection":[{"href":"https:\/\/www.europesays.com\/fr\/wp-json\/wp\/v2\/posts"}],"about":[{"href":"https:\/\/www.europesays.com\/fr\/wp-json\/wp\/v2\/types\/post"}],"author":[{"embeddable":true,"href":"https:\/\/www.europesays.com\/fr\/wp-json\/wp\/v2\/users\/2"}],"replies":[{"embeddable":true,"href":"https:\/\/www.europesays.com\/fr\/wp-json\/wp\/v2\/comments?post=123534"}],"version-history":[{"count":0,"href":"https:\/\/www.europesays.com\/fr\/wp-json\/wp\/v2\/posts\/123534\/revisions"}],"wp:featuredmedia":[{"embeddable":true,"href":"https:\/\/www.europesays.com\/fr\/wp-json\/wp\/v2\/media\/123535"}],"wp:attachment":[{"href":"https:\/\/www.europesays.com\/fr\/wp-json\/wp\/v2\/media?parent=123534"}],"wp:term":[{"taxonomy":"category","embeddable":true,"href":"https:\/\/www.europesays.com\/fr\/wp-json\/wp\/v2\/categories?post=123534"},{"taxonomy":"post_tag","embeddable":true,"href":"https:\/\/www.europesays.com\/fr\/wp-json\/wp\/v2\/tags?post=123534"}],"curies":[{"name":"wp","href":"https:\/\/api.w.org\/{rel}","templated":true}]}}