{"id":12354,"date":"2025-04-09T10:14:07","date_gmt":"2025-04-09T10:14:07","guid":{"rendered":"https:\/\/www.europesays.com\/fr\/12354\/"},"modified":"2025-04-09T10:14:07","modified_gmt":"2025-04-09T10:14:07","slug":"pourquoi-des-avions-ont-decolle-en-pleine-nuit-la-raison-etonnante","status":"publish","type":"post","link":"https:\/\/www.europesays.com\/fr\/12354\/","title":{"rendered":"pourquoi des avions ont d\u00e9coll\u00e9 en pleine nuit ? La raison \u00e9tonnante"},"content":{"rendered":"<p>            Par<br \/>\n        <strong><br \/>\n            <a href=\"https:\/\/actu.fr\/auteur\/manon-reinhardt\" title=\"Consulter tous les articles de Manon Reinhardt\" target=\"_blank\" rel=\"noopener\">Manon Reinhardt<\/a><br \/>\n        <\/strong><\/p>\n<p>        Publi\u00e9 le<\/p>\n<p>            9 avr. 2025 \u00e0 6h04        <\/p>\n<p>\u00ab\u2009Quelqu\u2019un sait ce qu\u2019il s\u2019est pass\u00e9 cette nuit \u00e0 l\u2019a\u00e9roport\u2009?\u2009\u00bb Sur le groupe Facebook \u00ab\u2009Vivre \u00e0 Nice Ouest\u2009\u00bb, certains riverains semblent avoir \u00e9t\u00e9 d\u00e9rang\u00e9s par une activit\u00e9 inhabituelle \u00e0 l\u2019a\u00e9roport de <a href=\"https:\/\/actu.fr\/provence-alpes-cote-d-azur\/nice_06088\" target=\"_blank\" rel=\"noopener\">Nice<\/a> (<a href=\"https:\/\/actu.fr\/provence-alpes-cote-d-azur\/alpes-maritimes_06\" target=\"_blank\" rel=\"noopener\">Alpes-Maritimes<\/a>) dans la nuit de dimanche \u00e0 lundi.<\/p>\n<p class=\" wall-content\">Deux avions de la compagnie TunisAir ont en effet d\u00e9coll\u00e9 <strong>\u00e0 2\u2009h\u200908 et 2\u2009h\u200923 du matin<\/strong>.<\/p>\n<p class=\" wall-content\">On vous explique pourquoi.<\/p>\n<p>Deux vols vers la Tunisie d\u00e9collent \u00e0 2\u2009h du matin<\/p>\n<p class=\" wall-content\">Ce lundi 7\u00a0avril 2025, deux appareils A320 ont d\u00e9coll\u00e9 de l\u2019a\u00e9roport de Nice en pleine nuit. Le vol TU683 vers Djerba a quitt\u00e9 le tarmac <strong>\u00e0 2\u2009h\u200923<\/strong>, le vol TU2251 vers Monastir<strong> \u00e0 2\u2009h\u200908<\/strong>, confirment les donn\u00e9es de Flight Radar. Tous les deux de la compagnie TunisAir.<\/p>\n<p class=\" wall-content\">Ce qui n\u2019a pas \u00e9chapp\u00e9 \u00e0 certains riverains qui ont, semble-t-il, \u00e9t\u00e9 d\u00e9rang\u00e9s par le raffut anormal. La deuxi\u00e8me plateforme a\u00e9roportuaire de France s\u2019est pourtant engag\u00e9e \u00ab\u2009\u00e0 ne pas favoriser la programmation de vols commerciaux entre 23\u2009h\u200930 et 6\u2009h du matin\u2009\u00bb, <a href=\"https:\/\/societe.nice.aeroport.fr\/content\/download\/39712\/file\/4e-charte-Bonne-Conduite-Aeroport-Nice.pdf?inLanguage=fre-FR\" target=\"_blank\" rel=\"noopener\">selon sa charte de bonne conduite<\/a> disponible en ligne.<\/p>\n<p>Vid\u00e9os : en ce moment sur Actu<\/p>\n<p class=\" wall-content\">Alors, que s\u2019est-il pass\u00e9\u2009? Nous avons cherch\u00e9 \u00e0 comprendre.<\/p>\n<p>\u00c0 cause des r\u00e9gulations a\u00e9riennes<\/p>\n<p class=\" wall-content\">Sollicit\u00e9 par actu Nice, le porte-parole de l\u2019a\u00e9roport nous indique que les deux vols ont pris du retard \u00e0 cause de \u00ab\u2009r\u00e9gulations\u2009\u00bb. Ces derni\u00e8res sont impos\u00e9es par le trafic a\u00e9rien et peuvent parfois entra\u00eener <strong>plusieurs heures de retard,<\/strong> aux arriv\u00e9es comme aux d\u00e9parts.<\/p>\n<p>C&rsquo;est quoi ces r\u00e9gulations ?<\/p>\n<p>Les r\u00e9gulations a\u00e9riennes sont effectu\u00e9es par les services de la navigation a\u00e9rienne et les tours de contr\u00f4le. Cette gestion des flux vise \u00e0 \u00ab\u00a0\u00e9viter la saturation des a\u00e9roports et des secteurs de contr\u00f4les\u00a0\u00bb, explique le site du minist\u00e8re de la Transition \u00e9cologique.<\/p>\n<p>\u00ab\u00a0Pour cela le trafic est r\u00e9gul\u00e9, c&rsquo;est-\u00e0-dire que les vols doivent \u00eatre annonc\u00e9s \u00e0 l&rsquo;avance et que leur heure de d\u00e9collage est fix\u00e9e par un organisme de r\u00e9gulation. Cette op\u00e9ration a pour effet de retarder certains d\u00e9collages, mais diminue le risque d&rsquo;attente en vol et donc am\u00e9liore globalement la ponctualit\u00e9.\u00a0\u00bb<\/p>\n<p class=\" wall-content\">Dans ce cas-l\u00e0, des <strong>d\u00e9cisions exceptionnelles<\/strong> sont prises afin d\u2019autoriser des d\u00e9parts plus tardifs et ainsi, \u00e9viter de p\u00e9naliser les voyageurs. D\u2019autant que cela pourrait avoir des cons\u00e9quences importantes pour d\u2019autres, en supposant que l\u2019avion ne puisse pas effectuer le trajet inverse le lendemain, comme c\u2019est le cas souvent.<\/p>\n<p class=\" wall-content\">Le porte-parole assure \u00e9galement \u00e0 actu Nice que ces perturbations sont totalement ind\u00e9pendantes de la volont\u00e9 de l\u2019a\u00e9roport et de celles des compagnies a\u00e9riennes.<\/p>\n<p class=\" wall-content\">Suivez toute l\u2019actualit\u00e9 de vos villes et m\u00e9dias favoris en vous inscrivant \u00e0 <a href=\"https:\/\/moncompte.actu.fr\" title=\"D\u00e9couvez Mon Actu\" rel=\"nofollow noopener\" data-trk=\"{&quot;cta&quot;:{&quot;action&quot;:&quot;https:\\\/\\\/moncompte.actu.fr&quot;,&quot;category&quot;:&quot;mon compte&quot;,&quot;from&quot;:&quot;article footer&quot;,&quot;name&quot;:&quot;Mon actu&quot;,&quot;type&quot;:&quot;cta&quot;}}\" target=\"_blank\">Mon Actu<\/a>.<\/p>\n","protected":false},"excerpt":{"rendered":"Par Manon Reinhardt Publi\u00e9 le 9 avr. 2025 \u00e0 6h04 \u00ab\u2009Quelqu\u2019un sait ce qu\u2019il s\u2019est pass\u00e9 cette nuit&hellip;\n","protected":false},"author":2,"featured_media":12355,"comment_status":"","ping_status":"","sticky":false,"template":"","format":"standard","meta":{"footnotes":""},"categories":[2819],"tags":[1111,11,1777,674,1011,27,12,2401,2897,882,25,104],"class_list":{"0":"post-12354","1":"post","2":"type-post","3":"status-publish","4":"format-standard","5":"has-post-thumbnail","7":"category-nice","8":"tag-actu","9":"tag-actualites","10":"tag-eu","11":"tag-europe","12":"tag-fr","13":"tag-france","14":"tag-news","15":"tag-nice","16":"tag-nice-cote-dazur","17":"tag-provence-alpes-cote-dazur","18":"tag-republique-francaise","19":"tag-societe"},"share_on_mastodon":{"url":"https:\/\/pubeurope.com\/@fr\/114307482477716656","error":""},"_links":{"self":[{"href":"https:\/\/www.europesays.com\/fr\/wp-json\/wp\/v2\/posts\/12354","targetHints":{"allow":["GET"]}}],"collection":[{"href":"https:\/\/www.europesays.com\/fr\/wp-json\/wp\/v2\/posts"}],"about":[{"href":"https:\/\/www.europesays.com\/fr\/wp-json\/wp\/v2\/types\/post"}],"author":[{"embeddable":true,"href":"https:\/\/www.europesays.com\/fr\/wp-json\/wp\/v2\/users\/2"}],"replies":[{"embeddable":true,"href":"https:\/\/www.europesays.com\/fr\/wp-json\/wp\/v2\/comments?post=12354"}],"version-history":[{"count":0,"href":"https:\/\/www.europesays.com\/fr\/wp-json\/wp\/v2\/posts\/12354\/revisions"}],"wp:featuredmedia":[{"embeddable":true,"href":"https:\/\/www.europesays.com\/fr\/wp-json\/wp\/v2\/media\/12355"}],"wp:attachment":[{"href":"https:\/\/www.europesays.com\/fr\/wp-json\/wp\/v2\/media?parent=12354"}],"wp:term":[{"taxonomy":"category","embeddable":true,"href":"https:\/\/www.europesays.com\/fr\/wp-json\/wp\/v2\/categories?post=12354"},{"taxonomy":"post_tag","embeddable":true,"href":"https:\/\/www.europesays.com\/fr\/wp-json\/wp\/v2\/tags?post=12354"}],"curies":[{"name":"wp","href":"https:\/\/api.w.org\/{rel}","templated":true}]}}