{"id":123563,"date":"2025-05-24T03:38:11","date_gmt":"2025-05-24T03:38:11","guid":{"rendered":"https:\/\/www.europesays.com\/fr\/123563\/"},"modified":"2025-05-24T03:38:11","modified_gmt":"2025-05-24T03:38:11","slug":"gagnez-vos-places-pour-le-match-des-legendes-du-fc-nantes","status":"publish","type":"post","link":"https:\/\/www.europesays.com\/fr\/123563\/","title":{"rendered":"Gagnez vos places pour le Match des L\u00e9gendes du FC Nantes !"},"content":{"rendered":"\n<p style=\"text-align: justify;\"><strong>Alouette, la radio partenaire du <a href=\"https:\/\/billetterie.fcnantes.com\/fr\/match-des-legendes?_token=3fe94a002317b5f9259f82690aeea4cd\" rel=\"noopener nofollow\" target=\"_blank\">Match des L\u00e9gendes du FC Nantes<\/a> !<\/strong><\/p>\n<p style=\"text-align: justify;\">\u00a0<\/p>\n<p><strong>Mardi 3 juin \u00e0 20h, au stade de La Beaujoire<\/strong>, les anciennes gloires du club, <strong>Marcel Desailly, Patrice Loko<\/strong>, sous la houlette de <strong>Coco Suaudeau<\/strong>,\u00a0affrontent d\u2019anciens joueurs internationaux et personnalit\u00e9s m\u00e9diatiques : <strong>Teddy Riner, Matt Pokora, Robert Pir\u00e8s, ou encore Paul Mirabel<\/strong> ! Un \u00e9v\u00e9nement hors du commun au profit du Secours Populaire.<\/p>\n<p style=\"text-align: justify;\">\u00a0<\/p>\n<p style=\"text-align: justify;\">Inscrivez-vous dans\u00a0le <strong>formulaire <\/strong>ci-dessous pour participer au jeu.<\/p>\n<p style=\"text-align: justify;\">\u00a0<\/p>\n<p style=\"text-align: justify;\">\u00a0<\/p>\n<p style=\"text-align: justify;\"><a href=\"https:\/\/bocir-prod-bucket.s3.amazonaws.com\/medias\/6cOIUcKx8a\/pdf\/R_glement_cadre_ALOUETTE___au_050320241709572050456.pdf\" rel=\"noopener nofollow\" target=\"_blank\">R\u00e8glement du jeu.<\/a><\/p>\n","protected":false},"excerpt":{"rendered":"Alouette, la radio partenaire du Match des L\u00e9gendes du FC Nantes ! \u00a0 Mardi 3 juin \u00e0 20h,&hellip;\n","protected":false},"author":2,"featured_media":123564,"comment_status":"","ping_status":"","sticky":false,"template":"","format":"standard","meta":{"footnotes":""},"categories":[2818],"tags":[1111,11,2888,10999,24596,1777,674,462,2257,1011,27,7683,1197,22224,955,24594,2886,766,12,24595,18670,2636,1825,25,517,2858,23046],"class_list":{"0":"post-123563","1":"post","2":"type-post","3":"status-publish","4":"format-standard","5":"has-post-thumbnail","7":"category-nantes","8":"tag-actu","9":"tag-actualites","10":"tag-alouette","11":"tag-beaujoire","12":"tag-coco-suaudeau","13":"tag-eu","14":"tag-europe","15":"tag-fc-nantes","16":"tag-foot","17":"tag-fr","18":"tag-france","19":"tag-gagner","20":"tag-jeu","21":"tag-marcel-desailly","22":"tag-match","23":"tag-match-des-legendes","24":"tag-matt-pokora","25":"tag-nantes","26":"tag-news","27":"tag-patrice-loko","28":"tag-paul-mirabel","29":"tag-pays-de-la-loire","30":"tag-radio","31":"tag-republique-francaise","32":"tag-sport","33":"tag-stade","34":"tag-teddy-riner"},"share_on_mastodon":{"url":"https:\/\/pubeurope.com\/@fr\/114560729445724556","error":""},"_links":{"self":[{"href":"https:\/\/www.europesays.com\/fr\/wp-json\/wp\/v2\/posts\/123563","targetHints":{"allow":["GET"]}}],"collection":[{"href":"https:\/\/www.europesays.com\/fr\/wp-json\/wp\/v2\/posts"}],"about":[{"href":"https:\/\/www.europesays.com\/fr\/wp-json\/wp\/v2\/types\/post"}],"author":[{"embeddable":true,"href":"https:\/\/www.europesays.com\/fr\/wp-json\/wp\/v2\/users\/2"}],"replies":[{"embeddable":true,"href":"https:\/\/www.europesays.com\/fr\/wp-json\/wp\/v2\/comments?post=123563"}],"version-history":[{"count":0,"href":"https:\/\/www.europesays.com\/fr\/wp-json\/wp\/v2\/posts\/123563\/revisions"}],"wp:featuredmedia":[{"embeddable":true,"href":"https:\/\/www.europesays.com\/fr\/wp-json\/wp\/v2\/media\/123564"}],"wp:attachment":[{"href":"https:\/\/www.europesays.com\/fr\/wp-json\/wp\/v2\/media?parent=123563"}],"wp:term":[{"taxonomy":"category","embeddable":true,"href":"https:\/\/www.europesays.com\/fr\/wp-json\/wp\/v2\/categories?post=123563"},{"taxonomy":"post_tag","embeddable":true,"href":"https:\/\/www.europesays.com\/fr\/wp-json\/wp\/v2\/tags?post=123563"}],"curies":[{"name":"wp","href":"https:\/\/api.w.org\/{rel}","templated":true}]}}