{"id":123567,"date":"2025-05-24T03:40:12","date_gmt":"2025-05-24T03:40:12","guid":{"rendered":"https:\/\/www.europesays.com\/fr\/123567\/"},"modified":"2025-05-24T03:40:12","modified_gmt":"2025-05-24T03:40:12","slug":"bordeaux-begles-sur-quelle-chaine-et-a-quelle-heure-voir-la-finale-de-la-champions-cup","status":"publish","type":"post","link":"https:\/\/www.europesays.com\/fr\/123567\/","title":{"rendered":"Bordeaux-B\u00e8gles\u00a0: Sur quelle cha\u00eene et \u00e0 quelle heure voir la finale de la Champions Cup\u00a0?"},"content":{"rendered":"<p>Samedi apr\u00e8s-midi, les amoureux de l\u2019Ovalie seront devant leur \u00e9cran pour suivre la finale de la plus prestigieuse des Coupes d\u2019Europe de rugby. Bordeaux-B\u00e8gles d\u00e9fie les Anglais de Northampton afin de rentrer dans l\u2019histoire du rugby, pour sa premi\u00e8re finale de Champions Cup.<\/p>\n<p>\u00c0 quelle heure et sur quelle cha\u00eene voir Northampton &#8211; Bordeaux-B\u00e8gles<\/p>\n<p>La finale de la Champions Cup entre les Anglais et les Girondins sera diffus\u00e9e sur beIN Sports et France 2, le samedi 24\u00a0mai \u00e0 15h45, en direct.<\/p>\n<p>Les Saints, plus exp\u00e9riment\u00e9s<\/p>\n<p>Northampton a d\u00e9j\u00e0 disput\u00e9 deux finales de la Champions Cup. Il s\u2019\u00e9tait impos\u00e9 contre la province irlandaise du Munster en\u00a02000, avant de s\u2019incliner contre <a href=\"https:\/\/www.20minutes.fr\/dossier\/leinster\" class=\"color-ultramarine c-link\" target=\"_blank\" rel=\"noopener\">Leinster<\/a> en\u00a02011.<\/p>\n<p>Les Fran\u00e7ais devront se m\u00e9fier de l\u2019ailier anglais Tommy Freeman, auteur de 9 essais dans la comp\u00e9tition. Le troisi\u00e8me-ligne anglais Henry Pollock en a inscrit 7 et le sud-africain Juarno Augustus en est \u00e0 5 essais.<\/p>\n<p class=\"mb-m@xs text-l@xs\">En cliquant sur\u00ab J\u2019accepte \u00bb, vous acceptez le d\u00e9p\u00f4t de cookies par des services externes et aurez ainsi acc\u00e8s aux contenus de nos partenaires.<\/p>\n<p class=\"mb-xl@xs text-s@xs\">Plus d\u2019informations sur la page<a href=\"https:\/\/www.20minutes.fr\/gestion-cookies\" class=\"mx-xxs@xs color-ultramarine\" target=\"_blank\" rel=\"noopener\">Politique de gestion des cookies<\/a><\/p>\n<p>J\u2019accepteBordeaux-B\u00e8gles, \u00e0 une marche de son premier titre<\/p>\n<p>Sur la pelouse du Millenium Stadium de Cardiff, le club cr\u00e9\u00e9 en\u00a02006 pourra compter sur Damian Penaud (meilleur marqueur d\u2019essais de la comp\u00e9tition cette saison, avec 12), finalement pr\u00e9sent apr\u00e8s avoir \u00e9t\u00e9 incertain. Romain Buros tiendra aussi sa place, malgr\u00e9 son absence du captain run. Au centre, on retrouvera la paire Moefana-Depoortere. Rohan Janse van Rensburg sera sur le banc. \u00c9videmment, l\u2019un des grands espoirs du rugby fran\u00e7ais (\u00e9lu personnalit\u00e9 rugby de l\u2019ann\u00e9e par le Rugby Union Writers\u2019Club), Bielle-Biarrey, sera un des atouts du c\u00f4t\u00e9 des Girondins. Ces derniers visent un premier troph\u00e9e \u00e0 leur palmar\u00e9s face aux Saints.<\/p>\n<p>Apr\u00e8s le <a href=\"https:\/\/www.20minutes.fr\/sport\/stade_toulousain\/\" class=\"color-ultramarine c-link\" target=\"_blank\" rel=\"noopener\">Stade Toulousain<\/a> (6 fois), Brive (1), le <a href=\"https:\/\/www.20minutes.fr\/dossier\/rc_toulon\" class=\"color-ultramarine c-link\" target=\"_blank\" rel=\"noopener\">RC Toulon<\/a> (3) et le <a href=\"https:\/\/www.20minutes.fr\/sport\/rugby\/stade-rochelais\/\" class=\"color-ultramarine c-link\" target=\"_blank\" rel=\"noopener\">Stade Rochelais<\/a> (2), Bordeaux-B\u00e8gles veut devenir le 5e club fran\u00e7ais champion d\u2019<a href=\"https:\/\/www.20minutes.fr\/dossier\/europe\" class=\"color-ultramarine c-link\" target=\"_blank\" rel=\"noopener\">Europe<\/a>. Le club fran\u00e7ais a inscrit 50 essais dans la comp\u00e9tition cette <a href=\"https:\/\/www.20minutes.fr\/dossier\/saison\" class=\"color-ultramarine c-link\" target=\"_blank\" rel=\"noopener\">saison<\/a>. Aucune autre \u00e9quipe n\u2019a fait mieux.<\/p>\n<p>Les compos des deux \u00e9quipes<\/p>\n<ul>\n<li>Le XV de d\u00e9part de l\u2019UBB\u00a0: 15. Buros\u00a0; 14. Penaud, 13. Depoortere, 12. Moefana, 11. Bielle-Biarrey\u00a0; 10. Jalibert, 9. Lucu (cap.)\u00a0; 7. Petti, 8. Samu, 6. Diaby\u00a0; 5. Cazeaux, 4. Coleman\u00a0; 3. Falatea, 2. Lamothe, 1. Poirot.<\/li>\n<li>Le XV de d\u00e9part de Northampton\u00a0: 15. Furbank\u00a0; 14. Freeman, 13. Dingwall (cap.), 12. Hutchinson 11. Ramm\u00a0; 10. Smith, 9. Mitchell\u00a0; 7. Kemeny, 8. Pollock, 6. Coles\u00a0; 5. Lockett, 4. Mayanavanua\u00a0; 3. Davison, 2. Langdon, 1. Iyogun.<\/li>\n<\/ul>\n","protected":false},"excerpt":{"rendered":"Samedi apr\u00e8s-midi, les amoureux de l\u2019Ovalie seront devant leur \u00e9cran pour suivre la finale de la plus prestigieuse&hellip;\n","protected":false},"author":2,"featured_media":123568,"comment_status":"","ping_status":"","sticky":false,"template":"","format":"standard","meta":{"footnotes":""},"categories":[2817],"tags":[1111,11,1997,2945,4363,1777,674,1011,27,12,2219,25,479,517,4364],"class_list":{"0":"post-123567","1":"post","2":"type-post","3":"status-publish","4":"format-standard","5":"has-post-thumbnail","7":"category-bordeaux","8":"tag-actu","9":"tag-actualites","10":"tag-bordeaux","11":"tag-champions-rugby-cup","12":"tag-damian-penaud","13":"tag-eu","14":"tag-europe","15":"tag-fr","16":"tag-france","17":"tag-news","18":"tag-nouvelle-aquitaine","19":"tag-republique-francaise","20":"tag-rugby","21":"tag-sport","22":"tag-ubb"},"share_on_mastodon":{"url":"https:\/\/pubeurope.com\/@fr\/114560737712067471","error":""},"_links":{"self":[{"href":"https:\/\/www.europesays.com\/fr\/wp-json\/wp\/v2\/posts\/123567","targetHints":{"allow":["GET"]}}],"collection":[{"href":"https:\/\/www.europesays.com\/fr\/wp-json\/wp\/v2\/posts"}],"about":[{"href":"https:\/\/www.europesays.com\/fr\/wp-json\/wp\/v2\/types\/post"}],"author":[{"embeddable":true,"href":"https:\/\/www.europesays.com\/fr\/wp-json\/wp\/v2\/users\/2"}],"replies":[{"embeddable":true,"href":"https:\/\/www.europesays.com\/fr\/wp-json\/wp\/v2\/comments?post=123567"}],"version-history":[{"count":0,"href":"https:\/\/www.europesays.com\/fr\/wp-json\/wp\/v2\/posts\/123567\/revisions"}],"wp:featuredmedia":[{"embeddable":true,"href":"https:\/\/www.europesays.com\/fr\/wp-json\/wp\/v2\/media\/123568"}],"wp:attachment":[{"href":"https:\/\/www.europesays.com\/fr\/wp-json\/wp\/v2\/media?parent=123567"}],"wp:term":[{"taxonomy":"category","embeddable":true,"href":"https:\/\/www.europesays.com\/fr\/wp-json\/wp\/v2\/categories?post=123567"},{"taxonomy":"post_tag","embeddable":true,"href":"https:\/\/www.europesays.com\/fr\/wp-json\/wp\/v2\/tags?post=123567"}],"curies":[{"name":"wp","href":"https:\/\/api.w.org\/{rel}","templated":true}]}}