{"id":123583,"date":"2025-05-24T03:49:26","date_gmt":"2025-05-24T03:49:26","guid":{"rendered":"https:\/\/www.europesays.com\/fr\/123583\/"},"modified":"2025-05-24T03:49:26","modified_gmt":"2025-05-24T03:49:26","slug":"octobre-rose-2024-depistage-organise-et-operations-de-sensibilisation-en-ile-de-france","status":"publish","type":"post","link":"https:\/\/www.europesays.com\/fr\/123583\/","title":{"rendered":"Octobre rose 2024 : d\u00e9pistage organis\u00e9 et op\u00e9rations de sensibilisation en \u00cele-de-France"},"content":{"rendered":"<p>Le mois d\u2019octobre est l\u2019occasion de nombreuses op\u00e9rations men\u00e9es par diff\u00e9rents acteurs impliqu\u00e9s dans le cancer du sein en r\u00e9gion (le Centre R\u00e9gional de de coordination des cancers, la Ligue contre le cancer, les centres de soins publics et priv\u00e9s&#8230; ). <\/p>\n<p><a class=\"lien-ext\" href=\"https:\/\/www.iledefrance.ars.sante.fr\/system\/files\/2024-09\/IDF_Octobre%20rose%202024.pdf\" rel=\"noreferrer noopener\" target=\"_blank\">Les op\u00e9rations organis\u00e9es par la Ligue contre le cancer en \u00cele-de-France<\/a><\/p>\n<p>\u00a0<\/p>\n<p>Zoom sur quelques op\u00e9rations du Centre R\u00e9gional de Coordination des D\u00e9pistages des Cancers d\u2019\u00cele-de-France (CRCDC-IDF).<\/p>\n<p>\u00a0<\/p>\n<p><strong>Octobre rose \u00e0 Paris <\/strong><\/p>\n<p>07 octobre\u00a0: Atelier \u00ab\u00a0Sensibilisation des pr\u00e9parateurs en pharmacies\u00a0\u00bb, dans le 19\u00e8me arrondissement<\/p>\n<p>10 octobre\u00a0: Stand de pr\u00e9vention dans le 14\u00e8me arrondissement de 10h \u00e0 16h<\/p>\n<p>11 octobre\u00a0: Stand de pr\u00e9vention \u00e0 la Cit\u00e9 des sciences de 9h30 \u00e0 13h<\/p>\n<p>17 octobre\u00a0: Stand centre de sant\u00e9 de 9h30 \u00e0 13h \u2013 13\u00e8me arrondissement<\/p>\n<p>18 octobre\u00a0: Atelier de sensibilisation dans le 8\u00e8me arrondissement de 12h \u00e0 14h<\/p>\n<p>21 octobre\u00a0: Atelier de sensibilisation dans le 19\u00e8me arrondissement de 14h30 \u00e0 15h30<\/p>\n<p>\u00a0<\/p>\n<p><strong>Octobre rose en Seine et Marne<\/strong><\/p>\n<p>02 octobre\u00a0: Stand de pr\u00e9vention \u00e0 Lognes de 10h \u00e0 18h<\/p>\n<p>05 octobre\u00a0: Stand de pr\u00e9vention \u00e0 Broux de 9h \u00e0 12h \/ Atelier d\u2019autopalpation \u00e0 La Rochette de 14h \u00e0 17h <\/p>\n<p>06 octobre\u00a0: Marche octobre rose de 6km \u00e0 Quiers de 15h \u00e0 18h<\/p>\n<p>10 octobre\u00a0: Stand de pr\u00e9vention \u00e0 Noisiel de 9h \u00e0 12h<\/p>\n<p>13 octobre\u00a0: Randonn\u00e9e rose \u00e0 Fontenailles de 9h \u00e0 13h<\/p>\n<p>15 octobre\u00a0: Journ\u00e9e rose dans la ville de Melun de 9h \u00e0 16h<\/p>\n<p>16 octobre\u00a0: Stand de pr\u00e9vention \u00e0 Brie Comte Robert de 9h \u00e0 16h<\/p>\n<p>18 octobre\u00a0: Stand de pr\u00e9vention \u00e0 l\u2019h\u00f4pital de Fontainebleau de 9h \u00e0 16h<\/p>\n<p>\u00a0<\/p>\n<p><strong>Octobre rose dans les Yvelines<\/strong><\/p>\n<p>02 octobre\u00a0: Stand de pr\u00e9vention \u00e0 Saint Germain en Laye de 14h \u00e0 17h<\/p>\n<p>09 octobre\u00a0: Stand de pr\u00e9vention \u00e0 Versailles de 11h \u00e0 15h<\/p>\n<p>10 octobre\u00a0: Ateliers d\u2019informations \u00e0 Aubergenville de 14h \u00e0 18h<\/p>\n<p>11 octobre\u00a0: Ateliers d\u2019informations \u00e0 Mantes La Jolie de 9h \u00e0 17h<\/p>\n<p>14 octobre\u00a0: Village sant\u00e9 dans la commune de Poissy de 10h \u00e0 16h<\/p>\n<p>16 octobre\u00a0: Village sant\u00e9 \u00e0 Saint Germain en Laye de 14h \u00e0 18h<\/p>\n<p>19 octobre\u00a0: Village sant\u00e9 \u00e0 Elancourt de 14h \u00e0 18h<\/p>\n<p>\u00a0<\/p>\n<p><strong>Octobre rose en Essonne<\/strong><\/p>\n<p>03 octobre\u00a0: Stand de pr\u00e9vention \u00e0 Mennecy de 14h \u00e0 18h<\/p>\n<p>07 octobre\u00a0: Journ\u00e9e de d\u00e9pistage cibl\u00e9e au centre d\u2019imagerie m\u00e9dicale de l\u2019h\u00f4pital de Dourdan de 9h \u00e0 18h<\/p>\n<p>09 octobre\u00a0: Journ\u00e9e de d\u00e9pistage cibl\u00e9e au centre d\u2019imagerie m\u00e9dicale Paul Claudel \u00e0 Evry de 9h \u00e0 18h<\/p>\n<p>11 octobre\u00a0: Journ\u00e9e de d\u00e9pistage cibl\u00e9e au centre d\u2019imagerie m\u00e9dicale de la clinique des Mousseaux \u00e0 Evry de 9h \u00e0 18h<\/p>\n<p>19 octobre\u00a0: Journ\u00e9e sant\u00e9 de la femme \u00e0 Corbeil-Essonnes de 9h \u00e0 18h<\/p>\n<p>20 octobre\u00a0: Stand de sensibilisation \u00e0 Bris sous Forge de 9h \u00e0 18h<\/p>\n<p>22 octobre\u00a0: Atelier de sensibilisation \u00e0 Longjumeau de 9h \u00e0 18h<\/p>\n<p>24 octobre\u00a0: Atelier de sensibilisation \u00e0 Les Ulis de 9h \u00e0 18h<\/p>\n<p>25 octobre\u00a0: Atelier de sensibilisation \u00e0 Saint Michel Sur Orge de 9h \u00e0 18h<\/p>\n<p>\u00a0<\/p>\n<p><strong>Octobre rose dans les Hauts de Seine<\/strong><\/p>\n<p>06 octobre\u00a0: Stand de pr\u00e9vention sur le march\u00e9 de Chaville de 9h \u00e0 12h30<\/p>\n<p>07 octobre\u00a0: Caravane solidaire \u00e0 Clichy de 9h30 \u00e0 16h<\/p>\n<p>10 octobre\u00a0: Stand de pr\u00e9vention sur le march\u00e9 d\u2019Antony de 9h \u00e0 13h<\/p>\n<p>11 octobre\u00a0: Soir\u00e9e d\u00e9bat \u00e0 Bourg-la-Reine \u00e0 18h<\/p>\n<p>12 octobre\u00a0: Stand de pr\u00e9vention au march\u00e9 de Vanves de 9h \u00e0 12h30<\/p>\n<p>13 octobre\u00a0: Run rose \u00e0 Meudon de 9h \u00e0 13h<\/p>\n<p>18 octobre\u00a0: Stand de pr\u00e9vention \u00e0 Villeneuve-La-Garenne de 9h \u00e0 12h<\/p>\n<p>\u00a0<\/p>\n<p><strong>Octobre rose en Seine-Saint-Denis<\/strong><\/p>\n<p>03 octobre\u00a0: Stand de sensibilisation \u00e0 Gagny de 9h \u00e0 12h \/ Stand de sensibilisation \u00e0 Sevran de 14h \u00e0 17h<\/p>\n<p>04 octobre\u00a0: Loto de pr\u00e9vention \u00e0 L\u2019\u00eele-Saint-Denis de 14h \u00e0 17h<\/p>\n<p>05 octobre\u00a0: Stand de pr\u00e9vention Le Pr\u00e9-Saint-Gervais de 9h \u00e0 12h<\/p>\n<p>12 octobre\u00a0: Marche rose \u00e0 Neuilly-sur-Marne de 9h \u00e0 13h<\/p>\n<p>16 octobre\u00a0: Ateliers de pr\u00e9vention et marche rose \u00e0 Noisy-le-Grand (h\u00f4tel de ville et march\u00e9) de 9h \u00e0 17h<\/p>\n<p>17 octobre\u00a0: Stand de pr\u00e9vention \u00e0 la clinique l\u2019Estr\u00e9e \u00e0 Stains de 10h \u00e0 17h<\/p>\n<p>18 octobre\u00a0: Stand de pr\u00e9vention \u00e0 Aulnay-sous-Bois de 9h \u00e0 13h \/ Th\u00e9\u00e2tre d\u00e9bat \u00e0 Tremblay en France de 20h \u00e0 22h<\/p>\n<p>19 octobre\u00a0: Stand de pr\u00e9vention sur le march\u00e9 de Sevran de 9h \u00e0 12h \/ Stand de pr\u00e9vention au Cora de Livry Gargan de 9h \u00e0 17h <\/p>\n<p>25 octobre\u00a0: Stand de pr\u00e9vention sur le march\u00e9 du Blanc Mesnil de 9h \u00e0 13h<\/p>\n<p>\u00a0<\/p>\n<p><strong>Octobre rose dans le Val-de-Marne<\/strong><\/p>\n<p>04 octobre\u00a0: Intervention \u2013 Th\u00e9\u00e2tre forum \u00e0 Fontenay-sous-Bois de 17h30 \u00e0 21h30<\/p>\n<p>05 octobre\u00a0: Stand d\u2019information et marche rose au Plessis Tr\u00e9vise de 14h \u00e0 18h et \u00e0 Le Perreux sur marne de 9h \u00e0 12h30<\/p>\n<p>09 octobre\u00a0: Matinale de la pr\u00e9vention \u2013 Inter G \u2013 Caf\u00e9 d\u00e9bat \u00e0 Fontenay-sous-Bois de 9h \u00e0 12h30 \/ Stand d\u2019information et autopalpation \u00e0 Saint Mand\u00e9 de 14h \u00e0 17h<\/p>\n<p>12 octobre\u00a0: Village sant\u00e9, remise c\u0153ur rose \u00e0 Ivry sur Seine \u00e0 16h30<\/p>\n<p>21 octobre\u00a0: Stand de sensibilisation octobre rose \u00e0 la mairie de Vitry sur seine de 9h <\/p>\n<p>\u00a0<\/p>\n<p><strong>Octobre rose dans le Val-D\u2019Oise<\/strong><\/p>\n<p>03 octobre\u00a0: Cin\u00e9 d\u00e9bat \u00e0 Villiers-le-Bel de 9h \u00e0 12h<\/p>\n<p>04 octobre\u00a0: Stand de sensibilisation \u00e0 Taverny de 16h \u00e0 19h et \u00e0 Eaubonne de 9h30 \u00e0 12h<\/p>\n<p>05 octobre\u00a0: Th\u00e9\u00e2tre forum \u00e0 Bezons de 15h \u00e0 17h<\/p>\n<p>09 octobre\u00a0: Stand de sensibilisation \u00e0 Cergy de 9h30 \u00e0 13h et ateliers de 14h30 \u00e0 16h30<\/p>\n<p>15 octobre\u00a0: Th\u00e9\u00e2tre forum \u00e0 Sarcelles de 15h \u00e0 17h<\/p>\n<p>16 octobre\u00a0: Stand de sensibilisation \u00e0 Garges-l\u00e8s-Gonesse de 9h \u00e0 12h<\/p>\n<p>17 octobre\u00a0: Atelier \u00e0 Jouy le Moutier de 14h \u00e0 16h \/ Stand de sensibilisation \u00e0 Bezons de 12h \u00e0 14h<\/p>\n","protected":false},"excerpt":{"rendered":"Le mois d\u2019octobre est l\u2019occasion de nombreuses op\u00e9rations men\u00e9es par diff\u00e9rents acteurs impliqu\u00e9s dans le cancer du sein&hellip;\n","protected":false},"author":2,"featured_media":123584,"comment_status":"","ping_status":"","sticky":false,"template":"","format":"standard","meta":{"footnotes":""},"categories":[1592],"tags":[1111,11,101,14754,1777,674,1011,27,662,12,626,25],"class_list":{"0":"post-123583","1":"post","2":"type-post","3":"status-publish","4":"format-standard","5":"has-post-thumbnail","7":"category-ile-de-france","8":"tag-actu","9":"tag-actualites","10":"tag-cancer","11":"tag-depistage","12":"tag-eu","13":"tag-europe","14":"tag-fr","15":"tag-france","16":"tag-ile-de-france","17":"tag-news","18":"tag-paris","19":"tag-republique-francaise"},"share_on_mastodon":{"url":"https:\/\/pubeurope.com\/@fr\/114560772805300569","error":""},"_links":{"self":[{"href":"https:\/\/www.europesays.com\/fr\/wp-json\/wp\/v2\/posts\/123583","targetHints":{"allow":["GET"]}}],"collection":[{"href":"https:\/\/www.europesays.com\/fr\/wp-json\/wp\/v2\/posts"}],"about":[{"href":"https:\/\/www.europesays.com\/fr\/wp-json\/wp\/v2\/types\/post"}],"author":[{"embeddable":true,"href":"https:\/\/www.europesays.com\/fr\/wp-json\/wp\/v2\/users\/2"}],"replies":[{"embeddable":true,"href":"https:\/\/www.europesays.com\/fr\/wp-json\/wp\/v2\/comments?post=123583"}],"version-history":[{"count":0,"href":"https:\/\/www.europesays.com\/fr\/wp-json\/wp\/v2\/posts\/123583\/revisions"}],"wp:featuredmedia":[{"embeddable":true,"href":"https:\/\/www.europesays.com\/fr\/wp-json\/wp\/v2\/media\/123584"}],"wp:attachment":[{"href":"https:\/\/www.europesays.com\/fr\/wp-json\/wp\/v2\/media?parent=123583"}],"wp:term":[{"taxonomy":"category","embeddable":true,"href":"https:\/\/www.europesays.com\/fr\/wp-json\/wp\/v2\/categories?post=123583"},{"taxonomy":"post_tag","embeddable":true,"href":"https:\/\/www.europesays.com\/fr\/wp-json\/wp\/v2\/tags?post=123583"}],"curies":[{"name":"wp","href":"https:\/\/api.w.org\/{rel}","templated":true}]}}