{"id":123589,"date":"2025-05-24T03:52:14","date_gmt":"2025-05-24T03:52:14","guid":{"rendered":"https:\/\/www.europesays.com\/fr\/123589\/"},"modified":"2025-05-24T03:52:14","modified_gmt":"2025-05-24T03:52:14","slug":"psg-inter-milan-pourquoi-il-ny-aura-pas-de-grande-fan-zone-au-stade-charlety","status":"publish","type":"post","link":"https:\/\/www.europesays.com\/fr\/123589\/","title":{"rendered":"PSG-Inter Milan\u00a0: pourquoi il n\u2019y aura pas de grande fan-zone au stade Charl\u00e9ty"},"content":{"rendered":"<p class=\"paragraph text_align_left\">De la frustration. Apr\u00e8s de longues r\u00e9unions et de nombreux \u00e9changes, la Ville de Paris et la pr\u00e9fecture de police (PP) n\u2019ont pas trouv\u00e9 de terrain d\u2019entente quant \u00e0 l\u2019installation d\u2019une fan-zone pour la retransmission de la <a href=\"https:\/\/www.leparisien.fr\/sports\/football\/ligue-des-champions\/\" target=\"_blank\" rel=\"noreferrer nofollow noopener\">finale de la Ligue des champions <\/a>du Paris Saint-Germain le samedi 31 mai.<\/p>\n<p class=\"paragraph text_align_left\">\u00c0 J-8 du grand soir qui verra le club de la capitale tenter d\u2019obtenir son premier sacre dans la reine des comp\u00e9titions, c\u2019est le stade Charl\u00e9ty, dans le XIIIe arrondissement, qui avait \u00e9t\u00e9 choisi par la Ville. <\/p>\n<p class=\"paragraph text_align_left\">Il devrait finalement sonner creux puisque la pr\u00e9fecture de police a indiqu\u00e9 \u00e0 nos confr\u00e8res de RTL \u00ab ne pas \u00eatre en capacit\u00e9 de s\u00e9curiser deux fan zones \u00bb. Car au beau milieu des n\u00e9gociations entre la Ville et la pr\u00e9fecture pour Charl\u00e9ty, le PSG avait annonc\u00e9 <a href=\"https:\/\/www.leparisien.fr\/sports\/football\/ligue-des-champions\/psg-inter-milan-la-finale-de-la-ligue-des-champions-sera-bien-diffusee-au-parc-des-princes-20-05-2025-ZDCY5DD7CRD65EOCRZX6BACHXA.php\" target=\"_blank\" rel=\"noreferrer nofollow noopener\">l\u2019ouverture exceptionnelle du Parc des Princes<\/a> (XVIe) pour retransmettre la rencontre.<\/p>\n<p class=\"paragraph text_align_left\">Les 38 000 tickets payants, en priorit\u00e9 r\u00e9serv\u00e9s aux abonn\u00e9s, se sont rapidement arrach\u00e9s, g\u00e9n\u00e9rant de la frustration chez de nombreux fans d\u00e9sireux de vibrer et qui n\u2019avaient pas obtenu le fameux s\u00e9same.<\/p>\n<p class=\"paragraph text_align_left\">Si la municipalit\u00e9 n\u2019avait pas perdu espoir, dans les couloirs de l\u2019H\u00f4tel de Ville, certains \u00e9taient acerbes \u00e0 l\u2019id\u00e9e de s\u2019\u00eatre \u00ab fait damer le pion \u00bb. En effet, avant m\u00eame que le PSG ne se qualifie pour la finale de ce samedi 31 mai \u00e0 Munich (Allemagne), la Ville avait annonc\u00e9 s<a href=\"https:\/\/www.leparisien.fr\/paris-75\/un-ecran-geant-sera-installe-a-paris-en-cas-de-qualification-du-psg-en-finale-de-la-ligue-des-champions-07-05-2025-DBTB6UYLBBDTNNPBWXIFR4HHPA.php\" target=\"_blank\" rel=\"noreferrer nofollow noopener\">a volont\u00e9 de proposer une fan-zone aux Parisiens<\/a> pour suivre la rencontre tant attendue.<\/p>\n<p class=\"paragraph text_align_left\">Un lieu \u00ab ferm\u00e9 \u00bb, plus facile \u00e0 s\u00e9curiser pour les forces de l\u2019ordre, \u00e9tait alors recherch\u00e9. C\u2019\u00e9tait d\u2019ailleurs l\u2019une des exigences du pr\u00e9fet de police Laurent Nunez.<\/p>\n<p>Champs-Elys\u00e9es et Parc des Princes : d\u00e9j\u00e0 trop \u00e0 s\u00e9curiser<\/p>\n<p class=\"paragraph text_align_left\">Finalement, le projet de la Ville pourrait rester lettre morte. \u00ab La PP nous a fait clairement comprendre qu\u2019elle ne pouvait pas disperser ses forces aux quatre coins de la capitale et on ne peut pas faire sans la police, ce ne serait pas raisonnable. On passe \u00e0 c\u00f4t\u00e9 de cette belle f\u00eate collective, entre frustration et raison \u00bb, r\u00e9sum\u00e9 une source bien inform\u00e9e. <\/p>\n<p class=\"paragraph text_align_left\">Outre les abords du Parc des Princes, les Champs-\u00c9lys\u00e9es seront aussi sous haute surveillance. Alors la cr\u00e9ation d\u2019un troisi\u00e8me point chaud \u00e0 surveiller n\u00e9cessitait trop d\u2019effectifs de police. \u00ab Surtout qu\u2019il y a aussi Roland-Garros et les c\u00e9l\u00e9brations le lendemain en cas de victoire \u00bb, d\u00e9nombre une autre source.<\/p>\n<p class=\"paragraph text_align_left\">Une \u00e9ni\u00e8me r\u00e9union de s\u00e9curit\u00e9 pr\u00e9sid\u00e9e par Bruno Retailleau, ministre de l\u2019Int\u00e9rieur (LR), s\u2019est tenue ce vendredi matin \u00e0 Beauvau. Les autorit\u00e9s craignent une liesse populaire qui, comme \u00e0 l\u2019issue de la demi-finale face \u00e0 Arsenal, avait entra\u00een\u00e9 47 interpellations et fait trois bless\u00e9s. Un seul but d\u00e9sormais, \u00e9viter <a href=\"https:\/\/www.leparisien.fr\/faits-divers\/incidents-a-paris-apres-psg-arsenal-nous-avons-permis-deviter-de-gros-degats-assure-laurent-nunez-08-05-2025-PS666VCBJJEIHAMF7AXAS3MMAA.php\" rel=\"nofollow noopener\" target=\"_blank\">d\u00e9bordements et violences<\/a>, quelle que soit l\u2019issue de la rencontre.<\/p>\n","protected":false},"excerpt":{"rendered":"De la frustration. Apr\u00e8s de longues r\u00e9unions et de nombreux \u00e9changes, la Ville de Paris et la pr\u00e9fecture&hellip;\n","protected":false},"author":2,"featured_media":123590,"comment_status":"","ping_status":"","sticky":false,"template":"","format":"standard","meta":{"footnotes":""},"categories":[1888],"tags":[1111,1928,11,1927,1777,674,1011,27,1944,12,1926,626,1925,25,60],"class_list":{"0":"post-123589","1":"post","2":"type-post","3":"status-publish","4":"format-standard","5":"has-post-thumbnail","7":"category-paris","8":"tag-actu","9":"tag-actu-paris","10":"tag-actualites","11":"tag-actualites-paris","12":"tag-eu","13":"tag-europe","14":"tag-fr","15":"tag-france","16":"tag-ma-ville","17":"tag-news","18":"tag-news-paris","19":"tag-paris","20":"tag-paris-news","21":"tag-republique-francaise","22":"tag-sports"},"share_on_mastodon":{"url":"https:\/\/pubeurope.com\/@fr\/114560784329433966","error":""},"_links":{"self":[{"href":"https:\/\/www.europesays.com\/fr\/wp-json\/wp\/v2\/posts\/123589","targetHints":{"allow":["GET"]}}],"collection":[{"href":"https:\/\/www.europesays.com\/fr\/wp-json\/wp\/v2\/posts"}],"about":[{"href":"https:\/\/www.europesays.com\/fr\/wp-json\/wp\/v2\/types\/post"}],"author":[{"embeddable":true,"href":"https:\/\/www.europesays.com\/fr\/wp-json\/wp\/v2\/users\/2"}],"replies":[{"embeddable":true,"href":"https:\/\/www.europesays.com\/fr\/wp-json\/wp\/v2\/comments?post=123589"}],"version-history":[{"count":0,"href":"https:\/\/www.europesays.com\/fr\/wp-json\/wp\/v2\/posts\/123589\/revisions"}],"wp:featuredmedia":[{"embeddable":true,"href":"https:\/\/www.europesays.com\/fr\/wp-json\/wp\/v2\/media\/123590"}],"wp:attachment":[{"href":"https:\/\/www.europesays.com\/fr\/wp-json\/wp\/v2\/media?parent=123589"}],"wp:term":[{"taxonomy":"category","embeddable":true,"href":"https:\/\/www.europesays.com\/fr\/wp-json\/wp\/v2\/categories?post=123589"},{"taxonomy":"post_tag","embeddable":true,"href":"https:\/\/www.europesays.com\/fr\/wp-json\/wp\/v2\/tags?post=123589"}],"curies":[{"name":"wp","href":"https:\/\/api.w.org\/{rel}","templated":true}]}}