{"id":12360,"date":"2025-04-09T10:17:20","date_gmt":"2025-04-09T10:17:20","guid":{"rendered":"https:\/\/www.europesays.com\/fr\/12360\/"},"modified":"2025-04-09T10:17:20","modified_gmt":"2025-04-09T10:17:20","slug":"cette-celebre-guinguette-rouvre-aujourdhui-sous-le-soleil","status":"publish","type":"post","link":"https:\/\/www.europesays.com\/fr\/12360\/","title":{"rendered":"cette c\u00e9l\u00e8bre guinguette rouvre aujourd&rsquo;hui sous le soleil"},"content":{"rendered":"<p>            Par<br \/>\n        <strong><br \/>\n            <a href=\"https:\/\/actu.fr\/auteur\/laure-gentil\" title=\"Consulter tous les articles de Laure Gentil\" rel=\"nofollow noopener\" target=\"_blank\">Laure Gentil<\/a><br \/>\n        <\/strong><\/p>\n<p>        Publi\u00e9 le<\/p>\n<p>            9 avr. 2025 \u00e0 7h26        <\/p>\n<p>Le temps est magnifique cette semaine \u00e0 <strong>Nantes<\/strong>, ce qui est id\u00e9al pour aller boire un verre en terrasse ou dans une guinguette.<\/p>\n<p class=\" wall-content\">Bonne nouvelle, la <strong>Station Nuage<\/strong> fait son grand retour, \u00e0 Saint-S\u00e9bastien-sur-Loire, d\u00e8s ce mercredi 9\u00a0avril 2025. Au <strong>programme<\/strong>, cinq jours de f\u00eate pour c\u00e9l\u00e9brer la r\u00e9ouverture.<\/p>\n<p>Des concerts et du mix<\/p>\n<ul class=\" wall-content\">\n<li>Mercredi (ouverture de 15\u2009h \u00e0 23\u2009h)\u2009: Golden Hour \u2013 mix en terrasse \u2013 Wilfried.<\/li>\n<li>Jeudi (ouverture de 12\u2009h \u00e0 23\u2009h)\u2009: Blindest \u2013 Amicale Communale des Amateurs de Blindtest.<\/li>\n<li>Vendredi (ouverture de 12\u2009h \u00e0 23\u2009h)\u2009: Blue Friday \u2013 Paco Tyson Sound System.<\/li>\n<li>Samedi (ouverture de 12\u2009h \u00e0 23\u2009h)\u2009: Fanfare &amp; Blue Saturday \u2013 Dan Bono, DJ Alu &amp; Quentin Schneider.<\/li>\n<li>Dimanche (ouverture de 12\u2009h \u00e0 22\u2009h)\u2009: Fanfare Blyat Brass Style.<\/li>\n<\/ul>\n<p>D\u2019anciennes \u00e9tables<\/p>\n<p class=\" wall-content\">Pour rappel, la Station Nuage est une des \u0153uvres du <a href=\"https:\/\/actu.fr\/pays-de-la-loire\/nantes_44109\/voyage-a-nantes-quelles-nouveautes-pour-les-visites-guidees-de-la-saison-estivale_62475542.html\" rel=\"nofollow noopener\" target=\"_blank\">Voyage \u00e0 Nantes<\/a>. Elle a \u00e9t\u00e9 inaugur\u00e9e le 17\u00a0juin 2020, sur l\u2019\u00eele Forget. Elle a \u00e9t\u00e9 b\u00e2tie sur d\u2019anciennes \u00e9tables.<\/p>\n<p class=\" wall-content\">Il est possible d\u2019y acc\u00e9der en prenant les lignes C9 et 30 (arr\u00eats Saint-S\u00e9bastien, Cambronne ou Gibraye) et les lignes\u00a04 Busway, Ligne C9, Ligne 36, Ligne 98, Ligne E8 (arr\u00eat Greneraie).<\/p>\n<p>Vid\u00e9os : en ce moment sur Actu<\/p>\n<p>Infos pratiques\u2009: Ouverture tous les jeudis, vendredi, samedi et dimanche du 9\u00a0Avril au 30\u00a0Juin. Puis 7\/7 \u00e0 partir du 1er\u00a0juillet. Chiens attach\u00e9s autoris\u00e9s.<\/p>\n<p class=\" wall-content\">Suivez toute l\u2019actualit\u00e9 de vos villes et m\u00e9dias favoris en vous inscrivant \u00e0 <a href=\"https:\/\/moncompte.actu.fr\" title=\"D\u00e9couvez Mon Actu\" rel=\"nofollow noopener\" data-trk=\"{&quot;cta&quot;:{&quot;action&quot;:&quot;https:\\\/\\\/moncompte.actu.fr&quot;,&quot;category&quot;:&quot;mon compte&quot;,&quot;from&quot;:&quot;article footer&quot;,&quot;name&quot;:&quot;Mon actu&quot;,&quot;type&quot;:&quot;cta&quot;}}\" target=\"_blank\">Mon Actu<\/a>.<\/p>\n","protected":false},"excerpt":{"rendered":"Par Laure Gentil Publi\u00e9 le 9 avr. 2025 \u00e0 7h26 Le temps est magnifique cette semaine \u00e0 Nantes,&hellip;\n","protected":false},"author":2,"featured_media":12361,"comment_status":"","ping_status":"","sticky":false,"template":"","format":"standard","meta":{"footnotes":""},"categories":[2818],"tags":[1111,11,1777,674,1011,27,5691,1305,766,12,2636,25],"class_list":{"0":"post-12360","1":"post","2":"type-post","3":"status-publish","4":"format-standard","5":"has-post-thumbnail","7":"category-nantes","8":"tag-actu","9":"tag-actualites","10":"tag-eu","11":"tag-europe","12":"tag-fr","13":"tag-france","14":"tag-guinguette","15":"tag-lifestyle","16":"tag-nantes","17":"tag-news","18":"tag-pays-de-la-loire","19":"tag-republique-francaise"},"share_on_mastodon":{"url":"https:\/\/pubeurope.com\/@fr\/114307494257656801","error":""},"_links":{"self":[{"href":"https:\/\/www.europesays.com\/fr\/wp-json\/wp\/v2\/posts\/12360","targetHints":{"allow":["GET"]}}],"collection":[{"href":"https:\/\/www.europesays.com\/fr\/wp-json\/wp\/v2\/posts"}],"about":[{"href":"https:\/\/www.europesays.com\/fr\/wp-json\/wp\/v2\/types\/post"}],"author":[{"embeddable":true,"href":"https:\/\/www.europesays.com\/fr\/wp-json\/wp\/v2\/users\/2"}],"replies":[{"embeddable":true,"href":"https:\/\/www.europesays.com\/fr\/wp-json\/wp\/v2\/comments?post=12360"}],"version-history":[{"count":0,"href":"https:\/\/www.europesays.com\/fr\/wp-json\/wp\/v2\/posts\/12360\/revisions"}],"wp:featuredmedia":[{"embeddable":true,"href":"https:\/\/www.europesays.com\/fr\/wp-json\/wp\/v2\/media\/12361"}],"wp:attachment":[{"href":"https:\/\/www.europesays.com\/fr\/wp-json\/wp\/v2\/media?parent=12360"}],"wp:term":[{"taxonomy":"category","embeddable":true,"href":"https:\/\/www.europesays.com\/fr\/wp-json\/wp\/v2\/categories?post=12360"},{"taxonomy":"post_tag","embeddable":true,"href":"https:\/\/www.europesays.com\/fr\/wp-json\/wp\/v2\/tags?post=12360"}],"curies":[{"name":"wp","href":"https:\/\/api.w.org\/{rel}","templated":true}]}}