{"id":123601,"date":"2025-05-24T03:58:08","date_gmt":"2025-05-24T03:58:08","guid":{"rendered":"https:\/\/www.europesays.com\/fr\/123601\/"},"modified":"2025-05-24T03:58:08","modified_gmt":"2025-05-24T03:58:08","slug":"le-royaume-uni-envisage-la-castration-chimique-obligatoire-linfo-re","status":"publish","type":"post","link":"https:\/\/www.europesays.com\/fr\/123601\/","title":{"rendered":"Le Royaume-Uni envisage la castration chimique obligatoire &#8211; LINFO.re"},"content":{"rendered":"<p>Le Royaume-Uni envisage de g\u00e9n\u00e9raliser la castration chimique pour certains d\u00e9linquants sexuels. Objectif\u00a0: limiter les r\u00e9cidives et all\u00e9ger la pression sur les prisons.<\/p>\n<p>Depuis trois ans, un <strong>traitement hormonal r\u00e9duisant la libido<\/strong> est propos\u00e9 sur une base volontaire dans plusieurs \u00e9tablissements du sud-ouest de l\u2019<a href=\"https:\/\/www.linfo.re\/tags\/angleterre\" target=\"_blank\" rel=\"noopener\"><strong>Angleterre<\/strong><\/a>, comme le rapporte un communiqu\u00e9 du\u00a0minist\u00e8re de la Justice britannique.<\/p>\n<p><strong>Extension du programme \u00e0 l\u2019\u00e9tude<\/strong><\/p>\n<p>La ministre de la Justice, Shabana Mahmood, a annonc\u00e9 devant le Parlement que le gouvernement souhaite \u00e9tendre la <a href=\"http:\/\/linfo.re\/ocean-indien\/madagascar\/castration-chimique-a-madagascar-la-france-s-y-oppose\" target=\"_blank\" rel=\"noopener\"><strong>castration chimique<\/strong><\/a> \u00e0 l\u2019\u00e9chelle nationale. Deux r\u00e9gions pilotes et vingt prisons sont cibl\u00e9es dans un premier temps. \u00c0 terme, un traitement obligatoire est envisag\u00e9 pour certains profils \u00e0 haut risque.\u00a0<\/p>\n<p>Le rapport propose aussi la cr\u00e9ation de tribunaux sp\u00e9cialis\u00e9s dans les violences domestiques et l\u2019extension du bracelet \u00e9lectronique pour mieux encadrer les auteurs de violences envers les femmes.<\/p>\n<p><strong>Prisons surcharg\u00e9es et besoin de solutions<\/strong><\/p>\n<p>Un rapport ind\u00e9pendant publi\u00e9 jeudi tire la sonnette d\u2019alarme\u00a0: 9 500 places de prison pourraient manquer d\u2019ici 2028. Ce document recommande la poursuite du programme de traitement m\u00e9dicamenteux, mais insiste aussi sur l\u2019importance du soutien psychologique pour les auteurs dont les actes sont motiv\u00e9s par un besoin de domination, selon un rapport sur la d\u00e9termination des peines.<\/p>\n<p><strong>Soutiens et critiques<\/strong><\/p>\n<p>Le porte-parole du Premier ministre Keir Starmer rappelle que l\u2019efficacit\u00e9 de ces traitements est scientifiquement \u00e9tablie. D\u2019autres pays, comme la Pologne, l\u2019Allemagne ou la Cor\u00e9e du Sud, y ont d\u00e9j\u00e0 recours. En France, la <strong>castration chimique<\/strong> est possible, mais uniquement sur prescription m\u00e9dicale, dans le cadre d\u2019un suivi judiciaire.<\/p>\n<p>Cependant, l\u2019annonce du gouvernement suscite de vives r\u00e9actions. Pia Sinha, directrice de l\u2019ONG Prison Reform Trust, alerte sur les enjeux \u00e9thiques. Pour l\u2019avocat Marcus Johnstone, sans moyens renforc\u00e9s pour la prise en charge psychologique, cette mesure restera inefficace \u00e0 long terme.<\/p>\n","protected":false},"excerpt":{"rendered":"Le Royaume-Uni envisage de g\u00e9n\u00e9raliser la castration chimique pour certains d\u00e9linquants sexuels. Objectif\u00a0: limiter les r\u00e9cidives et all\u00e9ger&hellip;\n","protected":false},"author":2,"featured_media":123602,"comment_status":"","ping_status":"","sticky":false,"template":"","format":"standard","meta":{"footnotes":""},"categories":[1588],"tags":[47,11,2194,1267,1777,674,1922,74,12,473,1853,1851,1850,1852],"class_list":{"0":"post-123601","1":"post","2":"type-post","3":"status-publish","4":"format-standard","5":"has-post-thumbnail","7":"category-royaume-uni","8":"tag-actualite","9":"tag-actualites","10":"tag-affaire-de-viol","11":"tag-agression-sexuelle","12":"tag-eu","13":"tag-europe","14":"tag-info","15":"tag-monde","16":"tag-news","17":"tag-royaume-uni","18":"tag-royaume-uni-de-grande-bretagne-et-dirlande-du-nord","19":"tag-uk","20":"tag-united-kingdom","21":"tag-united-kingdom-of-great-britain-and-northern-ireland"},"share_on_mastodon":{"url":"https:\/\/pubeurope.com\/@fr\/114560807972339965","error":""},"_links":{"self":[{"href":"https:\/\/www.europesays.com\/fr\/wp-json\/wp\/v2\/posts\/123601","targetHints":{"allow":["GET"]}}],"collection":[{"href":"https:\/\/www.europesays.com\/fr\/wp-json\/wp\/v2\/posts"}],"about":[{"href":"https:\/\/www.europesays.com\/fr\/wp-json\/wp\/v2\/types\/post"}],"author":[{"embeddable":true,"href":"https:\/\/www.europesays.com\/fr\/wp-json\/wp\/v2\/users\/2"}],"replies":[{"embeddable":true,"href":"https:\/\/www.europesays.com\/fr\/wp-json\/wp\/v2\/comments?post=123601"}],"version-history":[{"count":0,"href":"https:\/\/www.europesays.com\/fr\/wp-json\/wp\/v2\/posts\/123601\/revisions"}],"wp:featuredmedia":[{"embeddable":true,"href":"https:\/\/www.europesays.com\/fr\/wp-json\/wp\/v2\/media\/123602"}],"wp:attachment":[{"href":"https:\/\/www.europesays.com\/fr\/wp-json\/wp\/v2\/media?parent=123601"}],"wp:term":[{"taxonomy":"category","embeddable":true,"href":"https:\/\/www.europesays.com\/fr\/wp-json\/wp\/v2\/categories?post=123601"},{"taxonomy":"post_tag","embeddable":true,"href":"https:\/\/www.europesays.com\/fr\/wp-json\/wp\/v2\/tags?post=123601"}],"curies":[{"name":"wp","href":"https:\/\/api.w.org\/{rel}","templated":true}]}}