{"id":123603,"date":"2025-05-24T03:59:12","date_gmt":"2025-05-24T03:59:12","guid":{"rendered":"https:\/\/www.europesays.com\/fr\/123603\/"},"modified":"2025-05-24T03:59:12","modified_gmt":"2025-05-24T03:59:12","slug":"allemagne-le-pib-a-progresse-plus-que-prevu-au-t1-activisme-avant-les-droits-de-douane-us-23-05-2025-a-1050","status":"publish","type":"post","link":"https:\/\/www.europesays.com\/fr\/123603\/","title":{"rendered":"Allemagne: Le PIB a progress\u00e9 plus que pr\u00e9vu au T1, activisme avant les droits de douane US &#8211; 23\/05\/2025 \u00e0 10:50"},"content":{"rendered":"<p>        <img fetchpriority=\"high\" decoding=\"async\" src=\"https:\/\/www.europesays.com\/fr\/wp-content\/uploads\/2025\/05\/40e7492b8bcec6151dd5da741842cb97-760x445.jpg\" alt=\"La silhouette du quartier bancaire est visible au coucher du soleil \u00e0 Francfort\" loading=\"eager\" width=\"760\" height=\"445\" style=\"max-width: 100%!important; height: auto;\"\/><\/p>\n<p class=\"c-image-news__legend\">La silhouette du quartier bancaire est visible au coucher du soleil \u00e0 Francfort<\/p>\n<p>\n L&rsquo;activit\u00e9 \u00e9conomique allemande a progress\u00e9 beaucoup plus qu&rsquo;initialement estim\u00e9 lors du premier trimestre 2025 par rapport au pr\u00e9c\u00e9dent, \u00e0 la faveur du dynamisme des exportations et de la production manufacturi\u00e8re avant l&rsquo;instauration de droits de douane de la part des Etats-Unis.\n<\/p>\n<p>\n Selon une deuxi\u00e8me estimation de l&rsquo;Office f\u00e9d\u00e9ral de la statistique, publi\u00e9e vendredi, le produit int\u00e9rieur brut (PIB) de la premi\u00e8re \u00e9conomie de la zone euro a augment\u00e9 de 0,4% sur la p\u00e9riode, contre une premi\u00e8re lecture de +0,2%.\n<\/p>\n<p>\n La production manufacturi\u00e8re et les exportations ont enregistr\u00e9 en mars une croissance plus forte qu&rsquo;estim\u00e9 initialement, a expliqu\u00e9 Ruth Brand, pr\u00e9sidente de l&rsquo;Office f\u00e9d\u00e9ral de la statistique. Les importateurs am\u00e9ricains ont acc\u00e9l\u00e9r\u00e9 leurs achats en pr\u00e9vision des droits de douane \u00e0 venir.\n<\/p>\n<p>\n Lors du quatri\u00e8me trimestre 2024, l&rsquo;\u00e9conomie allemande s&rsquo;\u00e9tait contract\u00e9e de 0,2%, relan\u00e7ant les craintes d&rsquo;une r\u00e9cession caract\u00e9ris\u00e9e par deux trimestres cons\u00e9cutifs de contraction de l&rsquo;activit\u00e9.\n<\/p>\n<p>\n L&rsquo;Allemagne n&rsquo;avait pas connu une telle croissance de son PIB depuis le troisi\u00e8me trimestre 2022, o\u00f9 elle avait progress\u00e9 de 0,6%.\n<\/p>\n<p>\n Reste \u00e0 savoir si la premi\u00e8re \u00e9conomie de la zone euro pourra poursuivre cette dynamique dans les prochains mois.\n<\/p>\n<p>\n Au deuxi\u00e8me trimestre, l&rsquo;effet pr\u00e9ventif des droits de douane sur les exportations et la production manufacturi\u00e8re devrait s&rsquo;estomper, souligne Cyrus de la Rubia, \u00e9conomiste chez Hamburg Commercial Bank.\n<\/p>\n<p>\n Toutefois, les indicateurs PMI pour mai publi\u00e9s plus t\u00f4t cette semaine ont montr\u00e9 une am\u00e9lioration de l&rsquo;activit\u00e9 du segment manufacturier en Allemagne et une croissance de la production dans ce secteur, ajoute-t-il.\n<\/p>\n<p>\n Lors du premier trimestre, les exportations allemandes ont augment\u00e9 de 3,2% par rapport au trimestre pr\u00e9c\u00e9dent et la consommation des m\u00e9nages a progress\u00e9 de 0,5%.\n<\/p>\n<p>\n (R\u00e9dig\u00e9 par Friederike Heine et Maria Martinez, version fran\u00e7aise Mara V\u00eelcu et Blandine H\u00e9nault, \u00e9dit\u00e9 par Augustin Turpin)<\/p>\n","protected":false},"excerpt":{"rendered":"La silhouette du quartier bancaire est visible au coucher du soleil \u00e0 Francfort L&rsquo;activit\u00e9 \u00e9conomique allemande a progress\u00e9&hellip;\n","protected":false},"author":2,"featured_media":123604,"comment_status":"","ping_status":"","sticky":false,"template":"","format":"standard","meta":{"footnotes":""},"categories":[1587],"tags":[400,11,672,398,408,1804,405,1805,1803,1777,674,1801,403,402,399,404,12,1802,401,406,407],"class_list":{"0":"post-123603","1":"post","2":"type-post","3":"status-publish","4":"format-standard","5":"has-post-thumbnail","7":"category-allemagne","8":"tag-action-cac-40","9":"tag-actualites","10":"tag-allemagne","11":"tag-bourse-de-paris","12":"tag-boursorama","13":"tag-bundesrepublik-deutschland","14":"tag-cotations","15":"tag-de","16":"tag-deutschland","17":"tag-eu","18":"tag-europe","19":"tag-germany","20":"tag-indices-devises","21":"tag-investir","22":"tag-investissement","23":"tag-marche-boursier","24":"tag-news","25":"tag-republique-federale-dallemagne","26":"tag-sicav","27":"tag-trackers","28":"tag-warrants"},"share_on_mastodon":{"url":"https:\/\/pubeurope.com\/@fr\/114560811887898151","error":""},"_links":{"self":[{"href":"https:\/\/www.europesays.com\/fr\/wp-json\/wp\/v2\/posts\/123603","targetHints":{"allow":["GET"]}}],"collection":[{"href":"https:\/\/www.europesays.com\/fr\/wp-json\/wp\/v2\/posts"}],"about":[{"href":"https:\/\/www.europesays.com\/fr\/wp-json\/wp\/v2\/types\/post"}],"author":[{"embeddable":true,"href":"https:\/\/www.europesays.com\/fr\/wp-json\/wp\/v2\/users\/2"}],"replies":[{"embeddable":true,"href":"https:\/\/www.europesays.com\/fr\/wp-json\/wp\/v2\/comments?post=123603"}],"version-history":[{"count":0,"href":"https:\/\/www.europesays.com\/fr\/wp-json\/wp\/v2\/posts\/123603\/revisions"}],"wp:featuredmedia":[{"embeddable":true,"href":"https:\/\/www.europesays.com\/fr\/wp-json\/wp\/v2\/media\/123604"}],"wp:attachment":[{"href":"https:\/\/www.europesays.com\/fr\/wp-json\/wp\/v2\/media?parent=123603"}],"wp:term":[{"taxonomy":"category","embeddable":true,"href":"https:\/\/www.europesays.com\/fr\/wp-json\/wp\/v2\/categories?post=123603"},{"taxonomy":"post_tag","embeddable":true,"href":"https:\/\/www.europesays.com\/fr\/wp-json\/wp\/v2\/tags?post=123603"}],"curies":[{"name":"wp","href":"https:\/\/api.w.org\/{rel}","templated":true}]}}