{"id":123612,"date":"2025-05-24T04:04:12","date_gmt":"2025-05-24T04:04:12","guid":{"rendered":"https:\/\/www.europesays.com\/fr\/123612\/"},"modified":"2025-05-24T04:04:12","modified_gmt":"2025-05-24T04:04:12","slug":"pourquoi-lallemand-leon-cycle-choisit-lyon-pour-installer-son-siege-france","status":"publish","type":"post","link":"https:\/\/www.europesays.com\/fr\/123612\/","title":{"rendered":"Pourquoi l&rsquo;Allemand Leon cycle choisit Lyon pour installer son si\u00e8ge France"},"content":{"rendered":"<p><img loading=\"lazy\" decoding=\"async\" alt=\"\u00a9 Philipp Zintarra - Leon cycle propose reconditionnement, v\u00e9los de seconde main et r\u00e9parations. Le service apr\u00e8s-vente est bas\u00e9 en Espagne, sur le site de Barcelone.\" data-zoom-src=\"https:\/\/www.europesays.com\/fr\/wp-content\/uploads\/2025\/05\/initial-implantation-leon-cycle-franc-lyon-credit-philip-zintarra.jpg\" data-zoomable=\"\" height=\"702\" src=\"https:\/\/www.europesays.com\/fr\/wp-content\/uploads\/2025\/05\/initial-implantation-leon-cycle-franc-lyon-credit-philip-zintarra.jpg\" width=\"1248\"\/>  <\/p>\n<p class=\"article-desc\">\u00a9 Philipp Zintarra &#8211; Leon cycle propose reconditionnement, v\u00e9los de seconde main et r\u00e9parations. Le service apr\u00e8s-vente est bas\u00e9 en Espagne, sur le site de Barcelone. <\/p>\n<p>Le distributeur allemand officiel des grandes marques de v\u00e9los \u00e9lectriques <strong>NCM<\/strong> et <strong>ET. CYCLE <\/strong>implante son si\u00e8ge fran\u00e7ais dans le <strong>quartier de la Part-Dieu<\/strong> en cette ann\u00e9e 2025. <\/p>\n<p>D\u00e9j\u00e0 pr\u00e9sent massivement en<strong> Allemagne et en Espagne<\/strong>, le g\u00e9ant de la mobilit\u00e9 active et dynamique souhaite \u00e9largir son influence sur le march\u00e9 europ\u00e9en. Il s\u2019int\u00e9resse de ce fait au march\u00e9 fran\u00e7ais, sur lequel il est actif depuis 2020 par les ventes en ligne.\u00a0 <\/p>\n<p><strong>C\u00f4me Rousset<\/strong>, <strong>responsable de Leon cycle France<\/strong>, a d\u00e9voil\u00e9 les objectifs et les raisons li\u00e9s \u00e0 cette <strong>implantation \u00e0 Lyon<\/strong>.\u00a0 <\/p>\n<p>Pour Leon cycle, \u00ab\u00a0le march\u00e9 fran\u00e7ais a un \u00e9norme potentiel\u00a0\u00bb <\/p>\n<p>\u00ab\u00a0Le march\u00e9 fran\u00e7ais a un \u00e9norme potentiel, parce qu\u2019il est dynamique et conna\u00eet une croissance soutenue. Pour s\u2019y int\u00e9grer, on se devait de choisir un emplacement strat\u00e9gique\u00a0\u00bb, indique le responsable du si\u00e8ge France. <\/p>\n<p>L\u2019entreprise a connu des \u00ab\u00a0<strong>ventes en ligne folles\u00a0\u00bb<\/strong> en France pendant la p\u00e9riode covid (2020-2022), qui se sont ensuite stabilis\u00e9es en conservant une bonne marge de <strong>progression<\/strong>. La marque veut insister sur une <strong>client\u00e8le fran\u00e7aise dynamique<\/strong>, avec \u00ab\u00a0un certain pouvoir d\u2019achat\u00a0\u00bb.\u00a0 <\/p>\n<p>Malgr\u00e9 une h\u00e9sitation entre Lyon et Paris, c\u2019est finalement la capitale des Gaules qui a \u00e9t\u00e9 choisie. La m\u00e9tropole de Lyon pr\u00e9sente tous les atouts n\u00e9cessaires pour le groupe allemand : des co\u00fbts tr\u00e8s int\u00e9ressants et une situation g\u00e9ographique avantageuse, en plein centre du pays.\u00a0 <\/p>\n<p>Mais ce sont surtout \u00ab\u00a0la dynamique de mobilit\u00e9 urbaine tr\u00e8s cons\u00e9quente initi\u00e9e par la ville ainsi que les nombreuses associations et infrastructures mises en place pour r\u00e9pondre \u00e0 nos objectifs\u00a0\u00bb, qui ont cristallis\u00e9 la localisation du <strong>si\u00e8ge France<\/strong>.\u00a0<\/p>\n<p> Leon cycle France \u00e0 Lyon, une int\u00e9gration ambitieuse\u00a0 <\/p>\n<p>Ce d\u00e9veloppement en France passe, selon C\u00f4me Rousset par divers leviers, le premier \u00e9tant n\u00e9cessairement une <strong>pr\u00e9sence physique<\/strong>. <\/p>\n<p>Pour cela, le groupe souhaite s\u2019installer dans de nouveaux locaux d\u2019ici la <strong>fin juillet<\/strong>. Leon Cycle veut proposer entre <strong>300 <\/strong>et <strong>400 m2<\/strong> d\u2019<strong>espace client<\/strong> et de <strong>showroom<\/strong> pour les partenaires, en renouvelant sa gamme de v\u00e9los NCM, la marque phare de ses ventes. <\/p>\n<p>L\u2019objectif est clair : \u00ab\u00a0\u00eatre op\u00e9rationnel en 2026 avec de nouveaux produits et une \u00e9quipe France dynamique\u00a0\u00bb. Un <strong>recrutement de huit \u00e0 dix employ\u00e9s<\/strong> est vis\u00e9, en particulier pour coordonner le r\u00e9seau de maillage de revendeurs sur le territoire.<\/p>\n<p>Si la marque n\u2019a pas communiqu\u00e9 sur son chiffre d\u2019affaires, elle estime atteindre un nombre de<strong> ventes de v\u00e9los <\/strong>dans l\u2019hexagone entre<strong> 4 000<\/strong> et<strong> 5 000<\/strong> pour 2025. Une projection qui devrait <strong>doubler<\/strong> d\u2019ici 2026.\u00a0 <\/p>\n<p>Plus que profiter de la <strong>mobilit\u00e9 active lyonnaise<\/strong>, le distributeur de v\u00e9los \u00e9lectriques \u00e0 l\u2019internationale souhaite en \u00eatre un acteur qui l\u2019incarne tout en y participant.\u00a0 <\/p>\n<p>Il rencontrera dans cette optique le <strong>Grand plateau<\/strong> de Villeurbanne le 12 juin 2025 pour \u00e9changer avec les entit\u00e9s qui le composent, comme <strong>Only Lyon<\/strong>.\u00a0 <\/p>\n<p>L\u2019accent sur la communication avec les m\u00e9dias et institutions construit aussi cette ligne directrice d\u2019implantation en r\u00e9gion lyonnaise, puisque Leon cycle pr\u00eate ses produits aux \u00e9quipes du <a class=\"invalid-link\" href=\"https:\/\/mesinfos.fr\/69000-lyon\/nuits-sonores-dix-artistes-a-redecouvrir-en-2025-a-lyon-218536.html\" target=\"_blank\" rel=\"noopener\">festival des Nuits Sonores<\/a> dans le cadre d\u2019un partenariat.\u00a0<\/p>\n","protected":false},"excerpt":{"rendered":"\u00a9 Philipp Zintarra &#8211; Leon cycle propose reconditionnement, v\u00e9los de seconde main et r\u00e9parations. Le service apr\u00e8s-vente est&hellip;\n","protected":false},"author":2,"featured_media":123613,"comment_status":"","ping_status":"","sticky":false,"template":"","format":"standard","meta":{"footnotes":""},"categories":[4],"tags":[11,313,1011,27,24602,12,25,4063],"class_list":{"0":"post-123612","1":"post","2":"type-post","3":"status-publish","4":"format-standard","5":"has-post-thumbnail","7":"category-france","8":"tag-actualites","9":"tag-entreprises","10":"tag-fr","11":"tag-france","12":"tag-implantation","13":"tag-news","14":"tag-republique-francaise","15":"tag-vu00e9lo"},"share_on_mastodon":{"url":"https:\/\/pubeurope.com\/@fr\/114560831596943276","error":""},"_links":{"self":[{"href":"https:\/\/www.europesays.com\/fr\/wp-json\/wp\/v2\/posts\/123612","targetHints":{"allow":["GET"]}}],"collection":[{"href":"https:\/\/www.europesays.com\/fr\/wp-json\/wp\/v2\/posts"}],"about":[{"href":"https:\/\/www.europesays.com\/fr\/wp-json\/wp\/v2\/types\/post"}],"author":[{"embeddable":true,"href":"https:\/\/www.europesays.com\/fr\/wp-json\/wp\/v2\/users\/2"}],"replies":[{"embeddable":true,"href":"https:\/\/www.europesays.com\/fr\/wp-json\/wp\/v2\/comments?post=123612"}],"version-history":[{"count":0,"href":"https:\/\/www.europesays.com\/fr\/wp-json\/wp\/v2\/posts\/123612\/revisions"}],"wp:featuredmedia":[{"embeddable":true,"href":"https:\/\/www.europesays.com\/fr\/wp-json\/wp\/v2\/media\/123613"}],"wp:attachment":[{"href":"https:\/\/www.europesays.com\/fr\/wp-json\/wp\/v2\/media?parent=123612"}],"wp:term":[{"taxonomy":"category","embeddable":true,"href":"https:\/\/www.europesays.com\/fr\/wp-json\/wp\/v2\/categories?post=123612"},{"taxonomy":"post_tag","embeddable":true,"href":"https:\/\/www.europesays.com\/fr\/wp-json\/wp\/v2\/tags?post=123612"}],"curies":[{"name":"wp","href":"https:\/\/api.w.org\/{rel}","templated":true}]}}