{"id":123622,"date":"2025-05-24T04:11:10","date_gmt":"2025-05-24T04:11:10","guid":{"rendered":"https:\/\/www.europesays.com\/fr\/123622\/"},"modified":"2025-05-24T04:11:10","modified_gmt":"2025-05-24T04:11:10","slug":"financierement-le-foot-francais-ne-peut-pas-aller-plus-bas-grince-le-president-de-la-dncg-craignant-plusieurs-retrogradations","status":"publish","type":"post","link":"https:\/\/www.europesays.com\/fr\/123622\/","title":{"rendered":"\u00abFinanci\u00e8rement, le foot fran\u00e7ais ne peut pas aller plus bas\u00bb, grince le pr\u00e9sident de la DNCG, craignant \u00abplusieurs r\u00e9trogradations\u00bb"},"content":{"rendered":"<p>Le pr\u00e9sident de la Direction nationale du contr\u00f4le de gestion dresse un bilan alarmant de la situation des clubs fran\u00e7ais.<\/p>\n<p class=\"fig-paragraph\">Alerte rouge. Les auditions des clubs de Ligue 1, Ligue 2 et National devant le gendarme financier du football fran\u00e7ais d\u00e9butent mardi prochain. Le pr\u00e9sident de la Direction nationale du contr\u00f4le de gestion (DNCG), Jean-Marc Mickeler, fait le point dans une interview \u00e0\u00a0<a href=\"https:\/\/www.ouest-france.fr\/sport\/football\/ligue-1\/exclusif-il-nest-pas-exclu-quon-ait-plusieurs-retrogradations-assure-le-patron-de-la-dncg-03408ed6-3729-11f0-bf6c-240af7605eff\" target=\"_blank\" rel=\"nofollow noopener\" data-gtm-custom-categorie=\"navigation\" data-gtm-custom-action=\"crossclick\" data-gtm-custom-label=\"Contextuel\" data-gtm-event=\"customEventSPE\">Ouest France<\/a> . Le moins que l\u2019on puisse dire, c\u2019est que la situation est inqui\u00e9tante\u2026 L\u2019int\u00e9ress\u00e9 rappelle que\u00a0<a href=\"http:\/\/www.lefigaro.fr\/medias\/droits-tv-dazn-pret-a-investir-dans-une-future-chaine-creee-par-la-ligue-de-football-professionnel-20250430\" data-fig-type=\"NewsFlash\" data-gtm-custom-categorie=\"navigation\" data-gtm-custom-action=\"crossclick\" data-gtm-custom-label=\"Contextuel\" data-gtm-event=\"customEventSPE\" data-fig-domain=\"LEFIGARO\" target=\"_blank\" rel=\"noopener\">le fiasco DAZN<\/a> \u00a0ne suffit pas \u00e0 tout expliquer, annon\u00e7ant un d\u00e9ficit cumul\u00e9 compris \u00abentre 1,2 et 1,3 milliard d\u2019euros avant cession de joueurs\u00bb. \u00abFinanci\u00e8rement, (le football fran\u00e7ais) ne peut pas aller plus bas. Plus bas, c\u2019est mettre la cl\u00e9 sous la porte. Mais nous sommes relativement confiants sur la capacit\u00e9 d\u00e9montr\u00e9e d\u2019un certain nombre d\u2019actionnaires \u00e0 pouvoir profiter du moment pour changer les choses\u00bb, assure-t-il.<\/p>\n<p class=\"fig-paragraph\">Estimant que \u00abtout club qui n\u2019est pas qualifi\u00e9 en Coupe d\u2019Europe ou qui n\u2019a pas \u00e9t\u00e9 qualifi\u00e9 au cours des deux, trois derni\u00e8res saisons en coupe europ\u00e9enne et qui ne b\u00e9n\u00e9ficie pas d\u2019un actionnaire tr\u00e8s solide, est en danger\u00bb, Jean-Marc Mickeler r\u00e9pond par l\u2019affirmative \u00e0 la question de savoir s\u2019il a un risque de rel\u00e9gation administrative qui p\u00e8se sur certains clubs. \u00abEn fonction de la capacit\u00e9 des actionnaires \u00e0 faire ou ne pas faire ou la volont\u00e9 de faire ou de ne pas faire, il n\u2019est pas exclu qu\u2019il y ait cette saison une ou plusieurs r\u00e9trogradations administratives. Attention. Il n\u2019y aura pas, comme j\u2019ai pu l\u2019entendre, 5, 6, 7 r\u00e9trogradations. On ne jouera pas \u00e0 12 en Ligue 1. C\u2019est un sc\u00e9nario qui n\u2019existe pas\u00bb, promet-il, ajoutant qu\u2019il est \u00abtr\u00e8s probable qu\u2019il y ait un nombre plus important de mesures d\u2019encadrement, voire de mesures d\u2019interdiction de recrutement que l\u2019ann\u00e9e derni\u00e8re\u00bb.<\/p>\n<blockquote class=\"fig-quote&#10;    \">\n<p class=\"fig-quote__text\">Il existe une porte de sortie de crise \u00e0 court terme, elle est \u00e9troite\u2026<\/p>\n<p>            Jean-Marc Mickeler\n    <\/p><\/blockquote>\n<p class=\"fig-paragraph\">Jean-Marc Mickeler estime par ailleurs que les r\u00e9centes mesures visant \u00e0 r\u00e9former les instances du football hexagonal vont \u00abdans la bonne direction\u00bb. Des motifs d\u2019espoir\u00a0? \u00abIl y a une porte, elle est \u00e9troite, mais une porte de sortie de crise, \u00e0 court terme, existe. On a des bases. Les stades sont pleins et, de m\u00e9moire, je ne me souviens pas d\u2019un championnat aussi int\u00e9ressant avec des enjeux \u00e0 presque tous les niveaux jusqu\u2019\u00e0 la derni\u00e8re journ\u00e9e de championnat. On a des gens qui ont envie de consommer du football et de tr\u00e8s bons r\u00e9sultats en Europe cette saison pour l\u2019ensemble de nos clubs fran\u00e7ais. Il y a une formidable opportunit\u00e9 si les bonnes d\u00e9cisions sont prises par les clubs, l\u00e0 tout de suite \u00e0 court terme\u00bb, glisse-t-il. Reste aux uns et aux autres \u00e0 prendre les bonnes d\u00e9cisions\u2026<\/p>\n","protected":false},"excerpt":{"rendered":"Le pr\u00e9sident de la Direction nationale du contr\u00f4le de gestion dresse un bilan alarmant de la situation des&hellip;\n","protected":false},"author":2,"featured_media":123623,"comment_status":"","ping_status":"","sticky":false,"template":"","format":"standard","meta":{"footnotes":""},"categories":[1412],"tags":[525,1981,814,1451,2257,63,1452,1453,1454,1455,1011,27,3309,66,446,1307,955,1176,978,93,1980,60],"class_list":{"0":"post-123622","1":"post","2":"type-post","3":"status-publish","4":"format-standard","5":"has-post-thumbnail","7":"category-f1","8":"tag-calendrier","9":"tag-classement","10":"tag-direct","11":"tag-f1","12":"tag-foot","13":"tag-football","14":"tag-formula-1","15":"tag-formula1","16":"tag-formule-1","17":"tag-formule1","18":"tag-fr","19":"tag-france","20":"tag-l1","21":"tag-ligue-1","22":"tag-ligue-2","23":"tag-lille","24":"tag-match","25":"tag-olympique-de-marseille","26":"tag-olympique-lyonnais","27":"tag-psg","28":"tag-resultats","29":"tag-sports"},"share_on_mastodon":{"url":"https:\/\/pubeurope.com\/@fr\/114560859081590162","error":""},"_links":{"self":[{"href":"https:\/\/www.europesays.com\/fr\/wp-json\/wp\/v2\/posts\/123622","targetHints":{"allow":["GET"]}}],"collection":[{"href":"https:\/\/www.europesays.com\/fr\/wp-json\/wp\/v2\/posts"}],"about":[{"href":"https:\/\/www.europesays.com\/fr\/wp-json\/wp\/v2\/types\/post"}],"author":[{"embeddable":true,"href":"https:\/\/www.europesays.com\/fr\/wp-json\/wp\/v2\/users\/2"}],"replies":[{"embeddable":true,"href":"https:\/\/www.europesays.com\/fr\/wp-json\/wp\/v2\/comments?post=123622"}],"version-history":[{"count":0,"href":"https:\/\/www.europesays.com\/fr\/wp-json\/wp\/v2\/posts\/123622\/revisions"}],"wp:featuredmedia":[{"embeddable":true,"href":"https:\/\/www.europesays.com\/fr\/wp-json\/wp\/v2\/media\/123623"}],"wp:attachment":[{"href":"https:\/\/www.europesays.com\/fr\/wp-json\/wp\/v2\/media?parent=123622"}],"wp:term":[{"taxonomy":"category","embeddable":true,"href":"https:\/\/www.europesays.com\/fr\/wp-json\/wp\/v2\/categories?post=123622"},{"taxonomy":"post_tag","embeddable":true,"href":"https:\/\/www.europesays.com\/fr\/wp-json\/wp\/v2\/tags?post=123622"}],"curies":[{"name":"wp","href":"https:\/\/api.w.org\/{rel}","templated":true}]}}