{"id":123624,"date":"2025-05-24T04:12:09","date_gmt":"2025-05-24T04:12:09","guid":{"rendered":"https:\/\/www.europesays.com\/fr\/123624\/"},"modified":"2025-05-24T04:12:09","modified_gmt":"2025-05-24T04:12:09","slug":"cyclisme-tour-du-japon-le-mont-fuji-juge-de-paix-la-5e-etape-remportee-par-nahom-zeray","status":"publish","type":"post","link":"https:\/\/www.europesays.com\/fr\/123624\/","title":{"rendered":"Cyclisme. Tour du Japon &#8211; Le Mont Fuji juge de paix&#8230; la 5e \u00e9tape remport\u00e9e par Nahom Zeray"},"content":{"rendered":"<p>La 5e \u00e9tape du <strong>Tour du Japon<\/strong> a tenu toutes ses promesses, offrant un final spectaculaire sur les pentes majestueuses du Mont Fuji. Symbole spirituel et montagne sacr\u00e9e, le g\u00e9ant japonais a \u00e9t\u00e9 le th\u00e9\u00e2tre d\u2019un exploit sign\u00e9 par la<strong> JCL Team Ukyo<\/strong>. Sur cette courte mais redoutable \u00e9tape de 66 kilom\u00e8tres, l\u2019\u00c9rythr\u00e9en <strong>Nahom Zeray<\/strong> s\u2019est impos\u00e9 en solitaire, apr\u00e8s avoir dompt\u00e9 les rampes abruptes de l\u2019ascension finale (11,7km \u00e0 10,1%).<\/p>\n<p>Vid\u00e9o &#8211; Tous les ans, la Japon accueille le Crit\u00e9rium de Saitama Lire la suite de l&rsquo;article&#13;<\/p>\n<p>\u00a0<\/p>\n<p>&#13;<br \/>\nFancellu 2e et nouveau leader&#13;<\/p>\n<p><strong>Zeray <\/strong>a devanc\u00e9 de six secondes son co\u00e9quipier <strong>Alessandro Fancellu<\/strong>, auteur d\u2019une mont\u00e9e solide qui lui permet de reprendre le maillot jaune de leader.<\/p>\n<p>&#13;<\/p>\n<p>Autre membre de la formation japonaise au fort accent italien, <strong>Simone Raccani <\/strong>termine quatri\u00e8me et glisse \u00e0 la deuxi\u00e8me place du g\u00e9n\u00e9ral, \u00e0 21 secondes de Fancellu. L\u2019Australien <strong>Benjamin Dyball<\/strong> (Victoire Hiroshima) compl\u00e8te le podium de l\u2019\u00e9tape, \u00e0 23 secondes du vainqueur.<\/p>\n","protected":false},"excerpt":{"rendered":"La 5e \u00e9tape du Tour du Japon a tenu toutes ses promesses, offrant un final spectaculaire sur les&hellip;\n","protected":false},"author":2,"featured_media":123625,"comment_status":"","ping_status":"","sticky":false,"template":"","format":"standard","meta":{"footnotes":""},"categories":[1411],"tags":[1154,207,211,1011,27,209,60,210,24603,212,208,213],"class_list":{"0":"post-123624","1":"post","2":"type-post","3":"status-publish","4":"format-standard","5":"has-post-thumbnail","7":"category-cyclisme","8":"tag-cycling","9":"tag-cyclisme","10":"tag-ffc","11":"tag-fr","12":"tag-france","13":"tag-route","14":"tag-sports","15":"tag-tour-de-france","16":"tag-tour-du-japon","17":"tag-uci","18":"tag-velo","19":"tag-world-tour"},"share_on_mastodon":{"url":"https:\/\/pubeurope.com\/@fr\/114560863010357053","error":""},"_links":{"self":[{"href":"https:\/\/www.europesays.com\/fr\/wp-json\/wp\/v2\/posts\/123624","targetHints":{"allow":["GET"]}}],"collection":[{"href":"https:\/\/www.europesays.com\/fr\/wp-json\/wp\/v2\/posts"}],"about":[{"href":"https:\/\/www.europesays.com\/fr\/wp-json\/wp\/v2\/types\/post"}],"author":[{"embeddable":true,"href":"https:\/\/www.europesays.com\/fr\/wp-json\/wp\/v2\/users\/2"}],"replies":[{"embeddable":true,"href":"https:\/\/www.europesays.com\/fr\/wp-json\/wp\/v2\/comments?post=123624"}],"version-history":[{"count":0,"href":"https:\/\/www.europesays.com\/fr\/wp-json\/wp\/v2\/posts\/123624\/revisions"}],"wp:featuredmedia":[{"embeddable":true,"href":"https:\/\/www.europesays.com\/fr\/wp-json\/wp\/v2\/media\/123625"}],"wp:attachment":[{"href":"https:\/\/www.europesays.com\/fr\/wp-json\/wp\/v2\/media?parent=123624"}],"wp:term":[{"taxonomy":"category","embeddable":true,"href":"https:\/\/www.europesays.com\/fr\/wp-json\/wp\/v2\/categories?post=123624"},{"taxonomy":"post_tag","embeddable":true,"href":"https:\/\/www.europesays.com\/fr\/wp-json\/wp\/v2\/tags?post=123624"}],"curies":[{"name":"wp","href":"https:\/\/api.w.org\/{rel}","templated":true}]}}