{"id":123628,"date":"2025-05-24T04:14:08","date_gmt":"2025-05-24T04:14:08","guid":{"rendered":"https:\/\/www.europesays.com\/fr\/123628\/"},"modified":"2025-05-24T04:14:08","modified_gmt":"2025-05-24T04:14:08","slug":"karim-benzema-officialise-sa-relation-avec-lactrice-lyna-khoudri","status":"publish","type":"post","link":"https:\/\/www.europesays.com\/fr\/123628\/","title":{"rendered":"Karim Benzema officialise sa relation avec l&rsquo;actrice Lyna Khoudri"},"content":{"rendered":"<p itemprop=\"description\"><strong>Les rumeurs ont laiss\u00e9 place \u00e0 l&rsquo;officialisation de leur relation.<\/strong><\/p>\n<p>Ce vendredi soir, Karim Benzema et Lyna Khoudri ont d\u00e9cid\u00e9 de confirmer qu&rsquo;ils formait un couple en montant ensemble les marches du festival de Cannes, main dans la main.<\/p>\n<p>Cela faisait plusieurs mois que la presse people suspectait une amourette entre le footballeur natif de Bron et l&rsquo;actrice vue dans Papicha ou Les Trois Mousquetaires, notamment parce que Lyna Khoudri avaient lik\u00e9 des publications Instagram de KB9.<\/p>\n<p>Karim Benzema, form\u00e9 \u00e0 l&rsquo;OL, r\u00e9v\u00e9l\u00e9 au Real Madrid et aujourd&rsquo;hui en pr\u00e9-retraite \u00e0 Al-Ittihad en Arabie saoudite, partage avec sa dulcin\u00e9e le m\u00eame h\u00e9ritage franco-alg\u00e9rien.<\/p>\n<blockquote class=\"twitter-tweet\"><p>&#13;<\/p>\n<p dir=\"ltr\" lang=\"fr\">Karim Benzema et Lyna Khoudri officialisent au Festival de Cannes \ud83d\ude0d<\/p>\n<p>L\u2019actrice, venue pr\u00e9senter le film \u00ab 13 jours, 13 nuits \u00bb \u00e0 la 78e \u00e9dition du Festival de Cannes a fait sa premi\u00e8re apparition avec le footballeur Karim Benzema. Depuis des mois, les rumeurs sur leur couple\u2026 <a href=\"https:\/\/t.co\/bCBR5K29v9\">pic.twitter.com\/bCBR5K29v9<\/a><\/p>\n<p>&#13;<br \/>\n\u2014 Paris Match (@ParisMatch) <a href=\"https:\/\/twitter.com\/ParisMatch\/status\/1926010987557122276?ref_src=twsrc%5Etfw\" target=\"_blank\" rel=\"noopener\">May 23, 2025<\/a><\/p><\/blockquote>\n<p>\t\t  <script async src=\"https:\/\/platform.twitter.com\/widgets.js\" charset=\"utf-8\"><\/script><\/p>\n","protected":false},"excerpt":{"rendered":"Les rumeurs ont laiss\u00e9 place \u00e0 l&rsquo;officialisation de leur relation. Ce vendredi soir, Karim Benzema et Lyna Khoudri&hellip;\n","protected":false},"author":2,"featured_media":123629,"comment_status":"","ping_status":"","sticky":false,"template":"","format":"standard","meta":{"footnotes":""},"categories":[1359],"tags":[1111,11,2813,2190,1109,251,1112,58,2811,59,118,1011,27,1922,1110,1114,2428,2810,241,973,316,2812,517,800],"class_list":{"0":"post-123628","1":"post","2":"type-post","3":"status-publish","4":"format-standard","5":"has-post-thumbnail","7":"category-people","8":"tag-actu","9":"tag-actualites","10":"tag-article","11":"tag-asvel","12":"tag-breves","13":"tag-culture","14":"tag-depeches","15":"tag-divertissement","16":"tag-economique","17":"tag-entertainment","18":"tag-faits-divers","19":"tag-fr","20":"tag-france","21":"tag-info","22":"tag-informations","23":"tag-infos","24":"tag-lyon","25":"tag-lyonmag","26":"tag-ol","27":"tag-people","28":"tag-politique","29":"tag-sociale","30":"tag-sport","31":"tag-transports"},"share_on_mastodon":{"url":"https:\/\/pubeurope.com\/@fr\/114560871135610164","error":""},"_links":{"self":[{"href":"https:\/\/www.europesays.com\/fr\/wp-json\/wp\/v2\/posts\/123628","targetHints":{"allow":["GET"]}}],"collection":[{"href":"https:\/\/www.europesays.com\/fr\/wp-json\/wp\/v2\/posts"}],"about":[{"href":"https:\/\/www.europesays.com\/fr\/wp-json\/wp\/v2\/types\/post"}],"author":[{"embeddable":true,"href":"https:\/\/www.europesays.com\/fr\/wp-json\/wp\/v2\/users\/2"}],"replies":[{"embeddable":true,"href":"https:\/\/www.europesays.com\/fr\/wp-json\/wp\/v2\/comments?post=123628"}],"version-history":[{"count":0,"href":"https:\/\/www.europesays.com\/fr\/wp-json\/wp\/v2\/posts\/123628\/revisions"}],"wp:featuredmedia":[{"embeddable":true,"href":"https:\/\/www.europesays.com\/fr\/wp-json\/wp\/v2\/media\/123629"}],"wp:attachment":[{"href":"https:\/\/www.europesays.com\/fr\/wp-json\/wp\/v2\/media?parent=123628"}],"wp:term":[{"taxonomy":"category","embeddable":true,"href":"https:\/\/www.europesays.com\/fr\/wp-json\/wp\/v2\/categories?post=123628"},{"taxonomy":"post_tag","embeddable":true,"href":"https:\/\/www.europesays.com\/fr\/wp-json\/wp\/v2\/tags?post=123628"}],"curies":[{"name":"wp","href":"https:\/\/api.w.org\/{rel}","templated":true}]}}