{"id":123632,"date":"2025-05-24T04:16:09","date_gmt":"2025-05-24T04:16:09","guid":{"rendered":"https:\/\/www.europesays.com\/fr\/123632\/"},"modified":"2025-05-24T04:16:09","modified_gmt":"2025-05-24T04:16:09","slug":"un-roman-immersif-sur-lautisme-prime","status":"publish","type":"post","link":"https:\/\/www.europesays.com\/fr\/123632\/","title":{"rendered":"un roman immersif sur l&rsquo;autisme prim\u00e9"},"content":{"rendered":"<p style=\"font-style: italic\" itemprop=\"description\">Le prix Naissance d&rsquo;une \u0153uvre a \u00e9t\u00e9 remis \u00e0 Laurent Seyer pour son roman \u00ab\u00a0J&rsquo;ai pas les mots\u00a0\u00bb, qui plonge dans la conscience d&rsquo;un adolescent autiste non verbal. Un hommage litt\u00e9raire \u00e0 une parole souvent absente.<\/p>\n<p>Le prix Naissance d&rsquo;une \u0153uvre, destin\u00e9 aux auteurs confirm\u00e9s mais peu prim\u00e9s, a \u00e9t\u00e9 d\u00e9cern\u00e9 au romancier Laurent Seyer pour un livre sur l&rsquo;autisme. L&rsquo;\u00e9crivain de 60 ans, qui a men\u00e9 en parall\u00e8le une carri\u00e8re dans la finance, est r\u00e9compens\u00e9 pour J&rsquo;ai pas les mots, son quatri\u00e8me roman, paru en octobre chez Finitude.<\/p>\n<p><strong>Un livre <\/strong><strong>\u00ab\u00a0risqu\u00e9\u00a0\u00bb<\/strong><strong><\/strong><\/p>\n<p>Le livre donne la voix int\u00e9rieure, tr\u00e8s singuli\u00e8re, de J\u00e9r\u00e9my, un adolescent de 17 ans qui ne peut pas parler avec les autres en raison de son autisme s\u00e9v\u00e8re. Le jury a salu\u00e9 dans un communiqu\u00e9 \u00ab un travail de style remarquable \u00bb et \u00ab une histoire romanesque forte sur un sujet difficile \u00bb. \u00ab Tout \u00e9tait risqu\u00e9 dans ce livre. Se mettre dans la t\u00eate d&rsquo;une personne porteuse de handicap mental n&rsquo;est pas anodin \u00bb, a dit \u00e0 l&rsquo;AFP l&rsquo;auteur, joint au t\u00e9l\u00e9phone.<\/p>\n<p><strong>Acc\u00e9der au for int\u00e9rieur d&rsquo;un ado autiste<\/strong><\/p>\n<p>\u00ab En tant que lecteur, c&rsquo;est ce que j&rsquo;aime dans la litt\u00e9rature : \u00e0 travers une histoire, acc\u00e9der au for int\u00e9rieur d&rsquo;un personnage. Et cela passait par un travail sur la langue, qui puisse \u00eatre vraisemblable et faire sourire \u00bb, a-t-il ajout\u00e9.<\/p>\n<p>Le prix, dont c&rsquo;est la quatri\u00e8me \u00e9dition, dot\u00e9 de 20 000 euros, est remis \u00e0 l&rsquo;h\u00f4tel Armancette \u00e0 Saint-Gervais-les-Bains (Haute-Savoie).<\/p>\n<p>\u00a9 Couverture du livre J&rsquo;ai pas les mots<\/p>\n<p>\u00ab Tous droits de reproduction et de repr\u00e9sentation r\u00e9serv\u00e9s.\u00a9 (2025) Agence France-Presse.Toutes les informations reproduites sur cette page sont prot\u00e9g\u00e9es par des droits de propri\u00e9t\u00e9 intellectuelle d\u00e9tenus par l&rsquo;AFP. Par cons\u00e9quent, aucune de ces informations ne peut \u00eatre reproduite, modifi\u00e9e, rediffus\u00e9e, traduite, exploit\u00e9e commercialement ou r\u00e9utilis\u00e9e de quelque mani\u00e8re que ce soit sans l&rsquo;accord pr\u00e9alable \u00e9crit de l&rsquo;AFP. L&rsquo;AFP ne pourra \u00eatre tenue pour responsable des d\u00e9lais, erreurs, omissions qui ne peuvent \u00eatre exclus, ni des cons\u00e9quences des actions ou transactions effectu\u00e9es sur la base de ces informations \u00bb.<\/p>\n<p>\n\t\tTh\u00e8mes : <\/p>\n","protected":false},"excerpt":{"rendered":"Le prix Naissance d&rsquo;une \u0153uvre a \u00e9t\u00e9 remis \u00e0 Laurent Seyer pour son roman \u00ab\u00a0J&rsquo;ai pas les mots\u00a0\u00bb,&hellip;\n","protected":false},"author":2,"featured_media":123633,"comment_status":"","ping_status":"","sticky":false,"template":"","format":"standard","meta":{"footnotes":""},"categories":[1357],"tags":[8187,1379,58,59,1011,27,1380,24604,2141,2004],"class_list":{"0":"post-123632","1":"post","2":"type-post","3":"status-publish","4":"format-standard","5":"has-post-thumbnail","7":"category-livres","8":"tag-autisme","9":"tag-books","10":"tag-divertissement","11":"tag-entertainment","12":"tag-fr","13":"tag-france","14":"tag-livres","15":"tag-naissance-d","16":"tag-prix","17":"tag-roman"},"share_on_mastodon":{"url":"https:\/\/pubeurope.com\/@fr\/114560878761259303","error":""},"_links":{"self":[{"href":"https:\/\/www.europesays.com\/fr\/wp-json\/wp\/v2\/posts\/123632","targetHints":{"allow":["GET"]}}],"collection":[{"href":"https:\/\/www.europesays.com\/fr\/wp-json\/wp\/v2\/posts"}],"about":[{"href":"https:\/\/www.europesays.com\/fr\/wp-json\/wp\/v2\/types\/post"}],"author":[{"embeddable":true,"href":"https:\/\/www.europesays.com\/fr\/wp-json\/wp\/v2\/users\/2"}],"replies":[{"embeddable":true,"href":"https:\/\/www.europesays.com\/fr\/wp-json\/wp\/v2\/comments?post=123632"}],"version-history":[{"count":0,"href":"https:\/\/www.europesays.com\/fr\/wp-json\/wp\/v2\/posts\/123632\/revisions"}],"wp:featuredmedia":[{"embeddable":true,"href":"https:\/\/www.europesays.com\/fr\/wp-json\/wp\/v2\/media\/123633"}],"wp:attachment":[{"href":"https:\/\/www.europesays.com\/fr\/wp-json\/wp\/v2\/media?parent=123632"}],"wp:term":[{"taxonomy":"category","embeddable":true,"href":"https:\/\/www.europesays.com\/fr\/wp-json\/wp\/v2\/categories?post=123632"},{"taxonomy":"post_tag","embeddable":true,"href":"https:\/\/www.europesays.com\/fr\/wp-json\/wp\/v2\/tags?post=123632"}],"curies":[{"name":"wp","href":"https:\/\/api.w.org\/{rel}","templated":true}]}}