{"id":123646,"date":"2025-05-24T04:24:09","date_gmt":"2025-05-24T04:24:09","guid":{"rendered":"https:\/\/www.europesays.com\/fr\/123646\/"},"modified":"2025-05-24T04:24:09","modified_gmt":"2025-05-24T04:24:09","slug":"jordan-bardella-dans-le-viseur-des-autorites-pour-sa-campagne-des-europeennes","status":"publish","type":"post","link":"https:\/\/www.europesays.com\/fr\/123646\/","title":{"rendered":"Jordan Bardella dans le viseur des autorit\u00e9s pour sa campagne des Europ\u00e9ennes"},"content":{"rendered":"<p>            Par<br \/>\n        <strong><br \/>\n            <a href=\"https:\/\/actu.fr\/auteur\/maxime-tsjoen\" title=\"Consulter tous les articles de Maxime T&#039;sjoen\" target=\"_blank\" rel=\"noopener\">Maxime T&rsquo;sjoen<\/a><br \/>\n        <\/strong><\/p>\n<p>        Publi\u00e9 le<\/p>\n<p>            23 mai 2025 \u00e0 19h06        <\/p>\n<p>C\u2019est un \u00e9pais document de 130 pages, pass\u00e9 quelque peu inaper\u00e7u. Les d\u00e9cisions concernant les comptes de campagne aux \u00e9lections europ\u00e9ennes de 2024 ont \u00e9t\u00e9 publi\u00e9es \u00e0 la fin du mois d\u2019avril\u00a02025 par la Commission nationale des comptes de campagne et des financements politiques.<\/p>\n<p class=\" wall-content\">Ces d\u00e9cisions avaient \u00e9t\u00e9 rendues en d\u00e9cembre 2024, mais \u00e9taient rest\u00e9es sous silence avant leur publication r\u00e9v\u00e9l\u00e9e par <a href=\"https:\/\/www.lemonde.fr\/les-decodeurs\/article\/2025\/05\/19\/le-financement-de-la-campagne-de-jordan-bardella-aux-europeennes-de-2024-dans-le-viseur-des-autorites_6607217_4355770.html\" target=\"_blank\" rel=\"noopener\">Le Monde<\/a>.<\/p>\n<p class=\" wall-content\">Dedans, un paragraphe et quatre lignes <strong>viennent potentiellement remettre en cause les comptes de campagne<\/strong> de <a href=\"https:\/\/actu.fr\/tag\/jordan-bardella\" target=\"_blank\" rel=\"noopener\">Jordan Bardella<\/a>, t\u00eate de liste du <a href=\"https:\/\/actu.fr\/tag\/rassemblement-national-rn\" target=\"_blank\" rel=\"noopener\">RN<\/a>, malgr\u00e9 <strong>leur certification par la commission<\/strong>.\u00a0<\/p>\n<p>Une histoire de pr\u00eats<\/p>\n<p class=\" wall-content\">Dans sa d\u00e9cision, la commission \u00e9crit que le candidat t\u00eate de liste, Jordan Bardella donc, \u00ab\u2009a emprunt\u00e9 la somme totale de 4\u2009470\u2009212 euros aupr\u00e8s de 225 personnes physiques.\u2009\u00bb<\/p>\n<p class=\" wall-content\">Jusque-l\u00e0 rien d\u2019anormal. N\u00e9anmoins, peut-on lire, \u00ab\u2009parmi ces pr\u00eateurs, certains ont d\u00e9j\u00e0 consenti des pr\u00eats \u00e0 d\u2019autres candidats de la formation politique soutenant la liste, voire \u00e0 Jordan Bardella \u00e0 l\u2019occasion d\u2019autres scrutins\u2009\u00bb.<\/p>\n<p>Vid\u00e9os : en ce moment sur Actu<\/p>\n<p class=\" wall-content\">Et l\u00e0, cela peut poser un probl\u00e8me.<\/p>\n<blockquote class=\"ac-article-quote wall-content\">\n<p>En application des dispositions de l&rsquo;article L. 52-7-1 du code \u00e9lectoral, les personnes physiques peuvent consentir des pr\u00eats \u00e0 un candidat d\u00e8s lors que ces pr\u00eats ne sont pas effectu\u00e9s \u00e0 titre habituel.<\/p>\n<p>    <strong>Commission nationale des comptes de campagne et de financement de la politique<\/strong>\n            <\/p><\/blockquote>\n<p class=\" wall-content\">Notez que les pr\u00eats effectu\u00e9s aupr\u00e8s de particulier comme l\u2019a fait Jordan Bardella sont autoris\u00e9s par le code \u00e9lectoral, \u00e0 l\u2019exception de l\u2019\u00e9lection pr\u00e9sidentielle. D\u2019ailleurs, d\u2019autres candidats (Marion Mar\u00e9chal, Rapha\u00ebl Glucksmann\u2026) ont eu recours \u00e0 des pr\u00eats aupr\u00e8s de particuliers, mais dans des proportions bien moindres que le pr\u00e9sident du RN.<\/p>\n<p>Comment est d\u00e9fini un pr\u00eat habituel\u2009?<\/p>\n<p class=\" wall-content\">C\u2019est donc une notion importante qui doit \u00eatre consid\u00e9r\u00e9e dans les comptes de campagne de Jordan Bardella\u2009: celle de pr\u00eat habituel. Ce crit\u00e8re avait \u00e9t\u00e9 mis en place dans la loi du 15\u00a0septembre 2017 pour la confiance dans la vie politique. L\u2019objectif de celui-ci est qu\u2019il n\u2019y ait pas de \u00ab\u2009dons d\u00e9guis\u00e9s\u2009\u00bb.<\/p>\n<p class=\" wall-content\">Dans son pr\u00e9c\u00e9dent rapport d\u2019activit\u00e9, la Commission des comptes de campagne \u00e9crivait qu\u2019elle appr\u00e9ciait \u00ab\u2009la port\u00e9e de la notion d\u2019habitude au regard de l\u2019objectif de moralisation de la vie politique fix\u00e9 par le l\u00e9gislateur\u2009\u00bb.<\/p>\n<p class=\" wall-content\">Toujours dans le m\u00eame rapport, la commission assure \u00ab\u2009saisir le parquet d\u00e8s lors qu\u2019un <strong>m\u00eame pr\u00eateur a consenti \u00e0 au moins cinq pr\u00eats, r\u00e9partis sur une ou plusieurs \u00e9lections, d\u2019un montant total \u00e9gal ou sup\u00e9rieur \u00e0 75\u2009000 euros<\/strong>\u2009\u00bb.<\/p>\n<p class=\" wall-content\">Et dans la d\u00e9cision sur les comptes de campagne des Europ\u00e9ennes, la Commission se r\u00e9serve ainsi le droit de saisir la justice.<\/p>\n<blockquote class=\"ac-article-quote wall-content\">\n<p>La Commission apportera \u00e0 ses constatations les suites appropri\u00e9es telles que pr\u00e9vues par les dispositions de l&rsquo;article L. 52-15 du code \u00e9lectoral.<\/p>\n<p>    <strong>Commission national des comptes de campagne et de financement de la politique<\/strong>\n            <\/p><\/blockquote>\n<p class=\" wall-content\">Concr\u00e8tement, il est reproch\u00e9 \u00e0 Jordan Bardella d\u2019avoir emprunt\u00e9 \u00e0 des particuliers qui auraient d\u00e9j\u00e0 pr\u00eat\u00e9 de l\u2019argent au parti ou dans le cadre d\u2019une pr\u00e9c\u00e9dente campagne. Reste \u00e0 savoir dans quelle proportion exactement.<\/p>\n<p class=\" wall-content\">Sollicit\u00e9e par actu.fr,\u00a0la commission n\u2019a pas r\u00e9pondu.<\/p>\n<p>Une autre enqu\u00eate ouverte sur le financement du parti<\/p>\n<p class=\" wall-content\">Cette affaire intervient quelques semaines apr\u00e8s la condamnation de Marine Le Pen dans l\u2019affaire des assistants parlementaires, <a href=\"https:\/\/actu.fr\/politique\/proces-du-rn-condamnee-marine-le-pen-sera-ineligible-pour-la-presidentielle-de-2027_62437488.html\" target=\"_blank\" rel=\"noopener\">dont elle a fait appel<\/a>.<\/p>\n<p class=\" wall-content\">Par ailleurs, une information judiciaire a \u00e9t\u00e9 ouverte en juillet 2024 apr\u00e8s un signalement de la commission nationale des comptes de campagne et des financements politiques.<\/p>\n<p class=\" wall-content\">Il s\u2019agit cette fois, selon\u00a0<a href=\"https:\/\/www.challenges.fr\/politique\/les-grands-emprunts-du-rn-dans-le-viseur-du-gendarme-du-financement-politique_603917\" target=\"_blank\" rel=\"noopener\">Challenges<\/a>, de 23 pr\u00eats particuliers, qui auraient \u00e9t\u00e9 r\u00e9alis\u00e9s de mani\u00e8re r\u00e9currente au RN, pour un montant total sup\u00e9rieur \u00e0 2,3\u00a0millions d\u2019euros, entre\u00a02020 et\u00a02023, que le parti tarde par ailleurs \u00e0 rembourser.<\/p>\n<p class=\" wall-content\">Jordan Bardella, qui a affirm\u00e9 avoir \u00ab\u2009d\u00e9couvert\u2009\u00bb l\u2019affaire lors de sa parution dans la presse, a assur\u00e9 n\u2019avoir \u00ab\u2009rien \u00e0 (se) reprocher\u2009\u00bb en marge d\u2019un d\u00e9placement \u00e0 Montceau-les-Mines (Sa\u00f4ne-et-Loire).<\/p>\n<blockquote class=\"ac-article-quote wall-content\">\n<p>On est en train de reprocher au Rassemblement national &#8211; \u00e0 qui toutes les banques ont refus\u00e9 d&rsquo;accorder des pr\u00eats lors des derni\u00e8res \u00e9lections pr\u00e9sidentielles &#8211; notamment d&rsquo;\u00eatre all\u00e9 chercher des pr\u00eats \u00e0 des particuliers, (qui) sont encadr\u00e9s, font l&rsquo;objet de contrats et sont parfaitement l\u00e9gaux.<\/p>\n<p>    <strong>Jordan Bardella<\/strong>\n            <\/p><\/blockquote>\n<p class=\" wall-content\">Le pr\u00e9sident du RN d\u00e9nonce une \u00ab\u2009op\u00e9ration de harc\u00e8lement\u2009\u00bb et \u00ab\u2009une volont\u00e9 de mort financi\u00e8re\u2009\u00bb de son parti. Contact\u00e9 par\u00a0actu.fr, le RN n\u2019a pas donn\u00e9 suite.<\/p>\n<p class=\" wall-content\">Suivez toute l\u2019actualit\u00e9 de vos villes et m\u00e9dias favoris en vous inscrivant \u00e0 <a href=\"https:\/\/moncompte.actu.fr\" title=\"D\u00e9couvez Mon Actu\" rel=\"nofollow noopener\" data-trk=\"{&quot;cta&quot;:{&quot;action&quot;:&quot;https:\\\/\\\/moncompte.actu.fr&quot;,&quot;category&quot;:&quot;mon compte&quot;,&quot;from&quot;:&quot;article footer&quot;,&quot;name&quot;:&quot;Mon actu&quot;,&quot;type&quot;:&quot;cta&quot;}}\" target=\"_blank\">Mon Actu<\/a>.<\/p>\n","protected":false},"excerpt":{"rendered":"Par Maxime T&rsquo;sjoen Publi\u00e9 le 23 mai 2025 \u00e0 19h06 C\u2019est un \u00e9pais document de 130 pages, pass\u00e9&hellip;\n","protected":false},"author":2,"featured_media":123647,"comment_status":"","ping_status":"","sticky":false,"template":"","format":"standard","meta":{"footnotes":""},"categories":[6],"tags":[35,33,34,11100,1011,27,1077,316,2556],"class_list":{"0":"post-123646","1":"post","2":"type-post","3":"status-publish","4":"format-standard","5":"has-post-thumbnail","7":"category-economie","8":"tag-business","9":"tag-economie","10":"tag-economy","11":"tag-europeennes-2024","12":"tag-fr","13":"tag-france","14":"tag-jordan-bardella","15":"tag-politique","16":"tag-rassemblement-national-rn"},"share_on_mastodon":{"url":"https:\/\/pubeurope.com\/@fr\/114560910169714439","error":""},"_links":{"self":[{"href":"https:\/\/www.europesays.com\/fr\/wp-json\/wp\/v2\/posts\/123646","targetHints":{"allow":["GET"]}}],"collection":[{"href":"https:\/\/www.europesays.com\/fr\/wp-json\/wp\/v2\/posts"}],"about":[{"href":"https:\/\/www.europesays.com\/fr\/wp-json\/wp\/v2\/types\/post"}],"author":[{"embeddable":true,"href":"https:\/\/www.europesays.com\/fr\/wp-json\/wp\/v2\/users\/2"}],"replies":[{"embeddable":true,"href":"https:\/\/www.europesays.com\/fr\/wp-json\/wp\/v2\/comments?post=123646"}],"version-history":[{"count":0,"href":"https:\/\/www.europesays.com\/fr\/wp-json\/wp\/v2\/posts\/123646\/revisions"}],"wp:featuredmedia":[{"embeddable":true,"href":"https:\/\/www.europesays.com\/fr\/wp-json\/wp\/v2\/media\/123647"}],"wp:attachment":[{"href":"https:\/\/www.europesays.com\/fr\/wp-json\/wp\/v2\/media?parent=123646"}],"wp:term":[{"taxonomy":"category","embeddable":true,"href":"https:\/\/www.europesays.com\/fr\/wp-json\/wp\/v2\/categories?post=123646"},{"taxonomy":"post_tag","embeddable":true,"href":"https:\/\/www.europesays.com\/fr\/wp-json\/wp\/v2\/tags?post=123646"}],"curies":[{"name":"wp","href":"https:\/\/api.w.org\/{rel}","templated":true}]}}