{"id":123654,"date":"2025-05-24T04:28:46","date_gmt":"2025-05-24T04:28:46","guid":{"rendered":"https:\/\/www.europesays.com\/fr\/123654\/"},"modified":"2025-05-24T04:28:46","modified_gmt":"2025-05-24T04:28:46","slug":"la-ligne-snfc-saint-etienne-lyon-coupee-apres-une-fuite-de-gaz-a-saint-chamond","status":"publish","type":"post","link":"https:\/\/www.europesays.com\/fr\/123654\/","title":{"rendered":"La ligne SNFC Saint-Etienne \/ Lyon coup\u00e9e apr\u00e8s une fuite de gaz \u00e0 Saint-Chamond"},"content":{"rendered":"<p><img decoding=\"async\" class=\"\" style=\"width:100%\" src=\"https:\/\/www.europesays.com\/fr\/wp-content\/uploads\/2025\/05\/89832663_10158066016642103_9019641109277573120_n1664875397393.jpg\" alt=\"GRDF\"\/><\/p>\n<p>GRDF<\/p>\n<p>Cr\u00e9dit : Photo d&rsquo;illustration Facebook GRDF<\/p>\n<p>Ce lundi, vers 9 heures 30, une fuite de gaz sur le r\u00e9seau de distribution, a eu lieu, rue Georges Clemenceau, \u00e0 Saint-Chamond. Celle-ci a \u00e9t\u00e9 provoqu\u00e9e par un engin de chantier. La fuite a finalement pu \u00eatre stopp\u00e9e par les agents de GRDF.<\/p>\n<p>Mais durant l&rsquo;intervention, plusieurs voies de circulation ainsi que la ligne SNCF Saint-Etienne \/ Lyon ont d\u00fb \u00eatre coup\u00e9es. \u00ab\u00a0Deux personnes ont d\u00fb \u00eatre \u00e9vacu\u00e9es de leur habition et une autre mise en s\u00e9curit\u00e9\u00a0\u00bb, pr\u00e9cise le SDIS 42.<\/p>\n<p>Tout est depuis rentr\u00e9 dans l&rsquo;ordre.<\/p>\n","protected":false},"excerpt":{"rendered":"GRDF Cr\u00e9dit : Photo d&rsquo;illustration Facebook GRDF Ce lundi, vers 9 heures 30, une fuite de gaz sur&hellip;\n","protected":false},"author":2,"featured_media":123655,"comment_status":"","ping_status":"","sticky":false,"template":"","format":"standard","meta":{"footnotes":""},"categories":[9653],"tags":[1111,11,2430,1777,674,1011,27,7066,843,24606,3367,2428,12,25,9669,4001],"class_list":{"0":"post-123654","1":"post","2":"type-post","3":"status-publish","4":"format-standard","5":"has-post-thumbnail","7":"category-saint-etienne","8":"tag-actu","9":"tag-actualites","10":"tag-auvergne-rhone-alpes","11":"tag-eu","12":"tag-europe","13":"tag-fr","14":"tag-france","15":"tag-fuite","16":"tag-gaz","17":"tag-ligne_sncf","18":"tag-loire","19":"tag-lyon","20":"tag-news","21":"tag-republique-francaise","22":"tag-saint-chamond","23":"tag-saint-etienne"},"share_on_mastodon":{"url":"https:\/\/pubeurope.com\/@fr\/114560925966299277","error":""},"_links":{"self":[{"href":"https:\/\/www.europesays.com\/fr\/wp-json\/wp\/v2\/posts\/123654","targetHints":{"allow":["GET"]}}],"collection":[{"href":"https:\/\/www.europesays.com\/fr\/wp-json\/wp\/v2\/posts"}],"about":[{"href":"https:\/\/www.europesays.com\/fr\/wp-json\/wp\/v2\/types\/post"}],"author":[{"embeddable":true,"href":"https:\/\/www.europesays.com\/fr\/wp-json\/wp\/v2\/users\/2"}],"replies":[{"embeddable":true,"href":"https:\/\/www.europesays.com\/fr\/wp-json\/wp\/v2\/comments?post=123654"}],"version-history":[{"count":0,"href":"https:\/\/www.europesays.com\/fr\/wp-json\/wp\/v2\/posts\/123654\/revisions"}],"wp:featuredmedia":[{"embeddable":true,"href":"https:\/\/www.europesays.com\/fr\/wp-json\/wp\/v2\/media\/123655"}],"wp:attachment":[{"href":"https:\/\/www.europesays.com\/fr\/wp-json\/wp\/v2\/media?parent=123654"}],"wp:term":[{"taxonomy":"category","embeddable":true,"href":"https:\/\/www.europesays.com\/fr\/wp-json\/wp\/v2\/categories?post=123654"},{"taxonomy":"post_tag","embeddable":true,"href":"https:\/\/www.europesays.com\/fr\/wp-json\/wp\/v2\/tags?post=123654"}],"curies":[{"name":"wp","href":"https:\/\/api.w.org\/{rel}","templated":true}]}}