{"id":123675,"date":"2025-05-24T04:40:13","date_gmt":"2025-05-24T04:40:13","guid":{"rendered":"https:\/\/www.europesays.com\/fr\/123675\/"},"modified":"2025-05-24T04:40:13","modified_gmt":"2025-05-24T04:40:13","slug":"lopposition-titille-eric-piolle-sur-sa-volonte-de-requisitionner-des-logements-vacants-a-grenoble","status":"publish","type":"post","link":"https:\/\/www.europesays.com\/fr\/123675\/","title":{"rendered":"l&rsquo;opposition titille Eric Piolle sur sa volont\u00e9 de r\u00e9quisitionner des logements vacants \u00e0 Grenoble"},"content":{"rendered":"<p>\t\t\t\t\t\t\t\t\t\t\t<img loading=\"lazy\" decoding=\"async\" width=\"1110\" title=\"&quot;Que la municipalit\u00e9 donne l\u2019exemple&quot; : l'opposition titille Eric Piolle sur sa volont\u00e9 de r\u00e9quisitionner des logements vacants \u00e0 Grenoble\" class=\"img-fluid not_lzld mb-3\" src=\"https:\/\/www.europesays.com\/fr\/wp-content\/uploads\/2025\/05\/1110x624_que-la-municipalite-donne-l-exemple-l-opposition-titille-eric-piolle-sur-sa-volonte-de-requ\" alt=\"&quot;Que la municipalit\u00e9 donne l\u2019exemple&quot; : l'opposition titille Eric Piolle sur sa volont\u00e9 de r\u00e9quisitionner des logements vacants \u00e0 Grenoble\" itemprop=\"image\" height=\"624\"\/>\t\t\t\t\t\t\t\t\t\t\t\t<\/p>\n<p>\u00ab\u00a0Que la municipalit\u00e9 donne l\u2019exemple\u00a0\u00bb : l&rsquo;opposition titille Eric Piolle sur sa volont\u00e9 de r\u00e9quisitionner des logements vacants \u00e0 Grenoble &#8211; DR<\/p>\n<p itemprop=\"description\"><strong>\u00c0 travers un communiqu\u00e9 paru ce vendredi 23 mai, le groupe d\u2019opposition Soci\u00e9t\u00e9 civile, divers droite et centre s\u2019est offusqu\u00e9 de la volont\u00e9 du maire de Grenoble de r\u00e9quisitionner des logements vacants.<\/strong><\/p>\n<p class=\"x_MsoNormal\" style=\"color: #242424; font-style: normal; font-variant-ligatures: normal; font-variant-caps: normal; font-weight: 400; letter-spacing: normal; orphans: 2; text-align: start; text-indent: 0px; text-transform: none; widows: 2; word-spacing: 0px; -webkit-text-stroke-width: 0px; white-space: normal; background-color: #ffffff; text-decoration-thickness: initial; text-decoration-style: initial; text-decoration-color: initial; margin: 0cm 0cm 8pt; line-height: 18.4px; font-size: 12pt; font-family: Calibri, sans-serif;\">En d\u00e9but de semaine, le maire de Grenoble, Eric Piolle, a annonc\u00e9 qu\u2019il allait prendre un arr\u00eat\u00e9 pour suppl\u00e9er la demande de la Ville \u00e0 la Pr\u00e9fecture de l\u2019Is\u00e8re de proc\u00e9der \u00e0 de nouvelles r\u00e9quisitions de logements vacants. Une premi\u00e8re en France.<\/p>\n<p class=\"x_MsoNormal\" style=\"color: #242424; font-style: normal; font-variant-ligatures: normal; font-variant-caps: normal; font-weight: 400; letter-spacing: normal; orphans: 2; text-align: start; text-indent: 0px; text-transform: none; widows: 2; word-spacing: 0px; -webkit-text-stroke-width: 0px; white-space: normal; background-color: #ffffff; text-decoration-thickness: initial; text-decoration-style: initial; text-decoration-color: initial; margin: 0cm 0cm 8pt; line-height: 18.4px; font-size: 12pt; font-family: Calibri, sans-serif;\">Cette d\u00e9claration a fait grincer les dents des services de l&rsquo;Etat, mais \u00e9galement de l\u2019opposition, dont le groupe Soci\u00e9t\u00e9 civile, divers droite et centre.<\/p>\n<p class=\"x_MsoNormal\" style=\"color: #242424; font-style: normal; font-variant-ligatures: normal; font-variant-caps: normal; font-weight: 400; letter-spacing: normal; orphans: 2; text-align: start; text-indent: 0px; text-transform: none; widows: 2; word-spacing: 0px; -webkit-text-stroke-width: 0px; white-space: normal; background-color: #ffffff; text-decoration-thickness: initial; text-decoration-style: initial; text-decoration-color: initial; margin: 0cm 0cm 8pt; line-height: 18.4px; font-size: 12pt; font-family: Calibri, sans-serif;\">Au sein d\u2019un communiqu\u00e9, plusieurs conseillers municipaux et m\u00e9tropolitains de droite se sont rassembl\u00e9s pour d\u00e9noncer l\u2019acte du maire actuel. \u00ab\u00a0Avec ses nouvelles annonces de r\u00e9quisitions de logements, la municipalit\u00e9 fustige \u00e0 nouveau les propri\u00e9taires grenoblois qu&rsquo;elle accable d\u00e9j\u00e0 de la taxe fonci\u00e8re la plus \u00e9lev\u00e9e des grandes villes. Elle leur impose le blocage des loyers, le permis de louer, et ces derniers subissent la plus faible valeur des biens par rapport aux villes comparables. Cette d\u00e9testation ne produit aucun effet positif sur l&rsquo;offre de logements\u00a0\u00bb, tancent les \u00e9lus autour d&rsquo;Alain Carignon.<\/p>\n<p class=\"x_MsoNormal\" style=\"color: #242424; font-style: normal; font-variant-ligatures: normal; font-variant-caps: normal; font-weight: 400; letter-spacing: normal; orphans: 2; text-align: start; text-indent: 0px; text-transform: none; widows: 2; word-spacing: 0px; -webkit-text-stroke-width: 0px; white-space: normal; background-color: #ffffff; text-decoration-thickness: initial; text-decoration-style: initial; text-decoration-color: initial; margin: 0cm 0cm 8pt; line-height: 18.4px; font-size: 12pt; font-family: Calibri, sans-serif;\">\u00ab\u00a0Plut\u00f4t que cette surench\u00e8re folle, la municipalit\u00e9 devrait s&rsquo;interroger sur tous ses propres logements vides\u00a0\u00bb, estiment-ils. Des immeubles situ\u00e9s dans les rues Jay, Argouges et des villas des rues Argouges et cours Berriat sont notamment dans le viseur. Ces propri\u00e9t\u00e9s de la Ville sont aujourd\u2019hui laiss\u00e9es \u00e0 l\u2019abandon.<\/p>\n<p class=\"x_MsoNormal\" style=\"color: #242424; font-style: normal; font-variant-ligatures: normal; font-variant-caps: normal; font-weight: 400; letter-spacing: normal; orphans: 2; text-align: start; text-indent: 0px; text-transform: none; widows: 2; word-spacing: 0px; -webkit-text-stroke-width: 0px; white-space: normal; background-color: #ffffff; text-decoration-thickness: initial; text-decoration-style: initial; text-decoration-color: initial; margin: 0cm 0cm 8pt; line-height: 18.4px; font-size: 12pt; font-family: Calibri, sans-serif;\">Les conseillers concluent en s\u2019attaquant directement aux \u00e9lus :\u00a0\u00ab\u00a0Sur ce dossier comme sur tous les autres, que la municipalit\u00e9 donne l&rsquo;exemple avant de donner la le\u00e7on au monde et aux propri\u00e9taires pour faire face \u00e0 sa d\u00e9magogie sur le \u2018logement inconditionnel\u2019 qu&rsquo;elle n&rsquo;a, \u00e9videmment, en aucune mesure, les moyens de tenir\u00a0\u00bb.<\/p>\n","protected":false},"excerpt":{"rendered":"\u00ab\u00a0Que la municipalit\u00e9 donne l\u2019exemple\u00a0\u00bb : l&rsquo;opposition titille Eric Piolle sur sa volont\u00e9 de r\u00e9quisitionner des logements vacants&hellip;\n","protected":false},"author":2,"featured_media":123676,"comment_status":"","ping_status":"","sticky":false,"template":"","format":"standard","meta":{"footnotes":""},"categories":[9566],"tags":[1111,11,7733,8279,2430,7736,650,7734,2889,2263,1777,674,1011,27,2731,8280,6417,1114,108,4662,12,3725,1825,25,7737],"class_list":{"0":"post-123675","1":"post","2":"type-post","3":"status-publish","4":"format-standard","5":"has-post-thumbnail","7":"category-grenoble","8":"tag-actu","9":"tag-actualites","10":"tag-alpes","11":"tag-alpes1","12":"tag-auvergne-rhone-alpes","13":"tag-cds","14":"tag-cinema","15":"tag-ecoute","16":"tag-emission","17":"tag-equipe","18":"tag-eu","19":"tag-europe","20":"tag-fr","21":"tag-france","22":"tag-grenoble","23":"tag-haute","24":"tag-information","25":"tag-infos","26":"tag-isere","27":"tag-journal","28":"tag-news","29":"tag-podcast","30":"tag-radio","31":"tag-republique-francaise","32":"tag-winamp"},"share_on_mastodon":{"url":"https:\/\/pubeurope.com\/@fr\/114560973116221769","error":""},"_links":{"self":[{"href":"https:\/\/www.europesays.com\/fr\/wp-json\/wp\/v2\/posts\/123675","targetHints":{"allow":["GET"]}}],"collection":[{"href":"https:\/\/www.europesays.com\/fr\/wp-json\/wp\/v2\/posts"}],"about":[{"href":"https:\/\/www.europesays.com\/fr\/wp-json\/wp\/v2\/types\/post"}],"author":[{"embeddable":true,"href":"https:\/\/www.europesays.com\/fr\/wp-json\/wp\/v2\/users\/2"}],"replies":[{"embeddable":true,"href":"https:\/\/www.europesays.com\/fr\/wp-json\/wp\/v2\/comments?post=123675"}],"version-history":[{"count":0,"href":"https:\/\/www.europesays.com\/fr\/wp-json\/wp\/v2\/posts\/123675\/revisions"}],"wp:featuredmedia":[{"embeddable":true,"href":"https:\/\/www.europesays.com\/fr\/wp-json\/wp\/v2\/media\/123676"}],"wp:attachment":[{"href":"https:\/\/www.europesays.com\/fr\/wp-json\/wp\/v2\/media?parent=123675"}],"wp:term":[{"taxonomy":"category","embeddable":true,"href":"https:\/\/www.europesays.com\/fr\/wp-json\/wp\/v2\/categories?post=123675"},{"taxonomy":"post_tag","embeddable":true,"href":"https:\/\/www.europesays.com\/fr\/wp-json\/wp\/v2\/tags?post=123675"}],"curies":[{"name":"wp","href":"https:\/\/api.w.org\/{rel}","templated":true}]}}