{"id":123679,"date":"2025-05-24T04:43:10","date_gmt":"2025-05-24T04:43:10","guid":{"rendered":"https:\/\/www.europesays.com\/fr\/123679\/"},"modified":"2025-05-24T04:43:10","modified_gmt":"2025-05-24T04:43:10","slug":"au-theatre-alsacien-un-hymne-a-la-langue-regionale","status":"publish","type":"post","link":"https:\/\/www.europesays.com\/fr\/123679\/","title":{"rendered":"au th\u00e9\u00e2tre alsacien, un hymne \u00e0 la langue r\u00e9gionale"},"content":{"rendered":"<p>  Quatorze com\u00e9diens en tenue d\u2019\u00e9poque<\/p>\n<p><a href=\"https:\/\/www.dna.fr\/culture-loisirs\/2025\/03\/06\/le-chemin-de-l-evasion-la-nouvelle-piece-de-gilbert-huttler\" target=\"_blank\" rel=\"noopener\">Gilbert Huttler, auteur dialectal de Dettwiller<\/a>, a adapt\u00e9 et transpos\u00e9 cette com\u00e9die \u00e0 succ\u00e8s en y apportant unea touche r\u00e9gionale, convoquant les brasseries qui sont l\u00e9gion en Alsace, de m\u00eame que son dialecte, r\u00e9put\u00e9 pour \u00eatre tr\u00e8s vari\u00e9. \u00ab\u00a0Il y a une identit\u00e9 dans le dialecte et quand on pr\u00eate l\u2019oreille \u00e0 ses intonations, on peut deviner le nom du village\u00a0\u00bb, affirme Philippe Ritter, qui signe la mise en sc\u00e8ne de cette pi\u00e8ce, qu\u2019il compare volontiers \u00e0 un \u00ab\u00a0petit melting-pot alsacien\u00a0\u00bb, tant les parlers du Kochersberg, de Roeschwoog notamment, et bien s\u00fbr de Strasbourg aussi, se m\u00e9langent et se croisent.<\/p>\n<p>Sur sc\u00e8ne, nous d\u00e9couvrons Lisel (Alicia Klingler), la fille d\u2019Isidor et Ogeschtin G\u00fcetbier (Jean-Marc Hennig et Barbara Jung), un couple de brasseurs, tr\u00e8s prosp\u00e8re dans le village\u00a0! Dans ce casting figure aussi Christian (Julien Henni), le stagiaire, un gar\u00e7on de la \u00ab\u00a0ville\u00a0\u00bb, de Strasbourg pr\u00e9cis\u00e9ment, qui tombe sous le charme de Lisel. Mais la belle a d\u00e9j\u00e0 un pr\u00e9tendant, Rapha\u00ebl (Jordan Sutter), le fils du brasseur G\u00e0smann, un concurrent de taille (Pascal Sattler).<\/p>\n<p>Jou\u00e9e en costumes d\u2019\u00e9poque, cette pi\u00e8ce offre de beaux moments de th\u00e9\u00e2tre, \u00e0 l\u2019instar de cette r\u00e9union de brasseurs o\u00f9 les voix off apportent une note originale \u00e0 la mise en sc\u00e8ne de cette histoire au charme surann\u00e9. Une pi\u00e8ce qui par certains aspects n\u2019est pas sans rappeler D\u2019Herr Maire , de Gustave Stoskopf.<\/p>\n<p>Voici donc une com\u00e9die o\u00f9 il est question d\u2019amour, de mariage\u2026 et de bi\u00e8re\u00a0! \u00c0 applaudir sans mod\u00e9ration\u00a0! S\u2019gelt\u00a0!<\/p>\n<p class=\"note\">Les 24 et 26\u00a0mai \u00e0 20\u00a0h, et le dimanche 25\u00a0mai \u00e0 15\u00a0h. Renseignements : 06 33\u00a0260\u00a0300. Achat en ligne\u00a0: www.theatre-alsacien-strasbourg.fr. Tarifs\u00a0: de 16\u00a0\u20ac \u00e0 22\u00a0\u20ac &#8211; Carte Atout Voir\/Culture\u00a0: 6\u00a0\u20ac. Billetterie\u00a0: caisse de l\u2019Op\u00e9ra National du Rhin et 5e Lieu, place du Ch\u00e2teau<\/p>\n","protected":false},"excerpt":{"rendered":"Quatorze com\u00e9diens en tenue d\u2019\u00e9poque Gilbert Huttler, auteur dialectal de Dettwiller, a adapt\u00e9 et transpos\u00e9 cette com\u00e9die \u00e0&hellip;\n","protected":false},"author":2,"featured_media":123680,"comment_status":"","ping_status":"","sticky":false,"template":"","format":"standard","meta":{"footnotes":""},"categories":[2820],"tags":[1111,11,2389,2649,1687,2880,1777,674,107,1011,27,775,3035,12,25,3140,640,2879],"class_list":{"0":"post-123679","1":"post","2":"type-post","3":"status-publish","4":"format-standard","5":"has-post-thumbnail","7":"category-strasbourg","8":"tag-actu","9":"tag-actualites","10":"tag-alsace","11":"tag-bas-rhin","12":"tag-culture-loisirs","13":"tag-edition-strasbourg","14":"tag-eu","15":"tag-europe","16":"tag-fil-info","17":"tag-fr","18":"tag-france","19":"tag-grand-est","20":"tag-la-matinale-strasbourg","21":"tag-news","22":"tag-republique-francaise","23":"tag-spectacle","24":"tag-strasbourg","25":"tag-strasbourg-ville"},"share_on_mastodon":{"url":"https:\/\/pubeurope.com\/@fr\/114560984966107064","error":""},"_links":{"self":[{"href":"https:\/\/www.europesays.com\/fr\/wp-json\/wp\/v2\/posts\/123679","targetHints":{"allow":["GET"]}}],"collection":[{"href":"https:\/\/www.europesays.com\/fr\/wp-json\/wp\/v2\/posts"}],"about":[{"href":"https:\/\/www.europesays.com\/fr\/wp-json\/wp\/v2\/types\/post"}],"author":[{"embeddable":true,"href":"https:\/\/www.europesays.com\/fr\/wp-json\/wp\/v2\/users\/2"}],"replies":[{"embeddable":true,"href":"https:\/\/www.europesays.com\/fr\/wp-json\/wp\/v2\/comments?post=123679"}],"version-history":[{"count":0,"href":"https:\/\/www.europesays.com\/fr\/wp-json\/wp\/v2\/posts\/123679\/revisions"}],"wp:featuredmedia":[{"embeddable":true,"href":"https:\/\/www.europesays.com\/fr\/wp-json\/wp\/v2\/media\/123680"}],"wp:attachment":[{"href":"https:\/\/www.europesays.com\/fr\/wp-json\/wp\/v2\/media?parent=123679"}],"wp:term":[{"taxonomy":"category","embeddable":true,"href":"https:\/\/www.europesays.com\/fr\/wp-json\/wp\/v2\/categories?post=123679"},{"taxonomy":"post_tag","embeddable":true,"href":"https:\/\/www.europesays.com\/fr\/wp-json\/wp\/v2\/tags?post=123679"}],"curies":[{"name":"wp","href":"https:\/\/api.w.org\/{rel}","templated":true}]}}