{"id":123682,"date":"2025-05-24T04:45:14","date_gmt":"2025-05-24T04:45:14","guid":{"rendered":"https:\/\/www.europesays.com\/fr\/123682\/"},"modified":"2025-05-24T04:45:14","modified_gmt":"2025-05-24T04:45:14","slug":"cdad-06-un-troisieme-concours-deloquence-de-haut-rang","status":"publish","type":"post","link":"https:\/\/www.europesays.com\/fr\/123682\/","title":{"rendered":"CDAD 06 : Un troisi\u00e8me concours d\u2019\u00e9loquence de haut rang"},"content":{"rendered":"<p>                    <img loading=\"lazy\" decoding=\"async\" src=\"https:\/\/www.europesays.com\/fr\/wp-content\/uploads\/2025\/05\/c1e4194e955570744eb263d46f36d9.jpg\" class=\"img-responsive post-image\" width=\"680\" height=\"510\" alt=\"CDAD 06 : Un troisi\u00e8me\" title=\"CDAD 06 : Un troisi\u00e8me concours d'\u00e9loquence de haut rang\"\/><\/p>\n<p class=\"chapo\">Dix \u00e9l\u00e8ves de seconde des lyc\u00e9es Calmette et du Parc Imp\u00e9rial ont \u00ab\u00a0bluff\u00e9\u00a0\u00bb le jury, compos\u00e9 de\u00a0Pascale Dorion,\u00a0pr\u00e9sidente du CDAD 06 (Conseil d\u00e9partemental de l\u2019acc\u00e8s au droit des Alpes-Maritimes) et du tribunal judiciaire de Nice, de St\u00e9phanie Le Gall, juge \u00e0 Nice, de Sabine N\u00e9ale, procureure de la R\u00e9publique adjointe de Nice, de Val\u00e9rie Serra, avocate et vice-b\u00e2tonni\u00e8re du barreau de Nice et de Romain Vallier, avocat et pr\u00e9sident de l\u2019UJA de Nice.<\/p>\n<p>\u00ab\u00a0Vous avez tous \u00e9t\u00e9 formidables et vous avez beaucoup progress\u00e9 depuis que nous sommes all\u00e9s vous voir dans vos classes. Vous avez tr\u00e8s bien \u00e9cout\u00e9 les conseils que l\u2019on vous a donn\u00e9s et on a \u00e9t\u00e9 vraiment bluff\u00e9s par votre talent\u00a0\u00bb, a d\u00e9clar\u00e9 Mme\u00a0Dorion \u00e0 l\u2019issue du concours, qui s\u2019est d\u00e9roul\u00e9 le vendredi 16 mai au Palais Rusca de Nice. \u00ab\u00a0Nous avons \u00e9t\u00e9 impressionn\u00e9s par vos qualit\u00e9s oratoires et par les choix des sujets, assez compliqu\u00e9s \u00e0 traiter\u00a0\u00bb, a compl\u00e9t\u00e9 Me Serra. Son confr\u00e8re Me Vallier a f\u00e9licit\u00e9 les candidats pour le travail \u00e9vident fourni et a mis en avant leur \u00ab\u00a0bel investissement\u00a0\u00bb. Les 10 finalistes, tous volontaires dans leurs \u00e9tablissements respectifs et accompagn\u00e9s par des enseignants enthousiastes, ont livr\u00e9 avec beaucoup d\u2019aplomb et de talent leurs r\u00e9flexions sur l\u2019euthanasie, la libert\u00e9, la prescription, l\u2019intelligence artificielle, la parole des femmes, les imp\u00f4ts, l\u2019esclavage moderne, l\u2019\u00e9cole, les violences conjugales et la justice des mineurs.\u00a0S\u2019ils ont tous brillamment r\u00e9ussi l\u2019exercice, sur la forme comme sur le fond, certains l\u2019ont fait avec plus d\u2019aisance que d\u2019autres. <strong>Le jury a ainsi d\u00e9cern\u00e9 la premi\u00e8re place \u00e0 Romain Dini, la deuxi\u00e8me \u00e0 Lisa Fontana et la troisi\u00e8me \u00e0 Bianca Oufrani<\/strong>. \u00ab\u00a0J\u2019ai essay\u00e9 de r\u00e9fl\u00e9chir \u00e0 un texte qui me tenait vraiment \u00e0 c\u0153ur et qui me plaisait vraiment et j\u2019ai choisi ce sujet de l\u2019intelligence artificielle, et de  pouvoir le traiter avec la justice\u00a0\u00bb, a confi\u00e9 Romain Dini. \u00ab\u00a0Pour ce genre d\u2019exercice, il faut avoir confiance en soi et \u00eatre s\u00fbr de ce qu\u2019on dit\u00a0.\u00a0\u00bb<\/p>\n<p>\u00c9coutez la prestation de Romain Dini sur le th\u00e8me \u00ab\u00a0Est-ce qu\u2019une IA peut mieux juger qu\u2019un humain\u00a0?<\/p>\n<p>\t<img loading=\"lazy\" decoding=\"async\" src=\"https:\/\/www.europesays.com\/fr\/wp-content\/uploads\/2025\/05\/concours_d_eloquence_cdad_06_2025-456d6.png\" width=\"400\" height=\"229\" alt=\"\"\/><\/p>\n<p>)]<\/p>\n","protected":false},"excerpt":{"rendered":"Dix \u00e9l\u00e8ves de seconde des lyc\u00e9es Calmette et du Parc Imp\u00e9rial ont \u00ab\u00a0bluff\u00e9\u00a0\u00bb le jury, compos\u00e9 de\u00a0Pascale Dorion,\u00a0pr\u00e9sidente&hellip;\n","protected":false},"author":2,"featured_media":123683,"comment_status":"","ping_status":"","sticky":false,"template":"","format":"standard","meta":{"footnotes":""},"categories":[2819],"tags":[1111,11,2408,1777,674,1011,27,12,2401,882,25],"class_list":{"0":"post-123682","1":"post","2":"type-post","3":"status-publish","4":"format-standard","5":"has-post-thumbnail","7":"category-nice","8":"tag-actu","9":"tag-actualites","10":"tag-appels-d","11":"tag-eu","12":"tag-europe","13":"tag-fr","14":"tag-france","15":"tag-news","16":"tag-nice","17":"tag-provence-alpes-cote-dazur","18":"tag-republique-francaise"},"share_on_mastodon":{"url":"https:\/\/pubeurope.com\/@fr\/114560992812417071","error":""},"_links":{"self":[{"href":"https:\/\/www.europesays.com\/fr\/wp-json\/wp\/v2\/posts\/123682","targetHints":{"allow":["GET"]}}],"collection":[{"href":"https:\/\/www.europesays.com\/fr\/wp-json\/wp\/v2\/posts"}],"about":[{"href":"https:\/\/www.europesays.com\/fr\/wp-json\/wp\/v2\/types\/post"}],"author":[{"embeddable":true,"href":"https:\/\/www.europesays.com\/fr\/wp-json\/wp\/v2\/users\/2"}],"replies":[{"embeddable":true,"href":"https:\/\/www.europesays.com\/fr\/wp-json\/wp\/v2\/comments?post=123682"}],"version-history":[{"count":0,"href":"https:\/\/www.europesays.com\/fr\/wp-json\/wp\/v2\/posts\/123682\/revisions"}],"wp:featuredmedia":[{"embeddable":true,"href":"https:\/\/www.europesays.com\/fr\/wp-json\/wp\/v2\/media\/123683"}],"wp:attachment":[{"href":"https:\/\/www.europesays.com\/fr\/wp-json\/wp\/v2\/media?parent=123682"}],"wp:term":[{"taxonomy":"category","embeddable":true,"href":"https:\/\/www.europesays.com\/fr\/wp-json\/wp\/v2\/categories?post=123682"},{"taxonomy":"post_tag","embeddable":true,"href":"https:\/\/www.europesays.com\/fr\/wp-json\/wp\/v2\/tags?post=123682"}],"curies":[{"name":"wp","href":"https:\/\/api.w.org\/{rel}","templated":true}]}}