{"id":123684,"date":"2025-05-24T04:46:10","date_gmt":"2025-05-24T04:46:10","guid":{"rendered":"https:\/\/www.europesays.com\/fr\/123684\/"},"modified":"2025-05-24T04:46:10","modified_gmt":"2025-05-24T04:46:10","slug":"cet-hotel-quatre-etoiles-change-de-proprietaire-des-travaux-annonces","status":"publish","type":"post","link":"https:\/\/www.europesays.com\/fr\/123684\/","title":{"rendered":"cet h\u00f4tel quatre \u00e9toiles change de propri\u00e9taire, des travaux annonc\u00e9s"},"content":{"rendered":"<p>            Par<br \/>\n        <strong><br \/>\n            <a href=\"https:\/\/actu.fr\/auteur\/ugo-maillard\" title=\"Consulter tous les articles de Ugo Maillard\" rel=\"nofollow noopener\" target=\"_blank\">Ugo Maillard<\/a><br \/>\n        <\/strong><\/p>\n<p>        Publi\u00e9 le<\/p>\n<p>            24 mai 2025 \u00e0 6h16        <\/p>\n<p>Un changement d\u2019enseigne, quelques nouveaut\u00e9s, mais aucune r\u00e9volution. L\u2019h\u00f4tel <strong>Royalmar<\/strong>, quatre \u00e9toiles, a \u00e9t\u00e9 achet\u00e9 par le groupe Summer Hotels.<\/p>\n<p class=\" wall-content\">Cette vente, annonc\u00e9e le 15\u00a0mai 2025 \u00e0 <a href=\"https:\/\/actu.fr\/nice\/\" rel=\"nofollow noopener\" target=\"_blank\">actu Nice<\/a> par le biais d\u2019un communiqu\u00e9, implique quelques changements pour l\u2019\u00e9tablissement situ\u00e9 \u00e0 Cagnes-sur-Mer, dans les <a href=\"https:\/\/actu.fr\/provence-alpes-cote-d-azur\/alpes-maritimes_06\" rel=\"nofollow noopener\" target=\"_blank\">Alpes-Maritimes<\/a>.<\/p>\n<p>    <a href=\"https:\/\/www.google.com\/maps\/embed?pb=!1m18!1m12!1m3!1d10286.544070785798!2d7.160641895249298!3d43.65724142956593!2m3!1f0!2f0!3f0!3m2!1i1024!2i768!4f13.1!3m3!1m2!1s0x12cdd3ed35a8d631%3A0xa277442e01f07f02!2sH%C3%B4tel%20Royalmar!5e0!3m2!1sfr!2sfr!4v1747842247924!5m2!1sfr!2sfr\" title=\"Ouvrie le lien\" rel=\"nofollow noopener\" target=\"_blank\">Cliquez ici pour visualiser le contenu<\/a><\/p>\n<p class=\" wall-content\">Voici les nouveaut\u00e9s indiqu\u00e9es.<\/p>\n<p>Un nouveau restaurant<\/p>\n<p class=\" wall-content\">L\u2019h\u00f4tel qui tr\u00f4ne sur la promenade de la plage \u00e0 Cagnes passe sous le giron Summer Hotels qui poss\u00e8de <strong>11 \u00e9tablissements<\/strong> dont l\u2019immense majorit\u00e9 se trouve \u00e0 Nice.<\/p>\n<p>    <img   decoding=\"async\" loading=\"lazy\" src=\"https:\/\/www.europesays.com\/fr\/wp-content\/uploads\/2025\/05\/restaurant-royalmar-cagnes-960x640.png\" alt=\"Un nouveau restaurant va voir le jour au Royalmar.\" width=\"960\" height=\"640\"\/><br \/>\n    Un nouveau restaurant va voir le jour au Royalmar. (\u00a9Royalmar)<\/p>\n<p class=\" wall-content\">L\u2019arriv\u00e9e du groupe est synonyme d\u2019une grande nouveaut\u00e9 pour la saison estivale 2025. Bistronomique Beach, le nouveau restaurant de l\u2019h\u00f4tel ouvrira ses portes en juin. Il sera dirig\u00e9 par <strong>Fr\u00e9d\u00e9ric Geens,<\/strong> chef exp\u00e9riment\u00e9 de 47\u00a0ans venu sp\u00e9cialement de Belgique, o\u00f9 il occupait le poste de second de cuisine au sein du restaurant Emily, \u00e0 Bruxelles, 2 \u00e9toiles au guide Michelin.<\/p>\n<p>Des travaux men\u00e9s dans l&rsquo;h\u00f4tel<\/p>\n<p>Une enveloppe de plusieurs centaines de milliers d\u2019euros est d\u00e9di\u00e9e \u00e0 ces travaux, qui permettront de rehausser les standards de confort et de modernit\u00e9 de l\u2019\u00e9tablissement tout en pr\u00e9servant son charme m\u00e9diterran\u00e9en.<\/p>\n<p class=\" wall-content\">\u00ab\u2009Sa carte proposera un subtil m\u00e9lange de cuisine m\u00e9diterran\u00e9enne, italienne et asiatique, autour de produits locaux et de saison\u2009: poissons, p\u00e2tes \u00e0 la truffe, cr\u00e9ations gourmandes et influences bistro\/gastro viendront composer une exp\u00e9rience culinaire raffin\u00e9e et g\u00e9n\u00e9reuse, en bord de mer\u2009\u00bb, commentent les \u00e9quipes du Royalmar.<\/p>\n<p class=\" wall-content\">Suivez toute l\u2019actualit\u00e9 de vos villes et m\u00e9dias favoris en vous inscrivant \u00e0 <a href=\"https:\/\/moncompte.actu.fr\" title=\"D\u00e9couvez Mon Actu\" rel=\"nofollow noopener\" data-trk=\"{&quot;cta&quot;:{&quot;action&quot;:&quot;https:\\\/\\\/moncompte.actu.fr&quot;,&quot;category&quot;:&quot;mon compte&quot;,&quot;from&quot;:&quot;article footer&quot;,&quot;name&quot;:&quot;Mon actu&quot;,&quot;type&quot;:&quot;cta&quot;}}\" target=\"_blank\">Mon Actu<\/a>.<\/p>\n","protected":false},"excerpt":{"rendered":"Par Ugo Maillard Publi\u00e9 le 24 mai 2025 \u00e0 6h16 Un changement d\u2019enseigne, quelques nouveaut\u00e9s, mais aucune r\u00e9volution.&hellip;\n","protected":false},"author":2,"featured_media":123685,"comment_status":"","ping_status":"","sticky":false,"template":"","format":"standard","meta":{"footnotes":""},"categories":[2819],"tags":[1111,11,1777,674,1011,27,1305,12,2401,882,25,602],"class_list":{"0":"post-123684","1":"post","2":"type-post","3":"status-publish","4":"format-standard","5":"has-post-thumbnail","7":"category-nice","8":"tag-actu","9":"tag-actualites","10":"tag-eu","11":"tag-europe","12":"tag-fr","13":"tag-france","14":"tag-lifestyle","15":"tag-news","16":"tag-nice","17":"tag-provence-alpes-cote-dazur","18":"tag-republique-francaise","19":"tag-tourisme"},"share_on_mastodon":{"url":"https:\/\/pubeurope.com\/@fr\/114560996799245400","error":""},"_links":{"self":[{"href":"https:\/\/www.europesays.com\/fr\/wp-json\/wp\/v2\/posts\/123684","targetHints":{"allow":["GET"]}}],"collection":[{"href":"https:\/\/www.europesays.com\/fr\/wp-json\/wp\/v2\/posts"}],"about":[{"href":"https:\/\/www.europesays.com\/fr\/wp-json\/wp\/v2\/types\/post"}],"author":[{"embeddable":true,"href":"https:\/\/www.europesays.com\/fr\/wp-json\/wp\/v2\/users\/2"}],"replies":[{"embeddable":true,"href":"https:\/\/www.europesays.com\/fr\/wp-json\/wp\/v2\/comments?post=123684"}],"version-history":[{"count":0,"href":"https:\/\/www.europesays.com\/fr\/wp-json\/wp\/v2\/posts\/123684\/revisions"}],"wp:featuredmedia":[{"embeddable":true,"href":"https:\/\/www.europesays.com\/fr\/wp-json\/wp\/v2\/media\/123685"}],"wp:attachment":[{"href":"https:\/\/www.europesays.com\/fr\/wp-json\/wp\/v2\/media?parent=123684"}],"wp:term":[{"taxonomy":"category","embeddable":true,"href":"https:\/\/www.europesays.com\/fr\/wp-json\/wp\/v2\/categories?post=123684"},{"taxonomy":"post_tag","embeddable":true,"href":"https:\/\/www.europesays.com\/fr\/wp-json\/wp\/v2\/tags?post=123684"}],"curies":[{"name":"wp","href":"https:\/\/api.w.org\/{rel}","templated":true}]}}