{"id":123694,"date":"2025-05-24T04:52:08","date_gmt":"2025-05-24T04:52:08","guid":{"rendered":"https:\/\/www.europesays.com\/fr\/123694\/"},"modified":"2025-05-24T04:52:08","modified_gmt":"2025-05-24T04:52:08","slug":"un-nouveau-restaurant-va-ouvrir-dans-ce-centre-commercial-pres-de-toulouse","status":"publish","type":"post","link":"https:\/\/www.europesays.com\/fr\/123694\/","title":{"rendered":"un nouveau restaurant va ouvrir dans ce centre commercial pr\u00e8s de Toulouse"},"content":{"rendered":"<p>            Par<br \/>\n        <strong><br \/>\n            <a href=\"https:\/\/actu.fr\/auteur\/mareva-laville-actu-fr\" title=\"Consulter tous les articles de Mar\u00e9va Laville\" target=\"_blank\" rel=\"noopener\">Mar\u00e9va Laville<\/a><br \/>\n        <\/strong><\/p>\n<p>        Publi\u00e9 le<\/p>\n<p>            24 mai 2025 \u00e0 6h42        <\/p>\n<p>C\u2019est l\u2019un des centres commerciaux les plus dynamiques autour de <a href=\"http:\/\/www.actu.fr\/toulouse\" target=\"_blank\" rel=\"noopener\">Toulouse<\/a>. En d\u00e9but d\u2019ann\u00e9e 2025, <a href=\"https:\/\/actu.fr\/occitanie\/roques_31458\/aux-portes-de-toulouse-ce-centre-commercial-en-declin-va-totalement-changer-un-projet-a-plusieurs-millions_62290108.html\" target=\"_blank\" rel=\"noopener\">l\u2019agence Kl\u00e9pierre<\/a> qui le g\u00e8re avait m\u00eame d\u00e9voil\u00e9 son futur projet pour l\u2019une des ailes du vaste complexe\u2009: en faire <a href=\"https:\/\/actu.fr\/occitanie\/blagnac_31069\/pres-de-toulouse-ce-grand-centre-commercial-en-chantier-bientot-un-nouveau-pole-de-loisirs-et-restauration_62119411.html\" target=\"_blank\" rel=\"noopener\">un p\u00f4le de loisirs et de restauration<\/a>. Et dans ce dernier domaine, il n\u2019est pas en reste. Parmi ses 150 boutiques et restaurants, le <strong>centre commercial de Blagnac<\/strong> voit l\u2019arriv\u00e9e de petites gourmandises\u2026<\/p>\n<p>Le premier Waffle Factory \u00e0 Toulouse<\/p>\n<p class=\" wall-content\">Apr\u00e8s l\u2019ouverture d\u2019un point de vente Dreams Donuts l\u2019an pass\u00e9, place aux <strong>gaufres<\/strong>\u2009! La cha\u00eene <strong>Waffle Factory<\/strong> d\u00e9barque dans le centre commercial de Blagnac, dans un local de 50 m\u00b2. Ouverture annonc\u00e9e\u2009? <strong>Mercredi 28\u00a0mai.<\/strong><\/p>\n<p class=\" wall-content\">Une jolie perc\u00e9e pour l\u2019enseigne belge qui, fin mai, marquera officiellement l\u2019entr\u00e9e de Waffle Factory dans l\u2019aire toulousaine. \u00ab\u2009L\u2019emplacement du point de vente, au 2 all\u00e9e Emile Zola, est tr\u00e8s int\u00e9ressant puisqu\u2019il s\u2019agit d\u2019une zone dynamique, qui profite de sa forte proximit\u00e9 avec Toulouse\u2009\u00bb, commente la marque qui en poss\u00e8de 80 au total, en France, dont quatre en <a href=\"https:\/\/actu.fr\/occitanie\/\" target=\"_blank\" rel=\"noopener\">Occitanie<\/a> (Montpellier, B\u00e9ziers et N\u00eemes), en comptant celui de Blagnac.<\/p>\n<p>Du sal\u00e9 et du sucr\u00e9<\/p>\n<p class=\" wall-content\">Dans le centre commercial, le magasin sp\u00e9cialis\u00e9 dans la gaufre, la proposera sous toutes ses formes\u2009: sal\u00e9es comme sucr\u00e9es. Toutes \u00e0 base de p\u00e2te fra\u00eeche confectionn\u00e9e \u00ab\u2009chaque matin dans un p\u00e9trin\u2009\u00bb, pr\u00e9cise la cha\u00eene de restaurants. Pour varier les plaisirs, <strong>Waffle Factory renouvellera sa carte quatre fois par an<\/strong>, avec des recettes clin d\u2019\u0153il aux diff\u00e9rents \u00e9v\u00e9nements du calendrier.<\/p>\n<p class=\" wall-content\">De quoi donner l\u2019eau \u00e0 la bouche aux plus gourmands. Sur place, ils pourront commander via quatre bornes automatiques afin de go\u00fbter le plus rapidement possible leur encas. \u00c0 l\u2019int\u00e9rieur du restaurant, pas moins de<strong> 22 places assises<\/strong> seront propos\u00e9es.<\/p>\n<p>Vid\u00e9os : en ce moment sur Actu<\/p>\n<p>Waffle Factory<br \/>Ouverture le 28\u00a0mai<br \/>Au centre commercial de Blagnac<\/p>\n<p>    <a href=\"https:\/\/www.google.com\/maps\/embed?pb=!1m18!1m12!1m3!1d4443.377766983731!2d1.367742677325474!3d43.64675797110226!2m3!1f0!2f0!3f0!3m2!1i1024!2i768!4f13.1!3m3!1m2!1s0x12aea55e6f85d97d%3A0x9ba9a7c0fc91cfd!2s2%20All.%20Emile%20Zola%2C%2031700%20Blagnac!5e1!3m2!1sfr!2sfr!4v1747401638849!5m2!1sfr!2sfr\" title=\"Ouvrie le lien\" target=\"_blank\" rel=\"noopener\">Cliquez ici pour visualiser le contenu<\/a><\/p>\n<p class=\" wall-content\">Suivez toute l\u2019actualit\u00e9 de vos villes et m\u00e9dias favoris en vous inscrivant \u00e0 <a href=\"https:\/\/moncompte.actu.fr\" title=\"D\u00e9couvez Mon Actu\" rel=\"nofollow noopener\" data-trk=\"{&quot;cta&quot;:{&quot;action&quot;:&quot;https:\\\/\\\/moncompte.actu.fr&quot;,&quot;category&quot;:&quot;mon compte&quot;,&quot;from&quot;:&quot;article footer&quot;,&quot;name&quot;:&quot;Mon actu&quot;,&quot;type&quot;:&quot;cta&quot;}}\" target=\"_blank\">Mon Actu<\/a>.<\/p>\n<ul class=\"ac-article-tag wall-content\">\n<li><a href=\"https:\/\/actu.fr\/tag\/nouveaux-commerces\" data-trk=\"{&quot;cta&quot;:{&quot;action&quot;:&quot;Nouveaux commerces&quot;,&quot;category&quot;:&quot;tag&quot;,&quot;from&quot;:&quot;article footer&quot;,&quot;name&quot;:&quot;Nouveaux commerces&quot;,&quot;type&quot;:&quot;cta&quot;}}\" target=\"_blank\" rel=\"noopener\">#Nouveaux commerces<\/a><\/li>\n<li><a href=\"https:\/\/actu.fr\/tag\/nouveaux-commerces-a-toulouse\" data-trk=\"{&quot;cta&quot;:{&quot;action&quot;:&quot;Nouveaux commerces \\u00e0 Toulouse&quot;,&quot;category&quot;:&quot;tag&quot;,&quot;from&quot;:&quot;article footer&quot;,&quot;name&quot;:&quot;Nouveaux commerces \\u00e0 Toulouse&quot;,&quot;type&quot;:&quot;cta&quot;}}\" target=\"_blank\" rel=\"noopener\">#Nouveaux commerces \u00e0 Toulouse<\/a><\/li>\n<\/ul>\n","protected":false},"excerpt":{"rendered":"Par Mar\u00e9va Laville Publi\u00e9 le 24 mai 2025 \u00e0 6h42 C\u2019est l\u2019un des centres commerciaux les plus dynamiques&hellip;\n","protected":false},"author":2,"featured_media":123695,"comment_status":"","ping_status":"","sticky":false,"template":"","format":"standard","meta":{"footnotes":""},"categories":[2816],"tags":[1111,11,1777,674,1011,27,12,3147,2849,2680,25,104,2312],"class_list":{"0":"post-123694","1":"post","2":"type-post","3":"status-publish","4":"format-standard","5":"has-post-thumbnail","7":"category-toulouse","8":"tag-actu","9":"tag-actualites","10":"tag-eu","11":"tag-europe","12":"tag-fr","13":"tag-france","14":"tag-news","15":"tag-nouveaux-commerces","16":"tag-nouveaux-commerces-a-toulouse","17":"tag-occitanie","18":"tag-republique-francaise","19":"tag-societe","20":"tag-toulouse"},"share_on_mastodon":{"url":"https:\/\/pubeurope.com\/@fr\/114561020294396803","error":""},"_links":{"self":[{"href":"https:\/\/www.europesays.com\/fr\/wp-json\/wp\/v2\/posts\/123694","targetHints":{"allow":["GET"]}}],"collection":[{"href":"https:\/\/www.europesays.com\/fr\/wp-json\/wp\/v2\/posts"}],"about":[{"href":"https:\/\/www.europesays.com\/fr\/wp-json\/wp\/v2\/types\/post"}],"author":[{"embeddable":true,"href":"https:\/\/www.europesays.com\/fr\/wp-json\/wp\/v2\/users\/2"}],"replies":[{"embeddable":true,"href":"https:\/\/www.europesays.com\/fr\/wp-json\/wp\/v2\/comments?post=123694"}],"version-history":[{"count":0,"href":"https:\/\/www.europesays.com\/fr\/wp-json\/wp\/v2\/posts\/123694\/revisions"}],"wp:featuredmedia":[{"embeddable":true,"href":"https:\/\/www.europesays.com\/fr\/wp-json\/wp\/v2\/media\/123695"}],"wp:attachment":[{"href":"https:\/\/www.europesays.com\/fr\/wp-json\/wp\/v2\/media?parent=123694"}],"wp:term":[{"taxonomy":"category","embeddable":true,"href":"https:\/\/www.europesays.com\/fr\/wp-json\/wp\/v2\/categories?post=123694"},{"taxonomy":"post_tag","embeddable":true,"href":"https:\/\/www.europesays.com\/fr\/wp-json\/wp\/v2\/tags?post=123694"}],"curies":[{"name":"wp","href":"https:\/\/api.w.org\/{rel}","templated":true}]}}