{"id":123696,"date":"2025-05-24T04:53:23","date_gmt":"2025-05-24T04:53:23","guid":{"rendered":"https:\/\/www.europesays.com\/fr\/123696\/"},"modified":"2025-05-24T04:53:23","modified_gmt":"2025-05-24T04:53:23","slug":"ilevia-adapte-son-offre-pour-les-concerts-de-bruce-springsteen-soprano-et-la-marche-des-fiertes","status":"publish","type":"post","link":"https:\/\/www.europesays.com\/fr\/123696\/","title":{"rendered":"Il\u00e9via adapte son offre pour les concerts de Bruce Springsteen, Soprano et la Marche des Fiert\u00e9s"},"content":{"rendered":"<p style=\"text-align: justify;\"><strong>Il\u00e9via module son offre<\/strong> afin de <strong>garantir aux M\u00e9tropolitains<\/strong> des <strong>d\u00e9placements sereins<\/strong> et <strong>faciles <\/strong>lors des <strong>\u00e9v\u00e9nements majeurs<\/strong> qui <strong>animeront le territoire de la MEL<\/strong> du <strong>24 au 31 mai<\/strong> (concerts, Marche des Fiert\u00e9s 2025\u2026).<\/p>\n<p style=\"text-align: justify;\"><strong>Samedi 24 mai : Une offre adapt\u00e9e sur les deux lignes de m\u00e9tro \u00e0 l\u2019occasion de la Marche des Fiert\u00e9s et d\u2019un concert de Bruce Springsteen<\/strong><br \/>Ce <strong>samedi 24 mai 2025,<\/strong> \u00e0 l\u2019occasion de la <strong>Marche des Fiert\u00e9s 2025<\/strong> et du <strong>premier concert<\/strong> de <strong>Bruce Springsteen<\/strong> \u00e0 la <strong>Decathlon Arena Stade Pierre Mauroy,<\/strong> la <strong>fr\u00e9quence des deux lignes de m\u00e9tro<\/strong> sera<strong> renforc\u00e9e en journ\u00e9e <\/strong>et <strong>en soir\u00e9e.<\/strong><\/p>\n<p style=\"text-align: justify;\">Les <strong>deux lignes de m\u00e9tro<\/strong> circuleront avec <strong>une amplitude renforc\u00e9e <\/strong>le <strong>samedi soir,<\/strong> avec <strong>un dernier d\u00e9part pr\u00e9vu pour chaque ligne \u00e0 1h30 <\/strong>de <strong>Gare Lille Flandres<\/strong> dans<strong> toutes les directions<\/strong>.<\/p>\n<p style=\"text-align: justify;\">Afin de<strong> faciliter l\u2019acc\u00e8s <\/strong>\u00e0 la<strong> Decathlon Arena Stade Pierre Mauroy<\/strong> pour le <strong>concert,<\/strong> des <strong>navettes gratuites<\/strong> et <strong>accessibles \u00e0 tous les passagers d\u00e9tenteurs d\u2019un billet du concert<\/strong> et<strong> munis d\u2019un titre de transport valide,<\/strong> circuleront entre la <strong>station de m\u00e9tro Les Pr\u00e9s<\/strong> (ligne 2) et le<strong> stade d\u00e8s 16h30.<\/strong><\/p>\n<p style=\"text-align: justify;\">Pour <strong>accompagner les voyageurs <\/strong>et les <strong>participants<\/strong> lors de leurs <strong>d\u00e9placements sur l\u2019ensemble du r\u00e9seau, <\/strong>un <strong>dispositif d\u2019agents de s\u00e9curit\u00e9<\/strong> et de <strong>welcomers<\/strong> sera <strong>d\u00e9ploy\u00e9 en compl\u00e9ment de la pr\u00e9sence habituelle des \u00e9quipes il\u00e9via.<\/strong><\/p>\n<p style=\"text-align: justify;\"><strong>Le 27 et le 31 mai 2025 : Faciliter les d\u00e9placements pour les concerts de la Decathlon Arena Stade Pierre Mauroy<\/strong><br \/><strong>il\u00e9via <\/strong>adaptera la <strong>fr\u00e9quence de la ligne 1 du m\u00e9tro<\/strong> \u00e0 l\u2019occasion de <strong>deux \u00e9v\u00e8nements<\/strong> pr\u00e9vus \u00e0 la <strong>Decathlon Arena Stade Pierre Mauroy : <\/strong>un <strong>deuxi\u00e8me concert<\/strong> de <strong>Bruce Springsteen<\/strong> le<strong> mardi 27 mai <\/strong><strong>2025 <\/strong>et le <strong>concert de<\/strong> <strong>Soprano <\/strong>le <strong>samedi 31 mai 2025.<\/strong><\/p>\n<p style=\"text-align: justify;\">Pour <strong>permettre aux spectateurs<\/strong> de <strong>se d\u00e9placer dans les meilleures conditions<\/strong> <strong>\u00e0 la fin de chaque concert,<\/strong> les <strong>fr\u00e9quences de passage des rames<\/strong> seront <strong>renforc\u00e9es <\/strong>sur la<strong> ligne 1 du m\u00e9tro.<\/strong><\/p>\n<p style=\"text-align: justify;\"><strong>il\u00e9via <\/strong>invite les <strong>voyageurs \u00e0 anticiper leur trajet <\/strong>en raison de<strong> l\u2019affluence attendue sur le r\u00e9seau le jour du concert.<\/strong><\/p>\n<p style=\"text-align: justify;\"><strong>il\u00e9via <\/strong>recommande \u00e9galement aux <strong>voyageurs de consulter l\u2019info trafic en temps r\u00e9el le jour du concert, <\/strong>sur <strong>l\u2019application <\/strong><strong>il\u00e9via<\/strong> ou sur le site <a href=\"https:\/\/www.ilevia.fr\/\" target=\"_blank\" rel=\"noreferrer noopener\">ilevia.fr.<\/a><\/p>\n<p class=\"has-text-align-right\">Source : Il\u00e9via \u2013 Photos : \u00a9 Archives Zoom Sur Lille<\/p>\n","protected":false},"excerpt":{"rendered":"Il\u00e9via module son offre afin de garantir aux M\u00e9tropolitains des d\u00e9placements sereins et faciles lors des \u00e9v\u00e9nements majeurs&hellip;\n","protected":false},"author":2,"featured_media":31048,"comment_status":"","ping_status":"","sticky":false,"template":"","format":"standard","meta":{"footnotes":""},"categories":[2815],"tags":[1111,11,23078,1777,674,1011,27,811,4288,1307,24310,4047,12,25,10826],"class_list":{"0":"post-123696","1":"post","2":"type-post","3":"status-publish","4":"format-standard","5":"has-post-thumbnail","7":"category-lille","8":"tag-actu","9":"tag-actualites","10":"tag-bruce-springsteen","11":"tag-eu","12":"tag-europe","13":"tag-fr","14":"tag-france","15":"tag-hauts-de-france","16":"tag-ilevia","17":"tag-lille","18":"tag-marche-des-fiertes","19":"tag-metro","20":"tag-news","21":"tag-republique-francaise","22":"tag-soprano"},"share_on_mastodon":{"url":"https:\/\/pubeurope.com\/@fr\/114561024167123450","error":""},"_links":{"self":[{"href":"https:\/\/www.europesays.com\/fr\/wp-json\/wp\/v2\/posts\/123696","targetHints":{"allow":["GET"]}}],"collection":[{"href":"https:\/\/www.europesays.com\/fr\/wp-json\/wp\/v2\/posts"}],"about":[{"href":"https:\/\/www.europesays.com\/fr\/wp-json\/wp\/v2\/types\/post"}],"author":[{"embeddable":true,"href":"https:\/\/www.europesays.com\/fr\/wp-json\/wp\/v2\/users\/2"}],"replies":[{"embeddable":true,"href":"https:\/\/www.europesays.com\/fr\/wp-json\/wp\/v2\/comments?post=123696"}],"version-history":[{"count":0,"href":"https:\/\/www.europesays.com\/fr\/wp-json\/wp\/v2\/posts\/123696\/revisions"}],"wp:featuredmedia":[{"embeddable":true,"href":"https:\/\/www.europesays.com\/fr\/wp-json\/wp\/v2\/media\/31048"}],"wp:attachment":[{"href":"https:\/\/www.europesays.com\/fr\/wp-json\/wp\/v2\/media?parent=123696"}],"wp:term":[{"taxonomy":"category","embeddable":true,"href":"https:\/\/www.europesays.com\/fr\/wp-json\/wp\/v2\/categories?post=123696"},{"taxonomy":"post_tag","embeddable":true,"href":"https:\/\/www.europesays.com\/fr\/wp-json\/wp\/v2\/tags?post=123696"}],"curies":[{"name":"wp","href":"https:\/\/api.w.org\/{rel}","templated":true}]}}