{"id":123702,"date":"2025-05-24T04:58:08","date_gmt":"2025-05-24T04:58:08","guid":{"rendered":"https:\/\/www.europesays.com\/fr\/123702\/"},"modified":"2025-05-24T04:58:08","modified_gmt":"2025-05-24T04:58:08","slug":"lyon-ces-voisins-organisent-une-grande-fete-dimanche-pour-donner-vie-a-leur-quartier","status":"publish","type":"post","link":"https:\/\/www.europesays.com\/fr\/123702\/","title":{"rendered":"Lyon. Ces voisins organisent une grande f\u00eate dimanche pour donner vie \u00e0 leur quartier"},"content":{"rendered":"<p>            Par<br \/>\n        <strong><br \/>\n            <a href=\"https:\/\/actu.fr\/auteur\/theo-zuili\" title=\"Consulter tous les articles de Th\u00e9o Zuili\" rel=\"nofollow noopener\" target=\"_blank\">Th\u00e9o Zuili<\/a><br \/>\n        <\/strong><\/p>\n<p>        Publi\u00e9 le<\/p>\n<p>            24 mai 2025 \u00e0 6h26        <\/p>\n<p>Ces habitants du quartier de <strong>Montchat<\/strong> veulent passer un super dimanche ce week-end, \u00e0 <a href=\"https:\/\/actu.fr\/auvergne-rhone-alpes\/lyon_69123\" rel=\"nofollow noopener\" target=\"_blank\">Lyon<\/a> : mont\u00e9s en collectif, leur demande d\u2019occupation de l\u2019espace public a \u00e9t\u00e9 accept\u00e9e par la mairie dans le 3e arrondissement.<\/p>\n<p class=\" wall-content\">Une place de leur quartier accueillera dimanche 25 mai <strong>un \u00e9v\u00e8nement pas comme les autres<\/strong>.<\/p>\n<p>Boissons, jeux, loterie, dessins\u2026<\/p>\n<p class=\" wall-content\">Le rendez-vous est donn\u00e9 d\u00e8s 11h place du Ch\u00e2teau, \u00e0 <a href=\"https:\/\/actu.fr\/auvergne-rhone-alpes\/lyon_69123\/lyon-ce-restaurant-special-avec-une-grande-terrasse-cachee-ouvre-dans-ce-quartier_62609212.html\" rel=\"nofollow noopener\" target=\"_blank\">Montchat<\/a>, dimanche 25 mai 2025. Depuis 10 ans, l\u2019id\u00e9e derri\u00e8re cet \u00e9v\u00e8nement de voisinage est simple : \u00ab\u00a0laisser<strong> libre cours aux initiatives<\/strong> et laisser les habitants r\u00e9aliser leurs projets\u00a0\u00bb, pr\u00e9sente Beno\u00eet Raucy, membre du collectif de Montchat.<\/p>\n<p>    <a href=\"https:\/\/www.google.com\/maps\/embed?pb=!1m18!1m12!1m3!1d6658.6917531061845!2d4.87863568698032!3d45.75040047106163!2m3!1f0!2f0!3f0!3m2!1i1024!2i768!4f13.1!3m3!1m2!1s0x47f4c1c66060b3c9%3A0x20ad6168bc8f442b!2sPl.%20du%20Ch%C3%A2teau%2C%2069003%20Lyon!5e1!3m2!1sfr!2sfr!4v1747837508894!5m2!1sfr!2sfr\" title=\"Ouvrie le lien\" rel=\"nofollow noopener\" target=\"_blank\">Cliquez ici pour visualiser le contenu<\/a><\/p>\n<p class=\" wall-content\">Cette association a \u00e9t\u00e9 mont\u00e9e par plusieurs voisins, des inconnus r\u00e9unis autour d\u2019une id\u00e9e : vouloir habiter leur ville autrement, \u00ab\u00a0\u00eatre acteurs\u00a0\u00bb plut\u00f4t que spectateurs. Alors <strong>\u00e0 quoi s\u2019attendre ?<\/strong><\/p>\n<blockquote class=\"ac-article-quote wall-content\">\n<p>En bref, l&rsquo;\u00e9v\u00e9nement s\u2019organise comme une auberge espagnole. On ouvre le bar, on pose des tables, autour se greffera ce qu&rsquo;il semblera \u00e0 chacun bon de partager.<\/p>\n<p>    <strong>Le collectif Montchat<\/strong>\n            <\/p><\/blockquote>\n<ul class=\" wall-content\">\n<li>Un voisin fera des \u00ab\u00a0charicatures\u00a0\u00bb (une version f\u00e9line caricaturale de ceux qui voudront bien poser devant lui),<\/li>\n<li>Une autre proposera un atelier d\u00e9couverte du Qi gong (l\u2019occasion de d\u00e9couvrir ce qu\u2019est le Qi gong),<\/li>\n<li>Une troupe de po\u00e8tes professionnels viendra partager des ver(re)s,<\/li>\n<li>Une loterie \u00e0 50 centimes le billet sera organis\u00e9e, avec des lots rigolos,<\/li>\n<li>Les enfants auront de quoi recouvrir toute la place de dessins \u00e0 la craie,<\/li>\n<li>Un passionn\u00e9 de patrimoine proposera un jeu sur l\u2019histoire du quartier,<\/li>\n<li>\u00ab\u00a0D\u2019autre id\u00e9es ? Venez partager !\u00a0\u00bb, incitent les organisateurs, qui n\u2019ont pas peur d\u2019inviter chacun \u00e0 \u00ab\u00a0apporter son grain de sel\u00a0\u00bb <strong>jusqu\u2019\u00e0 la derni\u00e8re minute<\/strong>.<\/li>\n<\/ul>\n<p>Un \u00e9v\u00e8nement convivial<\/p>\n<p class=\" wall-content\">Un lieu et un horaire \u00ab\u00a0pour nous rencontrer\u00a0\u00bb entre voisins, mais aussi pour \u00ab\u00a0cr\u00e9er une place d\u2019\u00e9coute concr\u00e8te pour tout le monde\u00a0\u00bb : une carte du quartier de 2\u00d72 m\u00e8tres sera affich\u00e9e pour permettre \u00e0 chacun d\u2019identifier <strong>les secteurs probl\u00e9matiques<\/strong> pour se d\u00e9placer, \u00ab\u00a0loin de la politique\u00a0\u00bb. L\u2019objectif : faire remonter le r\u00e9sultat \u00e0 la mairie. Une occasion de changer les plaintes en action, le tout un verre \u00e0 la main.<\/p>\n<p>    <a href=\"https:\/\/www.facebook.com\/plugins\/post.php?href=https%3A%2F%2Fwww.facebook.com%2Fcollectifmontchat%2Fposts%2Fpfbid02RhJvBAY9wJDdgG3KKF4SEs1tPT71U3KjXqsYwBw3JgN671UzaLTKeC73zmSYja6fl&amp;show_text=true&amp;width=350\" title=\"Ouvrie le lien\" rel=\"nofollow noopener\" target=\"_blank\">Cliquez ici pour visualiser le contenu<\/a><\/p>\n<p class=\" wall-content\">Une balade sera \u00e9galement organis\u00e9e dans le quartier \u00e0 15h pour les motiv\u00e9s, \u00e0 v\u00e9lo ou \u00e0 pied, et en musique. Les plus paresseux pourront participer \u00e0 \u00ab\u00a0la grande sieste sous les platanes\u00a0\u00bb \u00e0 15h30.<\/p>\n<p>O\u00f9 tout le monde est le bienvenu<\/p>\n<p class=\" wall-content\">Y aura-t-il assez de place pour tout le monde ? 500 personnes sont attendues, \u00e0 croire la fr\u00e9quentation des \u00e9ditions pr\u00e9c\u00e9dentes. \u00ab\u00a0On invite bien s\u00fbr les gens des autres quartiers \u00e0 venir, mais si \u00e7a peut cr\u00e9er aussi une \u00e9mulation et donner des id\u00e9es, tant mieux\u00a0\u00bb, se r\u00e9jouit Beno\u00eet.<\/p>\n<p class=\" wall-content\">Le tout s\u2019ach\u00e8vera par un <strong>bal forr\u00f3 pr\u00e9vu d\u00e8s 18h<\/strong> (du folk br\u00e9silien), pour terminer la journ\u00e9e en dansant. Bon week-end !<\/p>\n<p class=\" wall-content\">Suivez toute l\u2019actualit\u00e9 de vos villes et m\u00e9dias favoris en vous inscrivant \u00e0 <a href=\"https:\/\/moncompte.actu.fr\" title=\"D\u00e9couvez Mon Actu\" rel=\"nofollow noopener\" data-trk=\"{&quot;cta&quot;:{&quot;action&quot;:&quot;https:\\\/\\\/moncompte.actu.fr&quot;,&quot;category&quot;:&quot;mon compte&quot;,&quot;from&quot;:&quot;article footer&quot;,&quot;name&quot;:&quot;Mon actu&quot;,&quot;type&quot;:&quot;cta&quot;}}\" target=\"_blank\">Mon Actu<\/a>.<\/p>\n","protected":false},"excerpt":{"rendered":"Par Th\u00e9o Zuili Publi\u00e9 le 24 mai 2025 \u00e0 6h26 Ces habitants du quartier de Montchat veulent passer&hellip;\n","protected":false},"author":2,"featured_media":123703,"comment_status":"","ping_status":"","sticky":false,"template":"","format":"standard","meta":{"footnotes":""},"categories":[1889],"tags":[1111,11,2430,1777,674,1011,27,1757,1652,2428,12,25],"class_list":{"0":"post-123702","1":"post","2":"type-post","3":"status-publish","4":"format-standard","5":"has-post-thumbnail","7":"category-lyon","8":"tag-actu","9":"tag-actualites","10":"tag-auvergne-rhone-alpes","11":"tag-eu","12":"tag-europe","13":"tag-fr","14":"tag-france","15":"tag-insolite","16":"tag-loisirs-culture","17":"tag-lyon","18":"tag-news","19":"tag-republique-francaise"},"share_on_mastodon":{"url":"https:\/\/pubeurope.com\/@fr\/114561044106044595","error":""},"_links":{"self":[{"href":"https:\/\/www.europesays.com\/fr\/wp-json\/wp\/v2\/posts\/123702","targetHints":{"allow":["GET"]}}],"collection":[{"href":"https:\/\/www.europesays.com\/fr\/wp-json\/wp\/v2\/posts"}],"about":[{"href":"https:\/\/www.europesays.com\/fr\/wp-json\/wp\/v2\/types\/post"}],"author":[{"embeddable":true,"href":"https:\/\/www.europesays.com\/fr\/wp-json\/wp\/v2\/users\/2"}],"replies":[{"embeddable":true,"href":"https:\/\/www.europesays.com\/fr\/wp-json\/wp\/v2\/comments?post=123702"}],"version-history":[{"count":0,"href":"https:\/\/www.europesays.com\/fr\/wp-json\/wp\/v2\/posts\/123702\/revisions"}],"wp:featuredmedia":[{"embeddable":true,"href":"https:\/\/www.europesays.com\/fr\/wp-json\/wp\/v2\/media\/123703"}],"wp:attachment":[{"href":"https:\/\/www.europesays.com\/fr\/wp-json\/wp\/v2\/media?parent=123702"}],"wp:term":[{"taxonomy":"category","embeddable":true,"href":"https:\/\/www.europesays.com\/fr\/wp-json\/wp\/v2\/categories?post=123702"},{"taxonomy":"post_tag","embeddable":true,"href":"https:\/\/www.europesays.com\/fr\/wp-json\/wp\/v2\/tags?post=123702"}],"curies":[{"name":"wp","href":"https:\/\/api.w.org\/{rel}","templated":true}]}}