{"id":123704,"date":"2025-05-24T04:59:08","date_gmt":"2025-05-24T04:59:08","guid":{"rendered":"https:\/\/www.europesays.com\/fr\/123704\/"},"modified":"2025-05-24T04:59:08","modified_gmt":"2025-05-24T04:59:08","slug":"lyon-le-gaz-hilarant-provoque-des-explosions-en-serie-la-metropole-alerte-les-habitants","status":"publish","type":"post","link":"https:\/\/www.europesays.com\/fr\/123704\/","title":{"rendered":"Lyon. Le gaz hilarant provoque des explosions en s\u00e9rie, la M\u00e9tropole alerte les habitants"},"content":{"rendered":"<p>            Par<br \/>\n        <strong><br \/>\n            <a href=\"https:\/\/actu.fr\/auteur\/redaction-lyon\" title=\"Consulter tous les articles de R\u00e9daction Lyon\" target=\"_blank\" rel=\"noopener\">R\u00e9daction Lyon<\/a><br \/>\n        <\/strong><\/p>\n<p>        Publi\u00e9 le<\/p>\n<p>            24 mai 2025 \u00e0 6h36        <\/p>\n<p>Le gaz hilarant p\u00e8se lourd sur la facture: des <strong>bonbonnes de protoxyde d\u2019azote<\/strong>, jet\u00e9es dans les ordures m\u00e9nag\u00e8res, ont caus\u00e9 plus de 400.000 euros de d\u00e9g\u00e2ts depuis janvier en explosant dans une usine d\u2019incin\u00e9ration de la m\u00e9tropole de <a href=\"https:\/\/actu.fr\/auvergne-rhone-alpes\/lyon_69123\" target=\"_blank\" rel=\"noopener\">Lyon<\/a>, d\u00e9plore vendredi 23 mai 2025 la collectivit\u00e9.<\/p>\n<p class=\" wall-content\">L\u2019usine a subi des <strong>arr\u00eats de trois \u00e0 cinq jours \u00e0 quatre reprises<\/strong> depuis le d\u00e9but de l\u2019ann\u00e9e, avec des frais de r\u00e9paration \u00ab\u00a0de 100.000 \u00e0 150.000 euros \u00e0 chaque incident\u00a0\u00bb et \u00ab\u00a0des risques majeurs\u00a0\u00bb pour le personnel, \u00e9crit la m\u00e9tropole Grand Lyon dans un communiqu\u00e9.<\/p>\n<p>Les \u00ab\u00a0fours ne r\u00e9sistent pas\u00a0\u00bb aux explosions<\/p>\n<p class=\" wall-content\">Les \u00ab\u00a0fours ne r\u00e9sistent pas\u00a0\u00bb aux explosions de ces bonbonnes atteignant \u00ab\u00a0jusqu\u2019\u00e0 5 kg\u00a0\u00bb, poursuit la collectivit\u00e9 en rappelant qu\u2019elles \u00ab\u00a0ne doivent en aucun cas \u00eatre jet\u00e9es dans les bacs \u00e0 ordures m\u00e9nag\u00e8res ou de tri, mais d\u00e9pos\u00e9es \u00e0 la d\u00e9ch\u00e8terie\u00a0\u00bb.<\/p>\n<p class=\" wall-content\">Selon son communiqu\u00e9, le probl\u00e8me est global et la mode du gaz hilarant cause \u00ab\u00a0d\u2019importants d\u00e9g\u00e2ts dans les usines de traitement des d\u00e9chets \u00e0 travers la France\u00a0\u00bb.<\/p>\n<p>Explosion de son usage chez les jeunes<\/p>\n<p class=\" wall-content\">Ce gaz sert normalement en cuisine, par exemple dans les siphons \u00e0 chantilly, ou \u00e0 l\u2019h\u00f4pital et dans les cabinets dentaires, en anesth\u00e9sie l\u00e9g\u00e8re. Mais il est de plus en plus d\u00e9tourn\u00e9 pour un usage r\u00e9cr\u00e9atif, en particulier chez les adolescents et jeunes adultes, et les cons\u00e9quences neurologiques peuvent \u00eatre graves et durables.\u00a0<\/p>\n<p class=\" wall-content\">Une loi de 2021 en interdit la vente aux mineurs et dans les bureaux de tabac mais une proposition de loi est actuellement au stade de navette parlementaire entre l\u2019Assembl\u00e9e nationale et le S\u00e9nat pour \u00e9tendre cette interdiction \u00e0 tous les particuliers.<\/p>\n<p class=\" wall-content\"><strong>AFP<\/strong><\/p>\n<p class=\" wall-content\">Suivez toute l\u2019actualit\u00e9 de vos villes et m\u00e9dias favoris en vous inscrivant \u00e0 <a href=\"https:\/\/moncompte.actu.fr\" title=\"D\u00e9couvez Mon Actu\" rel=\"nofollow noopener\" data-trk=\"{&quot;cta&quot;:{&quot;action&quot;:&quot;https:\\\/\\\/moncompte.actu.fr&quot;,&quot;category&quot;:&quot;mon compte&quot;,&quot;from&quot;:&quot;article footer&quot;,&quot;name&quot;:&quot;Mon actu&quot;,&quot;type&quot;:&quot;cta&quot;}}\" target=\"_blank\">Mon Actu<\/a>.<\/p>\n","protected":false},"excerpt":{"rendered":"Par R\u00e9daction Lyon Publi\u00e9 le 24 mai 2025 \u00e0 6h36 Le gaz hilarant p\u00e8se lourd sur la facture:&hellip;\n","protected":false},"author":2,"featured_media":123705,"comment_status":"","ping_status":"","sticky":false,"template":"","format":"standard","meta":{"footnotes":""},"categories":[1889],"tags":[1111,11,2430,1777,674,1011,27,2808,2428,12,1800,25,104],"class_list":{"0":"post-123704","1":"post","2":"type-post","3":"status-publish","4":"format-standard","5":"has-post-thumbnail","7":"category-lyon","8":"tag-actu","9":"tag-actualites","10":"tag-auvergne-rhone-alpes","11":"tag-eu","12":"tag-europe","13":"tag-fr","14":"tag-france","15":"tag-grand-lyon","16":"tag-lyon","17":"tag-news","18":"tag-pollution","19":"tag-republique-francaise","20":"tag-societe"},"share_on_mastodon":{"url":"https:\/\/pubeurope.com\/@fr\/114561048219059297","error":""},"_links":{"self":[{"href":"https:\/\/www.europesays.com\/fr\/wp-json\/wp\/v2\/posts\/123704","targetHints":{"allow":["GET"]}}],"collection":[{"href":"https:\/\/www.europesays.com\/fr\/wp-json\/wp\/v2\/posts"}],"about":[{"href":"https:\/\/www.europesays.com\/fr\/wp-json\/wp\/v2\/types\/post"}],"author":[{"embeddable":true,"href":"https:\/\/www.europesays.com\/fr\/wp-json\/wp\/v2\/users\/2"}],"replies":[{"embeddable":true,"href":"https:\/\/www.europesays.com\/fr\/wp-json\/wp\/v2\/comments?post=123704"}],"version-history":[{"count":0,"href":"https:\/\/www.europesays.com\/fr\/wp-json\/wp\/v2\/posts\/123704\/revisions"}],"wp:featuredmedia":[{"embeddable":true,"href":"https:\/\/www.europesays.com\/fr\/wp-json\/wp\/v2\/media\/123705"}],"wp:attachment":[{"href":"https:\/\/www.europesays.com\/fr\/wp-json\/wp\/v2\/media?parent=123704"}],"wp:term":[{"taxonomy":"category","embeddable":true,"href":"https:\/\/www.europesays.com\/fr\/wp-json\/wp\/v2\/categories?post=123704"},{"taxonomy":"post_tag","embeddable":true,"href":"https:\/\/www.europesays.com\/fr\/wp-json\/wp\/v2\/tags?post=123704"}],"curies":[{"name":"wp","href":"https:\/\/api.w.org\/{rel}","templated":true}]}}