{"id":123706,"date":"2025-05-24T05:00:32","date_gmt":"2025-05-24T05:00:32","guid":{"rendered":"https:\/\/www.europesays.com\/fr\/123706\/"},"modified":"2025-05-24T05:00:32","modified_gmt":"2025-05-24T05:00:32","slug":"pecresse-pourrait-profiter-dune-fraude-pour-supprimer-laide-individuelle-regionale-vers-lemploi","status":"publish","type":"post","link":"https:\/\/www.europesays.com\/fr\/123706\/","title":{"rendered":"P\u00e9cresse pourrait profiter d\u2019une fraude pour supprimer l\u2019Aide individuelle r\u00e9gionale vers l\u2019emploi"},"content":{"rendered":"<p>L\u2019<a href=\"https:\/\/www.iledefrance.fr\/toutes-les-actualites\/aire-laide-individuelle-regionale-vers-lemploi-finance-votre-formation-professionnelle\" rel=\"nofollow noopener\" target=\"_blank\" class=\"color-ultramarine c-link\">aide individuelle r\u00e9gionale vers l\u2019emploi<\/a> (Aire) bient\u00f4t supprim\u00e9e\u00a0? C\u2019est ce que semble vouloir <a href=\"https:\/\/www.20minutes.fr\/dossier\/valerie_pecresse\" class=\"color-ultramarine c-link\" target=\"_blank\" rel=\"noopener\">Val\u00e9rie P\u00e9cresse<\/a>, pr\u00e9sidente de la r\u00e9gion <a href=\"https:\/\/www.20minutes.fr\/dossier\/ile-de-france\" class=\"color-ultramarine c-link\" target=\"_blank\" rel=\"noopener\">\u00cele-de-France<\/a> selon des informations de nos confr\u00e8res de <a href=\"https:\/\/www.bfmtv.com\/paris\/info-bfm-paris-ile-de-france-vers-la-suppression-de-l-aide-individuelle-regionale-vers-l-emploi_AN-202409230942.html\" rel=\"nofollow noopener\" target=\"_blank\" class=\"color-ultramarine c-link\">BFMTV<\/a>.<\/p>\n<p>Ce t\u00e9l\u00e9service, dont l\u2019objectif est de \u00ab\u00a0faciliter le retour, l\u2019acc\u00e8s ou le maintien en emploi \u00e0 l\u2019issue d\u2019une formation\u00a0\u00bb des Franciliens, qui avait \u00e9t\u00e9 victime <a href=\"https:\/\/www.20minutes.fr\/dossier\/escroquerie\" class=\"color-ultramarine c-link\" target=\"_blank\" rel=\"noopener\">d\u2019escroquerie<\/a> en\u00a02023 pourrait \u00eatre d\u00e9finitivement abandonn\u00e9, selon un communiqu\u00e9 de l\u2019opposition r\u00e9gionale publi\u00e9 ce lundi.<\/p>\n<blockquote class=\"twitter-tweet\" align=\"center\" data-lang=\"fr_FR\">\n<p lang=\"fr\" dir=\"ltr\">\u203c\ufe0f<a href=\"https:\/\/twitter.com\/vpecresse?ref_src=twsrc%5Etfw\" target=\"_blank\" rel=\"noopener\">@vpecresse<\/a> instrumentalise le rapport de la mission r\u00e9gionale <a href=\"https:\/\/twitter.com\/hashtag\/MIE?src=hash&amp;ref_src=twsrc%5Etfw\" target=\"_blank\" rel=\"noopener\">#MIE<\/a> sur la Form pro pour y glisser la suppression du dispositif <a href=\"https:\/\/twitter.com\/hashtag\/AIRE?src=hash&amp;ref_src=twsrc%5Etfw\" target=\"_blank\" rel=\"noopener\">#AIRE<\/a><\/p>\n<p>Nous, \u00e9lu\u00b7es de gauche et \u00e9colos,ne pouvons cautionner ce choix politique qui casse le service public. Nous quittons la MIE<\/p>\n<p>Notre d\u00e9claration\u2935\ufe0f <a href=\"https:\/\/t.co\/g6xZsmZwkc\">pic.twitter.com\/g6xZsmZwkc<\/a><\/p>\n<p>\u2014 P\u00f4le \u00c9cologiste IDF (@PoleEcolo_IDF) <a href=\"https:\/\/twitter.com\/PoleEcolo_IDF\/status\/1838249730410758284?ref_src=twsrc%5Etfw\" target=\"_blank\" rel=\"noopener\">September 23, 2024<\/a><\/p><\/blockquote>\n<p class=\"mb-m@xs text-l@xs\">En cliquant sur\u00ab J\u2019accepte \u00bb, vous acceptez le d\u00e9p\u00f4t de cookies par des services externes et aurez ainsi acc\u00e8s aux contenus de nos partenaires.<\/p>\n<p class=\"mb-xl@xs text-s@xs\">Plus d\u2019informations sur la page<a href=\"https:\/\/www.20minutes.fr\/gestion-cookies\" class=\"mx-xxs@xs color-ultramarine\" target=\"_blank\" rel=\"noopener\">Politique de gestion des cookies<\/a><\/p>\n<p>J\u2019accepteUne fraude r\u00e9v\u00e9l\u00e9e en janvier dernier \u00e0 l\u2019origine de la mission d\u2019\u00e9valuation<\/p>\n<p>Cette aide, qui pouvait prendre en charge jusqu\u2019\u00e0 80\u00a0% du montant de la formation professionnelle d\u2019un Francilien, et qui b\u00e9n\u00e9ficiait chaque ann\u00e9e \u00e0 environ 11.000 personnes, avait \u00e9t\u00e9 victime d\u2019une fraude en\u00a02023. Alors que son enveloppe s\u2019\u00e9levait \u00e0 plus de 50\u00a0millions d\u2019euros, le montant du pr\u00e9judice s\u2019\u00e9l\u00e8verait \u00e0 2\u00a0millions d\u2019euros selon la pr\u00e9sidente de r\u00e9gion.<\/p>\n<p>Apr\u00e8s avoir port\u00e9 plainte pour escroquerie, la r\u00e9gion avait suspendu l\u2019Aire au mois de janvier dernier et une mission d\u2019information et d\u2019\u00e9valuation (MIE) avait \u00e9t\u00e9 lanc\u00e9e sur demande de l\u2019opposition r\u00e9gionale.<\/p>\n<p>Une \u00ab\u00a0occasion\u00a0\u00bb saisie par la majorit\u00e9 de faire des \u00e9conomies\u00a0?<\/p>\n<p>Mais les quatre groupes d\u2019opposition de gauche ont claqu\u00e9 la porte de cette m\u00eame mission d\u00e9non\u00e7ant un \u00ab\u00a0pr\u00e9rapport\u00a0\u00bb qui \u00ab\u00a0ne tient pas compte des auditions faites par la commission\u00a0\u00bb. La raison\u00a0? Selon eux, Val\u00e9rie P\u00e9cresse souhaiterait utiliser cette mission pour supprimer purement et simplement l\u2019Aire\u00a0: \u00ab\u00a0La seule pr\u00e9conisation du pr\u00e9rapport concerne la suppression du dispositif Aire alors m\u00eame que cette proposition n\u2019a jamais \u00e9t\u00e9 \u00e9voqu\u00e9e lors de la MIE, ni m\u00eame dans les contributions des groupes politiques.\u00a0\u00bb<\/p>\n<p>\u00ab\u00a0En aucun cas, nous ne cautionnerons l\u2019utilisation de la MIE pour la suppression de ce dispositif, pour une d\u00e9cision politique que l\u2019ex\u00e9cutif aurait du mal \u00e0 assumer\u00a0\u00bb, alertent les \u00e9lus de l\u2019opposition qui voient dans la mission une \u00ab\u00a0occasion\u00a0\u00bb pour la majorit\u00e9 de \u00ab\u00a0faire des \u00e9conomies\u00a0\u00bb selon l\u2019\u00e9cologiste Kader Chibane cit\u00e9 par la cha\u00eene d\u2019information.<\/p>\n<p>Le rapport vot\u00e9 ce vendredi 27\u00a0septembre<\/p>\n<p>S\u2019il d\u00e9nonce la r\u00e9action de l\u2019opposition, y voyant un \u00ab\u00a0l\u00e2chage\u00a0\u00bb et de la \u00ab\u00a0mauvaise foi\u00a0\u00bb, l\u2019entourage de Val\u00e9rie P\u00e9cresse assure quand m\u00eame que la proposition sera \u00ab\u00a0\u00e9tudi\u00e9e \u00e0 la lumi\u00e8re\u00a0\u00bb du rapport de la MIE.<\/p>\n<\/p>\n<p>Dans un communiqu\u00e9 en r\u00e9ponse \u00e0 l\u2019opposition, la majorit\u00e9 r\u00e9gionale \u00cele-de-France rassembl\u00e9e assure qu\u2019elle \u00ab\u00a0poursuivra les travaux de la MIE, et son rapporteur soumettra le rapport au vote des commissaires le vendredi 27\u00a0septembre prochain\u00a0\u00bb.<\/p>\n<p><script async src=\"https:\/\/platform.twitter.com\/widgets.js\" charset=\"utf-8\"><\/script><\/p>\n","protected":false},"excerpt":{"rendered":"L\u2019aide individuelle r\u00e9gionale vers l\u2019emploi (Aire) bient\u00f4t supprim\u00e9e\u00a0? C\u2019est ce que semble vouloir Val\u00e9rie P\u00e9cresse, pr\u00e9sidente de la&hellip;\n","protected":false},"author":2,"featured_media":123707,"comment_status":"","ping_status":"","sticky":false,"template":"","format":"standard","meta":{"footnotes":""},"categories":[1592],"tags":[1111,11,4526,341,1777,674,1119,1011,27,2383,662,12,419,626,1306,25,10522,2328],"class_list":{"0":"post-123706","1":"post","2":"type-post","3":"status-publish","4":"format-standard","5":"has-post-thumbnail","7":"category-ile-de-france","8":"tag-actu","9":"tag-actualites","10":"tag-aide","11":"tag-emploi","12":"tag-eu","13":"tag-europe","14":"tag-formation","15":"tag-fr","16":"tag-france","17":"tag-gauche","18":"tag-ile-de-france","19":"tag-news","20":"tag-opposition","21":"tag-paris","22":"tag-regions","23":"tag-republique-francaise","24":"tag-subventions","25":"tag-valerie-pecresse"},"share_on_mastodon":{"url":"https:\/\/pubeurope.com\/@fr\/114561051738730872","error":""},"_links":{"self":[{"href":"https:\/\/www.europesays.com\/fr\/wp-json\/wp\/v2\/posts\/123706","targetHints":{"allow":["GET"]}}],"collection":[{"href":"https:\/\/www.europesays.com\/fr\/wp-json\/wp\/v2\/posts"}],"about":[{"href":"https:\/\/www.europesays.com\/fr\/wp-json\/wp\/v2\/types\/post"}],"author":[{"embeddable":true,"href":"https:\/\/www.europesays.com\/fr\/wp-json\/wp\/v2\/users\/2"}],"replies":[{"embeddable":true,"href":"https:\/\/www.europesays.com\/fr\/wp-json\/wp\/v2\/comments?post=123706"}],"version-history":[{"count":0,"href":"https:\/\/www.europesays.com\/fr\/wp-json\/wp\/v2\/posts\/123706\/revisions"}],"wp:featuredmedia":[{"embeddable":true,"href":"https:\/\/www.europesays.com\/fr\/wp-json\/wp\/v2\/media\/123707"}],"wp:attachment":[{"href":"https:\/\/www.europesays.com\/fr\/wp-json\/wp\/v2\/media?parent=123706"}],"wp:term":[{"taxonomy":"category","embeddable":true,"href":"https:\/\/www.europesays.com\/fr\/wp-json\/wp\/v2\/categories?post=123706"},{"taxonomy":"post_tag","embeddable":true,"href":"https:\/\/www.europesays.com\/fr\/wp-json\/wp\/v2\/tags?post=123706"}],"curies":[{"name":"wp","href":"https:\/\/api.w.org\/{rel}","templated":true}]}}