{"id":123708,"date":"2025-05-24T05:02:08","date_gmt":"2025-05-24T05:02:08","guid":{"rendered":"https:\/\/www.europesays.com\/fr\/123708\/"},"modified":"2025-05-24T05:02:08","modified_gmt":"2025-05-24T05:02:08","slug":"anne-hidalgo-refuse-dagreer-une-societe-privee-daide-a-domicile-la-justice-tranche","status":"publish","type":"post","link":"https:\/\/www.europesays.com\/fr\/123708\/","title":{"rendered":"Anne Hidalgo refuse d&rsquo;agr\u00e9er une soci\u00e9t\u00e9 priv\u00e9e d&rsquo;aide \u00e0 domicile, la justice tranche"},"content":{"rendered":"<p>            Par<br \/>\n        <strong><br \/>\n            <a href=\"https:\/\/actu.fr\/auteur\/thomas-martin\" title=\"Consulter tous les articles de Thomas Martin\" target=\"_blank\" rel=\"noopener\">Thomas Martin<\/a><br \/>\n        <\/strong><\/p>\n<p>        Publi\u00e9 le<\/p>\n<p>            24 mai 2025 \u00e0 6h32        <\/p>\n<p>La cour administrative d\u2019appel de Paris a \u00e9t\u00e9 appel\u00e9e \u00e0 trancher le litige qui opposait la Ville de Paris \u00e0 une soci\u00e9t\u00e9 qui voulait venir en aide aux <a href=\"https:\/\/actu.fr\/tag\/seniors\" target=\"_blank\" rel=\"noopener\">personnes \u00e2g\u00e9es<\/a> ou en situation de <a href=\"https:\/\/actu.fr\/tag\/handicap\" target=\"_blank\" rel=\"noopener\">handicap<\/a>. Une opposition n\u00e9e le 5 novembre 2021 quand la maire (PS) de Paris <a href=\"https:\/\/actu.fr\/tag\/anne-hidalgo\" target=\"_blank\" rel=\"noopener\">Anne Hidalgo<\/a> avait refus\u00e9 de d\u00e9livrer une \u00ab\u00a0autorisation d\u2019exploiter un service d\u2019aide et d\u2019accompagnement \u00e0 domicile (SAAD) en mode prestataire aupr\u00e8s des personnes \u00e2g\u00e9es et\/ou en situation de handicap\u00a0\u00bb \u00e0 Aina Assistance Services, un prestataire install\u00e9 dans le 16e arrondissement de la capitale.<\/p>\n<p>Le tribunal administratif de Paris donne raison \u00e0 la soci\u00e9t\u00e9<\/p>\n<p class=\" wall-content\">La mairie de Paris indiquait avoir d\u00e9tect\u00e9 des \u00ab\u00a0impr\u00e9cisions\u00a0\u00bb dans le projet port\u00e9 par cette soci\u00e9t\u00e9 d\u2019aides \u00e0 domicile, notamment concernant le public vis\u00e9 par son activit\u00e9. Elle avait \u00e9galement relev\u00e9 des \u00ab\u00a0incoh\u00e9rences\u00a0\u00bb tenant \u00e0 \u00ab\u00a0la sous-estimation de d\u00e9penses\u00a0\u00bb ou \u00ab\u00a0la surestimation de recettes\u00a0\u00bb.<\/p>\n<p class=\" wall-content\">Mais la soci\u00e9t\u00e9 \u00ab\u00a0dispose d\u2019un local adapt\u00e9 pour l\u2019activit\u00e9 de SAAD [service d\u2019aide et d\u2019accompagnement \u00e0 domicile, ndlr], (\u2026) et sa g\u00e9rante dispose du niveau de qualification requis\u00a0\u00bb, se d\u00e9fendait la soci\u00e9t\u00e9.<\/p>\n<p class=\" wall-content\">Elle assurait d\u2019ailleurs avoir fourni des \u00ab\u00a0informations claires et compl\u00e8tes\u00a0\u00bb quant \u00e0 son projet ainsi qu\u2019un \u00ab\u00a0budget pr\u00e9visionnel d\u00e9taill\u00e9\u00a0\u00bb. Le <a href=\"https:\/\/actu.fr\/tag\/tribunal-administratif-de-paris\" target=\"_blank\" rel=\"noopener\">tribunal administratif de Paris<\/a> lui avait finalement donn\u00e9 raison en avril 2024 :\u00a0la juridiction avait donn\u00e9 trois mois \u00e0 la ville de Paris pour \u00ab\u00a0proc\u00e9der \u00e0 un nouvel examen de la demande d\u2019autorisation\u00a0\u00bb.\u00a0<\/p>\n<p>Des informations manquantes sur les tarifs<\/p>\n<p class=\" wall-content\">Mais la ville de Paris avait pr\u00e9f\u00e9r\u00e9 faire appel du jugement, et, dans un arr\u00eat en date du 1er avril 2025 qui vient d\u2019\u00eatre rendu public, la cour administrative d\u2019appel de Paris lui a donn\u00e9 raison.<\/p>\n<p class=\" wall-content\">\u00ab\u00a0Le livret d\u2019accueil produit par (\u2026) Aina Assistance Services ne comporte pas le minimum des informations exig\u00e9es\u00a0\u00bb par le code de l\u2019action sociale et des familles (CASF) \u00ab\u00a0concernant les droits et les tarifs applicables\u00a0\u00bb, commence par faire observer la juridiction. Il manquait par exemple \u00ab\u00a0les conditions g\u00e9n\u00e9rales de remplacement des intervenants en cas d\u2019absence\u00a0\u00bb, \u00ab\u00a0la possibilit\u00e9 de recourir \u00e0 une personne de confiance\u00a0\u00bb ou encore \u00ab\u00a0les coordonn\u00e9es des services du pr\u00e9sident du conseil d\u00e9partemental territorialement comp\u00e9tent\u00a0\u00bb.<\/p>\n<p>    <a href=\"https:\/\/email.publihebdos.com\/form?lid=Mqc7o19yVDtMEo2FE8aUtw2\" title=\"Ouvrie le lien\" target=\"_blank\" rel=\"noopener\">Cliquez ici pour visualiser le contenu<\/a><\/p>\n<p class=\" wall-content\">\u00a0\u00ab\u00a0La circonstance que ces informations figureraient dans d\u2019autres documents (\u2026\u00e0 n\u2019est pas de nature \u00e0 rem\u00e9dier \u00e0 ces insuffisances\u00a0\u00bb, prennent soin de souligner les juges parisiens.<\/p>\n<p class=\" wall-content\">Par ailleurs, la soci\u00e9t\u00e9 ne pr\u00e9cise pas non plus \u00ab\u00a0les cat\u00e9gories de personnes susceptibles\u00a0\u00bb de b\u00e9n\u00e9ficier de son activit\u00e9 : elle se \u00ab\u00a0borne\u00a0\u00bb \u00e0 indiquer que \u00ab\u00a0ces activit\u00e9s sont destin\u00e9es \u00e0 un public vuln\u00e9rable en raison de son \u00e2ge, de son \u00e9tat de sant\u00e9 ou de son handicap\u00a0\u00bb.<\/p>\n<p class=\" wall-content\">\u00ab\u00a0La ville de Paris pouvait l\u00e9galement (\u2026) s\u2019opposer \u00e0 la demande (\u2026) en raison de l\u2019insuffisance des documents pr\u00e9sent\u00e9s dans le dossier de demande\u00a0\u00bb, en d\u00e9duit la cour administrative d\u2019appel de Paris. La soci\u00e9t\u00e9 a jusqu\u2019au 1er juin 2025 pour saisir le Conseil d\u2019Etat, la plus haute juridiction administrative fran\u00e7aise.<\/p>\n<p class=\" wall-content\"><strong>MJ-PressPepper<\/strong><\/p>\n<p class=\" wall-content\">Suivez toute l\u2019actualit\u00e9 de vos villes et m\u00e9dias favoris en vous inscrivant \u00e0 <a href=\"https:\/\/moncompte.actu.fr\" title=\"D\u00e9couvez Mon Actu\" rel=\"nofollow noopener\" data-trk=\"{&quot;cta&quot;:{&quot;action&quot;:&quot;https:\\\/\\\/moncompte.actu.fr&quot;,&quot;category&quot;:&quot;mon compte&quot;,&quot;from&quot;:&quot;article footer&quot;,&quot;name&quot;:&quot;Mon actu&quot;,&quot;type&quot;:&quot;cta&quot;}}\" target=\"_blank\">Mon Actu<\/a>.<\/p>\n","protected":false},"excerpt":{"rendered":"Par Thomas Martin Publi\u00e9 le 24 mai 2025 \u00e0 6h32 La cour administrative d\u2019appel de Paris a \u00e9t\u00e9&hellip;\n","protected":false},"author":2,"featured_media":123709,"comment_status":"","ping_status":"","sticky":false,"template":"","format":"standard","meta":{"footnotes":""},"categories":[1888],"tags":[1111,1928,11,1927,2618,1777,674,1011,27,2381,12,1926,626,1925,25,104,22321],"class_list":{"0":"post-123708","1":"post","2":"type-post","3":"status-publish","4":"format-standard","5":"has-post-thumbnail","7":"category-paris","8":"tag-actu","9":"tag-actu-paris","10":"tag-actualites","11":"tag-actualites-paris","12":"tag-anne-hidalgo","13":"tag-eu","14":"tag-europe","15":"tag-fr","16":"tag-france","17":"tag-mairie-de-paris","18":"tag-news","19":"tag-news-paris","20":"tag-paris","21":"tag-paris-news","22":"tag-republique-francaise","23":"tag-societe","24":"tag-tribunal-administratif-de-paris"},"share_on_mastodon":{"url":"https:\/\/pubeurope.com\/@fr\/114561059581819218","error":""},"_links":{"self":[{"href":"https:\/\/www.europesays.com\/fr\/wp-json\/wp\/v2\/posts\/123708","targetHints":{"allow":["GET"]}}],"collection":[{"href":"https:\/\/www.europesays.com\/fr\/wp-json\/wp\/v2\/posts"}],"about":[{"href":"https:\/\/www.europesays.com\/fr\/wp-json\/wp\/v2\/types\/post"}],"author":[{"embeddable":true,"href":"https:\/\/www.europesays.com\/fr\/wp-json\/wp\/v2\/users\/2"}],"replies":[{"embeddable":true,"href":"https:\/\/www.europesays.com\/fr\/wp-json\/wp\/v2\/comments?post=123708"}],"version-history":[{"count":0,"href":"https:\/\/www.europesays.com\/fr\/wp-json\/wp\/v2\/posts\/123708\/revisions"}],"wp:featuredmedia":[{"embeddable":true,"href":"https:\/\/www.europesays.com\/fr\/wp-json\/wp\/v2\/media\/123709"}],"wp:attachment":[{"href":"https:\/\/www.europesays.com\/fr\/wp-json\/wp\/v2\/media?parent=123708"}],"wp:term":[{"taxonomy":"category","embeddable":true,"href":"https:\/\/www.europesays.com\/fr\/wp-json\/wp\/v2\/categories?post=123708"},{"taxonomy":"post_tag","embeddable":true,"href":"https:\/\/www.europesays.com\/fr\/wp-json\/wp\/v2\/tags?post=123708"}],"curies":[{"name":"wp","href":"https:\/\/api.w.org\/{rel}","templated":true}]}}