{"id":12379,"date":"2025-04-09T10:27:08","date_gmt":"2025-04-09T10:27:08","guid":{"rendered":"https:\/\/www.europesays.com\/fr\/12379\/"},"modified":"2025-04-09T10:27:08","modified_gmt":"2025-04-09T10:27:08","slug":"lyon-un-accident-de-moto-sur-les-quais-fait-une-morte-et-un-blesse-grave","status":"publish","type":"post","link":"https:\/\/www.europesays.com\/fr\/12379\/","title":{"rendered":"Lyon : un accident de moto sur les quais fait une morte et un bless\u00e9 grave"},"content":{"rendered":"<p>Un accident de moto a \u00e9t\u00e9 fatal \u00e0 une femme ce mercredi 9 avril, t\u00f4t le matin, sur le quai Saint-Vincent, \u00e0 Lyon. Un homme a \u00e9galement \u00e9t\u00e9 gri\u00e8vement bless\u00e9.<\/p>\n<p><b>Une femme a perdu la vie<\/b> ce mercredi, t\u00f4t le matin, sur le <b>quai Saint-Vincent<\/b>, \u00e0 <b>Lyon<\/b>. Victime d&rsquo;un <b>accident de moto<\/b>, vers 4h, elle est d\u00e9c\u00e9d\u00e9e sur le coup, selon <a class=\"url\" href=\"https:\/\/actu.fr\/auvergne-rhone-alpes\/lyon_69123\/lyon-une-femme-meurt-dans-un-accident-de-moto-sur-les-quais-un-homme-dans-un-etat-grave_62485297.html\" target=\"_blank\" rel=\"nofollow noopener\">Actu Lyon<\/a>.<\/p>\n<p>Un homme dans un \u00e9tat grave<\/p>\n<p>Impliqu\u00e9 \u00e9galement dans cet accident aux circonstances encore assez floues, un <b>homme<\/b> a, lui, \u00e9t\u00e9 <b>gri\u00e8vement bless\u00e9<\/b>.\u00a0<\/p>\n<p>Son <b>pronostic vital<\/b> \u00e9tait <b>engag\u00e9<\/b> au moment de son transfert \u00e0 l&rsquo;h\u00f4pital.<\/p>\n<p><img loading=\"lazy\" decoding=\"async\" src=\"https:\/\/www.europesays.com\/fr\/wp-content\/uploads\/2025\/04\/1744194428_266_img\" width=\"350\" height=\"200\" border=\"0\" title=\"Un camion de pompiers.\"\/><\/p>\n<p>\u25baFaits divers<\/p>\n<p style=\"font-size: 22px;\"><b>Lyon : un pi\u00e9ton gravement bless\u00e9 dans une collision avec un cycliste<\/b><\/p>\n<p>Un accident de la circulation s&rsquo;est produit ce mardi&#8230;<\/p>\n<p><\/p>\n","protected":false},"excerpt":{"rendered":"Un accident de moto a \u00e9t\u00e9 fatal \u00e0 une femme ce mercredi 9 avril, t\u00f4t le matin, sur&hellip;\n","protected":false},"author":2,"featured_media":12380,"comment_status":"","ping_status":"","sticky":false,"template":"","format":"standard","meta":{"footnotes":""},"categories":[1889],"tags":[119,1111,11,2430,1777,674,1294,1011,27,4933,2428,1457,12,4775,5703,25],"class_list":{"0":"post-12379","1":"post","2":"type-post","3":"status-publish","4":"format-standard","5":"has-post-thumbnail","7":"category-lyon","8":"tag-accident","9":"tag-actu","10":"tag-actualites","11":"tag-auvergne-rhone-alpes","12":"tag-eu","13":"tag-europe","14":"tag-femme","15":"tag-fr","16":"tag-france","17":"tag-homme","18":"tag-lyon","19":"tag-moto","20":"tag-news","21":"tag-pompier","22":"tag-quai-saint-vincent","23":"tag-republique-francaise"},"share_on_mastodon":{"url":"https:\/\/pubeurope.com\/@fr\/114307533781770244","error":""},"_links":{"self":[{"href":"https:\/\/www.europesays.com\/fr\/wp-json\/wp\/v2\/posts\/12379","targetHints":{"allow":["GET"]}}],"collection":[{"href":"https:\/\/www.europesays.com\/fr\/wp-json\/wp\/v2\/posts"}],"about":[{"href":"https:\/\/www.europesays.com\/fr\/wp-json\/wp\/v2\/types\/post"}],"author":[{"embeddable":true,"href":"https:\/\/www.europesays.com\/fr\/wp-json\/wp\/v2\/users\/2"}],"replies":[{"embeddable":true,"href":"https:\/\/www.europesays.com\/fr\/wp-json\/wp\/v2\/comments?post=12379"}],"version-history":[{"count":0,"href":"https:\/\/www.europesays.com\/fr\/wp-json\/wp\/v2\/posts\/12379\/revisions"}],"wp:featuredmedia":[{"embeddable":true,"href":"https:\/\/www.europesays.com\/fr\/wp-json\/wp\/v2\/media\/12380"}],"wp:attachment":[{"href":"https:\/\/www.europesays.com\/fr\/wp-json\/wp\/v2\/media?parent=12379"}],"wp:term":[{"taxonomy":"category","embeddable":true,"href":"https:\/\/www.europesays.com\/fr\/wp-json\/wp\/v2\/categories?post=12379"},{"taxonomy":"post_tag","embeddable":true,"href":"https:\/\/www.europesays.com\/fr\/wp-json\/wp\/v2\/tags?post=12379"}],"curies":[{"name":"wp","href":"https:\/\/api.w.org\/{rel}","templated":true}]}}