{"id":123804,"date":"2025-05-24T05:57:07","date_gmt":"2025-05-24T05:57:07","guid":{"rendered":"https:\/\/www.europesays.com\/fr\/123804\/"},"modified":"2025-05-24T05:57:07","modified_gmt":"2025-05-24T05:57:07","slug":"un-homme-interpelle-apres-une-agression-sexuelle-dans-le-train","status":"publish","type":"post","link":"https:\/\/www.europesays.com\/fr\/123804\/","title":{"rendered":"un homme interpell\u00e9 apr\u00e8s une agression sexuelle dans le train"},"content":{"rendered":"<p>            Par<br \/>\n        <strong><br \/>\n            <a href=\"https:\/\/actu.fr\/auteur\/tristan-mahe-actu-fr\" title=\"Consulter tous les articles de Tristan Mah\u00e9\" rel=\"nofollow noopener\" target=\"_blank\">Tristan Mah\u00e9<\/a><br \/>\n        <\/strong><\/p>\n<p>        Publi\u00e9 le<\/p>\n<p>            24 mai 2025 \u00e0 7h34        <\/p>\n<p>Tout commence \u00e0 la gare de Paris Austerlitz ce jeudi 22 mai. Dans le train de 17h45 en direction de Nantes, un homme s\u2019assoit \u00e0 c\u00f4t\u00e9 d\u2019une jeune femme. Durant le trajet, <strong>elle finit par s\u2019assoupir<\/strong>.<\/p>\n<p class=\" wall-content\">\u00c0 son r\u00e9veil, elle constate que l\u2019homme est en train de lui toucher les fesses. Elle proteste \u00e9nergiquement, mais ne parvient pas \u00e0 se lib\u00e9rer directement. Tandis que l\u2019homme continue ses agissements, la victime <strong>parvient \u00e0 filmer une partie de la sc\u00e8ne<\/strong>\u00a0avant de r\u00e9ussir \u00e0 s\u2019extirper de la rang\u00e9e.<\/p>\n<p>L\u2019agresseur plac\u00e9 en garde \u00e0 vue<\/p>\n<p class=\" wall-content\">Elle pr\u00e9vient ensuite les contr\u00f4leurs, qui font le n\u00e9cessaire pour alerter la police. Une fois arriv\u00e9 \u00e0 destination, l\u2019auteur des faits a \u00e9t\u00e9 cueilli par la police nationale \u00e0 la gare de Nantes.<\/p>\n<p class=\" wall-content\">L\u2019agresseur a \u00e9t\u00e9 <strong>plac\u00e9 en garde \u00e0 vue<\/strong> ce 22 mai.<\/p>\n<p class=\" wall-content\">Suivez toute l\u2019actualit\u00e9 de vos villes et m\u00e9dias favoris en vous inscrivant \u00e0 <a href=\"https:\/\/moncompte.actu.fr\" title=\"D\u00e9couvez Mon Actu\" rel=\"nofollow noopener\" data-trk=\"{&quot;cta&quot;:{&quot;action&quot;:&quot;https:\\\/\\\/moncompte.actu.fr&quot;,&quot;category&quot;:&quot;mon compte&quot;,&quot;from&quot;:&quot;article footer&quot;,&quot;name&quot;:&quot;Mon actu&quot;,&quot;type&quot;:&quot;cta&quot;}}\" target=\"_blank\">Mon Actu<\/a>.<\/p>\n","protected":false},"excerpt":{"rendered":"Par Tristan Mah\u00e9 Publi\u00e9 le 24 mai 2025 \u00e0 7h34 Tout commence \u00e0 la gare de Paris Austerlitz&hellip;\n","protected":false},"author":2,"featured_media":123805,"comment_status":"","ping_status":"","sticky":false,"template":"","format":"standard","meta":{"footnotes":""},"categories":[2818],"tags":[1111,11,1777,674,118,1011,27,766,12,2636,25,799],"class_list":{"0":"post-123804","1":"post","2":"type-post","3":"status-publish","4":"format-standard","5":"has-post-thumbnail","7":"category-nantes","8":"tag-actu","9":"tag-actualites","10":"tag-eu","11":"tag-europe","12":"tag-faits-divers","13":"tag-fr","14":"tag-france","15":"tag-nantes","16":"tag-news","17":"tag-pays-de-la-loire","18":"tag-republique-francaise","19":"tag-violences-sexuelles"},"share_on_mastodon":{"url":"https:\/\/pubeurope.com\/@fr\/114561275906309588","error":""},"_links":{"self":[{"href":"https:\/\/www.europesays.com\/fr\/wp-json\/wp\/v2\/posts\/123804","targetHints":{"allow":["GET"]}}],"collection":[{"href":"https:\/\/www.europesays.com\/fr\/wp-json\/wp\/v2\/posts"}],"about":[{"href":"https:\/\/www.europesays.com\/fr\/wp-json\/wp\/v2\/types\/post"}],"author":[{"embeddable":true,"href":"https:\/\/www.europesays.com\/fr\/wp-json\/wp\/v2\/users\/2"}],"replies":[{"embeddable":true,"href":"https:\/\/www.europesays.com\/fr\/wp-json\/wp\/v2\/comments?post=123804"}],"version-history":[{"count":0,"href":"https:\/\/www.europesays.com\/fr\/wp-json\/wp\/v2\/posts\/123804\/revisions"}],"wp:featuredmedia":[{"embeddable":true,"href":"https:\/\/www.europesays.com\/fr\/wp-json\/wp\/v2\/media\/123805"}],"wp:attachment":[{"href":"https:\/\/www.europesays.com\/fr\/wp-json\/wp\/v2\/media?parent=123804"}],"wp:term":[{"taxonomy":"category","embeddable":true,"href":"https:\/\/www.europesays.com\/fr\/wp-json\/wp\/v2\/categories?post=123804"},{"taxonomy":"post_tag","embeddable":true,"href":"https:\/\/www.europesays.com\/fr\/wp-json\/wp\/v2\/tags?post=123804"}],"curies":[{"name":"wp","href":"https:\/\/api.w.org\/{rel}","templated":true}]}}