{"id":123816,"date":"2025-05-24T06:03:08","date_gmt":"2025-05-24T06:03:08","guid":{"rendered":"https:\/\/www.europesays.com\/fr\/123816\/"},"modified":"2025-05-24T06:03:08","modified_gmt":"2025-05-24T06:03:08","slug":"lille-dior-vuitton-nike-ils-revendaient-des-contrefacons-via-tiktok-et-snapchat","status":"publish","type":"post","link":"https:\/\/www.europesays.com\/fr\/123816\/","title":{"rendered":"Lille. Dior, Vuitton, Nike&#8230; Ils revendaient des contrefa\u00e7ons via TikTok et Snapchat"},"content":{"rendered":"<p>            Par<br \/>\n        <strong><br \/>\n            <a href=\"https:\/\/actu.fr\/auteur\/hervine-mahaud\" title=\"Consulter tous les articles de Hervine Mahaud\" target=\"_blank\" rel=\"noopener\">Hervine Mahaud<\/a><br \/>\n        <\/strong><\/p>\n<p>        Publi\u00e9 le<\/p>\n<p>            24 mai 2025 \u00e0 7h24        <\/p>\n<p>Un important coup de filet a \u00e9t\u00e9 men\u00e9 dans la <b>lutte contre la contrefa\u00e7on<\/b> dans la <b>m\u00e9tropole de <a href=\"https:\/\/actu.fr\/hauts-de-france\/lille_59350\" target=\"_blank\" rel=\"noopener\">Lille<\/a><\/b>. Plus de <b>1300 articles de contrefa\u00e7on<\/b>, imitant de <b>grandes marques<\/b> telles que <b>Dior, Louis Vuitton<\/b> ou encore <b>Nike<\/b>, ont \u00e9t\u00e9 saisis. Les mis en cause d\u00e9marchaient les clients en passant via les <b>r\u00e9seaux sociaux Snapchat et TikTok<\/b>.<\/p>\n<p>Plus de 1300 articles saisis par les forces de l\u2019ordre<\/p>\n<p class=\" wall-content\">L\u2019enqu\u00eate ouverte par le <b>parquet de Lille<\/b> a \u00e9t\u00e9 men\u00e9e par la Section de Recherches de la gendarmerie de Lille. Elle d\u00e9bute apr\u00e8s la d\u00e9couverte d\u2019un \u00ab\u00a0<b>commerce en ligne d\u2019articles de contrefa\u00e7on<\/b>, dont les clients \u00e9taient d\u00e9march\u00e9s via Snapchat et <a href=\"https:\/\/actu.fr\/tag\/tiktok\" target=\"_blank\" rel=\"noopener\">TikTok<\/a>\u00ab\u00a0, indique la procureur de la R\u00e9publique, Carole \u00c9tienne.<\/p>\n<p class=\" wall-content\">Gr\u00e2ce aux investigations, des saisies sont r\u00e9alis\u00e9es aux domiciles des mis en cause, ainsi que dans diff\u00e9rents locaux situ\u00e9s \u00e0 Fives, les 14 et 15 mai 2025. Les forces de l\u2019ordre mettent ainsi la main sur \u00ab\u00a0<b>plus de 1300 articles imitant de grandes marques<\/b> (<b>Dior, Nike, New Balance, Adidas, Louis Vuitton<\/b>\u2026)\u00a0\u00bb, d\u00e9taille le parquet de Lille.<\/p>\n<p class=\" wall-content\"><b>Trois hommes ont \u00e9t\u00e9 interpell\u00e9s<\/b> dans la foul\u00e9e, et plac\u00e9s en garde \u00e0 vue. Ils ont \u00e9t\u00e9 d\u00e9f\u00e9r\u00e9s le 16 mai dans le cadre d\u2019une proc\u00e9dure de comparution imm\u00e9diate. \u00ab\u00a0Les trois pr\u00e9venus ont \u00e9t\u00e9 plac\u00e9s sous contr\u00f4le judiciaire dans l\u2019attente de leur jugement qui interviendra le 9 janvier 2026.\u00a0\u00bb<\/p>\n<p class=\" wall-content\">Pour ce trafic de marchandises contrefaites, ils encourent <b>7 ans d\u2019emprisonnement<\/b> et <b>750 000 euros d\u2019amende<\/b> d\u00e9lictuelle.\u00a0<\/p>\n<p>Vid\u00e9os : en ce moment sur Actu<\/p>\n<p class=\" wall-content\">Suivez toute l\u2019actualit\u00e9 de vos villes et m\u00e9dias favoris en vous inscrivant \u00e0 <a href=\"https:\/\/moncompte.actu.fr\" title=\"D\u00e9couvez Mon Actu\" rel=\"nofollow noopener\" data-trk=\"{&quot;cta&quot;:{&quot;action&quot;:&quot;https:\\\/\\\/moncompte.actu.fr&quot;,&quot;category&quot;:&quot;mon compte&quot;,&quot;from&quot;:&quot;article footer&quot;,&quot;name&quot;:&quot;Mon actu&quot;,&quot;type&quot;:&quot;cta&quot;}}\" target=\"_blank\">Mon Actu<\/a>.<\/p>\n","protected":false},"excerpt":{"rendered":"Par Hervine Mahaud Publi\u00e9 le 24 mai 2025 \u00e0 7h24 Un important coup de filet a \u00e9t\u00e9 men\u00e9&hellip;\n","protected":false},"author":2,"featured_media":123817,"comment_status":"","ping_status":"","sticky":false,"template":"","format":"standard","meta":{"footnotes":""},"categories":[2815],"tags":[1111,11,1777,674,118,1011,27,811,303,1307,12,25,2439],"class_list":{"0":"post-123816","1":"post","2":"type-post","3":"status-publish","4":"format-standard","5":"has-post-thumbnail","7":"category-lille","8":"tag-actu","9":"tag-actualites","10":"tag-eu","11":"tag-europe","12":"tag-faits-divers","13":"tag-fr","14":"tag-france","15":"tag-hauts-de-france","16":"tag-justice","17":"tag-lille","18":"tag-news","19":"tag-republique-francaise","20":"tag-tiktok"},"share_on_mastodon":{"url":"https:\/\/pubeurope.com\/@fr\/114561299803599884","error":""},"_links":{"self":[{"href":"https:\/\/www.europesays.com\/fr\/wp-json\/wp\/v2\/posts\/123816","targetHints":{"allow":["GET"]}}],"collection":[{"href":"https:\/\/www.europesays.com\/fr\/wp-json\/wp\/v2\/posts"}],"about":[{"href":"https:\/\/www.europesays.com\/fr\/wp-json\/wp\/v2\/types\/post"}],"author":[{"embeddable":true,"href":"https:\/\/www.europesays.com\/fr\/wp-json\/wp\/v2\/users\/2"}],"replies":[{"embeddable":true,"href":"https:\/\/www.europesays.com\/fr\/wp-json\/wp\/v2\/comments?post=123816"}],"version-history":[{"count":0,"href":"https:\/\/www.europesays.com\/fr\/wp-json\/wp\/v2\/posts\/123816\/revisions"}],"wp:featuredmedia":[{"embeddable":true,"href":"https:\/\/www.europesays.com\/fr\/wp-json\/wp\/v2\/media\/123817"}],"wp:attachment":[{"href":"https:\/\/www.europesays.com\/fr\/wp-json\/wp\/v2\/media?parent=123816"}],"wp:term":[{"taxonomy":"category","embeddable":true,"href":"https:\/\/www.europesays.com\/fr\/wp-json\/wp\/v2\/categories?post=123816"},{"taxonomy":"post_tag","embeddable":true,"href":"https:\/\/www.europesays.com\/fr\/wp-json\/wp\/v2\/tags?post=123816"}],"curies":[{"name":"wp","href":"https:\/\/api.w.org\/{rel}","templated":true}]}}