{"id":123820,"date":"2025-05-24T06:05:07","date_gmt":"2025-05-24T06:05:07","guid":{"rendered":"https:\/\/www.europesays.com\/fr\/123820\/"},"modified":"2025-05-24T06:05:07","modified_gmt":"2025-05-24T06:05:07","slug":"350-auteurs-de-delits-routiers-convoques-en-quatre-jours-dans-un-commissariat-de-marseille","status":"publish","type":"post","link":"https:\/\/www.europesays.com\/fr\/123820\/","title":{"rendered":"350 auteurs de d\u00e9lits routiers convoqu\u00e9s en quatre jours dans un commissariat de Marseille"},"content":{"rendered":"<p>\u00c7a lui \u00e9tait compl\u00e8tement sorti de la t\u00eate. Pr\u00e8s de trois ans apr\u00e8s son \u00e9cart de conduite, Franck* avait oubli\u00e9. Pr\u00e9venu la semaine derni\u00e8re qu\u2019il \u00e9tait convoqu\u00e9 au commissariat \u00ab\u00a0pour une affaire de <a href=\"https:\/\/www.laprovence.com\/article\/france-monde\/9244825763221714\/migaud-favorable-a-la-creation-dun-delit-dhomicide-routier-le-plus-rapidement-possible\" target=\"_blank\" rel=\"nofollow noopener\">d\u00e9lit routier<\/a>\u00ab\u00a0, le quadrag\u00e9naire s\u2019est demand\u00e9 ce qu\u2019on lui voulait. L\u2019ancien agent de s\u00e9curit\u00e9, qui a encha\u00een\u00e9 missions d\u2019int\u00e9rim et petits boulots de magasinier, puis de cariste, travaille d\u00e9sormais \u00e0 l\u2019<a href=\"https:\/\/www.laprovence.com\/article\/economie\/1111309707980616\/lavera-ineos-devient-lunique-actionnaire-de-lusine-naphtachimie\" target=\"_blank\" rel=\"nofollow noopener\">usine Lav\u00e9ra<\/a> de Martigues o\u00f9 il a d\u00e9croch\u00e9 un pr\u00e9cieux CDI.<\/p>\n<p>Convoqu\u00e9 trois ans apr\u00e8s les faits<\/p>\n<p>En surv\u00eatement gris dans un bureau de la <a href=\"https:\/\/www.laprovence.com\/article\/faits-divers-justice\/2568941948839214\/marseille-30-kilos-de-cannabis-saisis-dans-les-quartiers-sud-deux-narcolivreurs-arretes\" target=\"_blank\" rel=\"nofollow noopener\">division sud<\/a>, les mains nerveusement crois\u00e9es sur ses cuisses, Franck semble consid\u00e9rer que le d\u00e9l\u00e9gu\u00e9 du procureur lui pr\u00e9sente la note d\u2019un temps r\u00e9volu. Quelques minutes plus t\u00f4t, lors de son audition devant un policier, il a toutefois reconnu les faits commis en\u00a02022 du c\u00f4t\u00e9 de <a href=\"https:\/\/www.laprovence.com\/article\/region\/74634724242073\/a-mazargues-des-marseillais-se-recueillent-dans-la-chapelle-ardente-autour-de-jean-claude-gaudin\" target=\"_blank\" rel=\"nofollow noopener\">Mazargues<\/a>, dans le 9e arrondissement de Marseille\u00a0: exc\u00e8s de vitesse, conduite sous l\u2019\u00e9tat d\u2019un empire alcoolique et d\u00e9faut d\u2019assurance.<\/p>\n","protected":false},"excerpt":{"rendered":"\u00c7a lui \u00e9tait compl\u00e8tement sorti de la t\u00eate. Pr\u00e8s de trois ans apr\u00e8s son \u00e9cart de conduite, Franck*&hellip;\n","protected":false},"author":2,"featured_media":123821,"comment_status":"","ping_status":"","sticky":false,"template":"","format":"standard","meta":{"footnotes":""},"categories":[2814],"tags":[17,21726,1111,11,711,24626,17026,1777,674,274,1011,27,7285,884,12,882,9702,25,17027],"class_list":{"0":"post-123820","1":"post","2":"type-post","3":"status-publish","4":"format-standard","5":"has-post-thumbnail","7":"category-marseille","8":"tag-17","9":"tag-21726","10":"tag-actu","11":"tag-actualites","12":"tag-auteurs","13":"tag-convoques","14":"tag-delits","15":"tag-eu","16":"tag-europe","17":"tag-faits-divers-justice","18":"tag-fr","19":"tag-france","20":"tag-jours","21":"tag-marseille","22":"tag-news","23":"tag-provence-alpes-cote-dazur","24":"tag-quatre","25":"tag-republique-francaise","26":"tag-routiers"},"share_on_mastodon":{"url":"https:\/\/pubeurope.com\/@fr\/114561307523338591","error":""},"_links":{"self":[{"href":"https:\/\/www.europesays.com\/fr\/wp-json\/wp\/v2\/posts\/123820","targetHints":{"allow":["GET"]}}],"collection":[{"href":"https:\/\/www.europesays.com\/fr\/wp-json\/wp\/v2\/posts"}],"about":[{"href":"https:\/\/www.europesays.com\/fr\/wp-json\/wp\/v2\/types\/post"}],"author":[{"embeddable":true,"href":"https:\/\/www.europesays.com\/fr\/wp-json\/wp\/v2\/users\/2"}],"replies":[{"embeddable":true,"href":"https:\/\/www.europesays.com\/fr\/wp-json\/wp\/v2\/comments?post=123820"}],"version-history":[{"count":0,"href":"https:\/\/www.europesays.com\/fr\/wp-json\/wp\/v2\/posts\/123820\/revisions"}],"wp:featuredmedia":[{"embeddable":true,"href":"https:\/\/www.europesays.com\/fr\/wp-json\/wp\/v2\/media\/123821"}],"wp:attachment":[{"href":"https:\/\/www.europesays.com\/fr\/wp-json\/wp\/v2\/media?parent=123820"}],"wp:term":[{"taxonomy":"category","embeddable":true,"href":"https:\/\/www.europesays.com\/fr\/wp-json\/wp\/v2\/categories?post=123820"},{"taxonomy":"post_tag","embeddable":true,"href":"https:\/\/www.europesays.com\/fr\/wp-json\/wp\/v2\/tags?post=123820"}],"curies":[{"name":"wp","href":"https:\/\/api.w.org\/{rel}","templated":true}]}}