{"id":123824,"date":"2025-05-24T06:07:10","date_gmt":"2025-05-24T06:07:10","guid":{"rendered":"https:\/\/www.europesays.com\/fr\/123824\/"},"modified":"2025-05-24T06:07:10","modified_gmt":"2025-05-24T06:07:10","slug":"la-matinale-bath-enterre-le-lo-carnaval-qui-degenere-a-lyon-benzema-nest-plus-un-coeur-a-prendre-lessentiel-de-lactu-de-ce-samedi-24-mai","status":"publish","type":"post","link":"https:\/\/www.europesays.com\/fr\/123824\/","title":{"rendered":"La matinale Bath enterre le Lo, carnaval qui d\u00e9g\u00e9n\u00e8re \u00e0 Lyon, Benzema n\u2019est plus un c\u0153ur \u00e0 prendre&#8230; L&rsquo;essentiel de l&rsquo;actu de ce samedi 24 mai"},"content":{"rendered":"<p>  Feux de poubelles et cort\u00e8ge sauvage : le carnaval des Pentes d\u00e9g\u00e9n\u00e8re \u00e0 la Croix-Rousse \u00e0 Lyon<\/p>\n<p>Interdit par la pr\u00e9fecture en raison d&rsquo;un risque de troubles \u00e0 l&rsquo;ordre public, le Carnaval des Pentes, \u00e9v\u00e9nement organis\u00e9 par des groupuscules d&rsquo;extr\u00eame gauche et antifascistes, est parti en cort\u00e8ge sauvage ce vendredi soir \u00e0 la Croix-Rousse. Des d\u00e9gradations ont eu lieu ainsi que<a href=\"http:\/\/www.leprogres.fr\/faits-divers-justice\/2025\/05\/23\/feux-de-poubelles-et-cortege-sauvage-le-carnaval-des-pentes-degenere-a-la-croix-rousse\" target=\"_blank\" rel=\"noopener\"> des affrontements avec les forces de l&rsquo;ordre<\/a>.<\/p>\n<p>  \u00c0 Gerland, entre trafic de drogue et prostitution, le ras-le-bol des riverains du secteur Saint-Jean-de-Dieu<\/p>\n<p>En d\u00e9but d\u2019ann\u00e9e, le Collectif des parents de la Plaine de jeux \u00e0 Gerland d\u00e9non\u00e7ait la pr\u00e9sence de camionnettes de prostitu\u00e9es revenues s\u2019installer en soir\u00e9e. Aujourd\u2019hui, des riverains de la rue Saint-Jean-de-Dieu s\u2019inqui\u00e8tent \u00e0 leur tour de les voir dans leur secteur et du trafic <a href=\"http:\/\/www.leprogres.fr\/societe\/2025\/05\/24\/a-gerland-entre-trafic-de-drogue-et-prostitution-le-ras-le-bol-des-riverains-du-secteur-saint-jean-de-dieu\" target=\"_blank\" rel=\"noopener\">gravitant autour de cette activit\u00e9<\/a>.<\/p>\n<p>  Festival de Cannes\u00a0: Palme d&rsquo;or, prix d&rsquo;interpr\u00e9tation&#8230; nos pronostics pour le palmar\u00e8s<\/p>\n<p>\u00c0 l\u2019approche de la cl\u00f4ture du Festival de Cannes 2025, les sp\u00e9culations vont bon train pour pr\u00e9dire le palmar\u00e8s de cette 78e \u00e9dition. Si les rumeurs et les \u00e9chos critiques permettent d\u2019esquisser des tendances, <a href=\"http:\/\/www.leprogres.fr\/culture-loisirs\/2025\/05\/24\/festival-de-cannes-palme-d-or-prix-d-interpretation-nos-pronostics-pour-le-palmares\" target=\"_blank\" rel=\"noopener\">l\u2019incertitude reste de mise, comme chaque ann\u00e9e.<\/a><\/p>\n<p>  Attaque russe d&rsquo;ampleur sur Kiev, un nouvel \u00e9change de prisonniers attendu<\/p>\n<p>Des drones et des missiles russes ont fait au moins huit bless\u00e9s dans la capitale ukrainienne dans la nuit de vendredi \u00e0 samedi, malgr\u00e9 l&rsquo;\u00e9change <a href=\"http:\/\/www.leprogres.fr\/defense-guerre-conflit\/2025\/05\/24\/attaque-russe-d-ampleur-sur-kiev-un-nouvel-echange-de-prisonniers-attendu\" target=\"_blank\" rel=\"noopener\">de prisonniers record \u00e0 venir<\/a>.<\/p>\n<p>Chaque jour, nous perdons, selon les cas et notre environnement, entre 1,5 et 2,5 litres d\u2019eau. Une quantit\u00e9 qu\u2019il convient bien s\u00fbr de compenser en buvant suffisamment sans attendre de ressentir la soif et les premi\u00e8res alertes de notre organisme. Lesquelles ?<\/p>\n","protected":false},"excerpt":{"rendered":"Feux de poubelles et cort\u00e8ge sauvage : le carnaval des Pentes d\u00e9g\u00e9n\u00e8re \u00e0 la Croix-Rousse \u00e0 Lyon Interdit&hellip;\n","protected":false},"author":2,"featured_media":123825,"comment_status":"","ping_status":"","sticky":false,"template":"","format":"standard","meta":{"footnotes":""},"categories":[1889],"tags":[1111,11,2430,1777,674,5634,107,1011,27,329,6225,2428,1031,12,973,25,2429,517],"class_list":{"0":"post-123824","1":"post","2":"type-post","3":"status-publish","4":"format-standard","5":"has-post-thumbnail","7":"category-lyon","8":"tag-actu","9":"tag-actualites","10":"tag-auvergne-rhone-alpes","11":"tag-eu","12":"tag-europe","13":"tag-festival-de-cannes","14":"tag-fil-info","15":"tag-fr","16":"tag-france","17":"tag-france-monde","18":"tag-la-matinale","19":"tag-lyon","20":"tag-magazine","21":"tag-news","22":"tag-people","23":"tag-republique-francaise","24":"tag-rhone","25":"tag-sport"},"share_on_mastodon":{"url":"https:\/\/pubeurope.com\/@fr\/114561315201328539","error":""},"_links":{"self":[{"href":"https:\/\/www.europesays.com\/fr\/wp-json\/wp\/v2\/posts\/123824","targetHints":{"allow":["GET"]}}],"collection":[{"href":"https:\/\/www.europesays.com\/fr\/wp-json\/wp\/v2\/posts"}],"about":[{"href":"https:\/\/www.europesays.com\/fr\/wp-json\/wp\/v2\/types\/post"}],"author":[{"embeddable":true,"href":"https:\/\/www.europesays.com\/fr\/wp-json\/wp\/v2\/users\/2"}],"replies":[{"embeddable":true,"href":"https:\/\/www.europesays.com\/fr\/wp-json\/wp\/v2\/comments?post=123824"}],"version-history":[{"count":0,"href":"https:\/\/www.europesays.com\/fr\/wp-json\/wp\/v2\/posts\/123824\/revisions"}],"wp:featuredmedia":[{"embeddable":true,"href":"https:\/\/www.europesays.com\/fr\/wp-json\/wp\/v2\/media\/123825"}],"wp:attachment":[{"href":"https:\/\/www.europesays.com\/fr\/wp-json\/wp\/v2\/media?parent=123824"}],"wp:term":[{"taxonomy":"category","embeddable":true,"href":"https:\/\/www.europesays.com\/fr\/wp-json\/wp\/v2\/categories?post=123824"},{"taxonomy":"post_tag","embeddable":true,"href":"https:\/\/www.europesays.com\/fr\/wp-json\/wp\/v2\/tags?post=123824"}],"curies":[{"name":"wp","href":"https:\/\/api.w.org\/{rel}","templated":true}]}}