{"id":123827,"date":"2025-05-24T06:11:08","date_gmt":"2025-05-24T06:11:08","guid":{"rendered":"https:\/\/www.europesays.com\/fr\/123827\/"},"modified":"2025-05-24T06:11:08","modified_gmt":"2025-05-24T06:11:08","slug":"ces-rues-de-paris-sont-les-plus-cheres-de-france-avec-des-prix-au-m%c2%b2-stratospheriques","status":"publish","type":"post","link":"https:\/\/www.europesays.com\/fr\/123827\/","title":{"rendered":"ces rues de Paris sont les plus ch\u00e8res de France avec des prix au m\u00b2 stratosph\u00e9riques"},"content":{"rendered":"<p>            Par<br \/>\n        <strong><br \/>\n            <a href=\"https:\/\/actu.fr\/auteur\/thomas-martin\" title=\"Consulter tous les articles de Thomas Martin\" rel=\"nofollow noopener\" target=\"_blank\">Thomas Martin<\/a><br \/>\n        <\/strong><\/p>\n<p>        Publi\u00e9 le<\/p>\n<p>            24 mai 2025 \u00e0 7h36        <\/p>\n<p>Les prix de l\u2019<a href=\"https:\/\/actu.fr\/tag\/immobilier\" rel=\"nofollow noopener\" target=\"_blank\">immobilier<\/a> \u00e0 Paris ont beau avoir baiss\u00e9 ces derniers mois, le m\u00b2 dans la capitale reste largement sup\u00e9rieur \u00e0 celui de la province \u00e0 9468 euros euros. Alors que le march\u00e9 conna\u00eet un l\u00e9ger regain, Seloger vient de publier le classement des <a href=\"https:\/\/actu.fr\/ile-de-france\/paris_75056\/quelles-differences-a-paris-entre-une-avenue-un-boulevard-et-une-rue_48083712.html\" rel=\"nofollow noopener\" target=\"_blank\">rues, avenues et autres voies<\/a> les plus ch\u00e8res de France. Un classement dans lequel les premi\u00e8res places sont trust\u00e9es sans surprise par Paris.\u00a0<\/p>\n<p>La rue de Furstemberg dans le 6e arrondissement de Paris toujours la plus ch\u00e8re<\/p>\n<p class=\" wall-content\">C\u2019est la <a href=\"https:\/\/actu.fr\/ile-de-france\/paris_75056\/video-immobilier-a-paris-a-quoi-ressemble-un-appartement-dans-la-rue-la-plus-chere-de-france_60846580.html\" rel=\"nofollow noopener\" target=\"_blank\">rue de Furstemberg<\/a> (23 087 euros\/m\u00b2) qui occupe \u00e0 nouveau la t\u00eate du classement. A l\u2019angle des rues Jacob et de Furstemberg, un appartement de 6 pi\u00e8ces pour une surface de 157 m\u00b2 est actuellement \u00e0 vendre 3,3 millions d\u2019euros soit plus de 21 000 euros le m\u00b2.\u00a0<\/p>\n<p class=\" wall-content\">Cette voie pris\u00e9e du 6e arrondissement est suivie par le Quai des Orf\u00e8vres (23 054 euros), situ\u00e9 dans le centre historique de Paris. L\u2019agence <a href=\"https:\/\/menagerhug.com\/fr\/propriete\/vente+maison+paris-1er+une-rarissime-et-elegante-maison-de-ville-sur-la-seine+84092540\" rel=\"nofollow noopener\" target=\"_blank\">M\u00e9nager Hug<\/a> y vend une \u00ab\u00a0rarissime et \u00e9l\u00e9gante maison de ville\u00a0\u00bb d\u2019une surface de 340 m\u00b2 pour 13,9 millions d\u2019euros soit plus de 40 000 euros le m\u00b2 !\u00a0<\/p>\n<p class=\" wall-content\">Pour vivre avenue Montaigne, dans le 8e arrondissement, il faudra d\u00e9bourser en moyenne 22 548 euros du m\u00b2. <a href=\"https:\/\/www.barnes-paris.com\/fr\/vente\/paris-75008\/85570738\" rel=\"nofollow noopener\" target=\"_blank\">Barnes<\/a> commercialise entre autres un appartement deux pi\u00e8ces de 40 m\u00b2 \u00ab\u00a0au sein de \u00ab\u00a0la plus belle copropri\u00e9t\u00e9 de l\u2019avenue\u00a0\u00bb pour 1,25 million d\u2019euros, soit plus de 31 000 euros le m\u00b2.\u00a0<\/p>\n<p class=\" wall-content\">Les rues de la Palatine (21 896 euros) et de l\u2019Amiral de Coligny (21 355 euros), nich\u00e9es au c\u0153ur du 6\u1d49 arrondissement, viennent cl\u00f4turer ce classement.\u00a0<\/p>\n<p class=\" wall-content\">Suivez toute l\u2019actualit\u00e9 de vos villes et m\u00e9dias favoris en vous inscrivant \u00e0 <a href=\"https:\/\/moncompte.actu.fr\" title=\"D\u00e9couvez Mon Actu\" rel=\"nofollow noopener\" data-trk=\"{&quot;cta&quot;:{&quot;action&quot;:&quot;https:\\\/\\\/moncompte.actu.fr&quot;,&quot;category&quot;:&quot;mon compte&quot;,&quot;from&quot;:&quot;article footer&quot;,&quot;name&quot;:&quot;Mon actu&quot;,&quot;type&quot;:&quot;cta&quot;}}\" target=\"_blank\">Mon Actu<\/a>.<\/p>\n","protected":false},"excerpt":{"rendered":"Par Thomas Martin Publi\u00e9 le 24 mai 2025 \u00e0 7h36 Les prix de l\u2019immobilier \u00e0 Paris ont beau&hellip;\n","protected":false},"author":2,"featured_media":123828,"comment_status":"","ping_status":"","sticky":false,"template":"","format":"standard","meta":{"footnotes":""},"categories":[1888],"tags":[1111,1928,11,1927,33,1777,674,1011,27,1116,2425,12,1926,626,1925,25],"class_list":{"0":"post-123827","1":"post","2":"type-post","3":"status-publish","4":"format-standard","5":"has-post-thumbnail","7":"category-paris","8":"tag-actu","9":"tag-actu-paris","10":"tag-actualites","11":"tag-actualites-paris","12":"tag-economie","13":"tag-eu","14":"tag-europe","15":"tag-fr","16":"tag-france","17":"tag-immobilier","18":"tag-luxe","19":"tag-news","20":"tag-news-paris","21":"tag-paris","22":"tag-paris-news","23":"tag-republique-francaise"},"share_on_mastodon":{"url":"https:\/\/pubeurope.com\/@fr\/114561331002001962","error":""},"_links":{"self":[{"href":"https:\/\/www.europesays.com\/fr\/wp-json\/wp\/v2\/posts\/123827","targetHints":{"allow":["GET"]}}],"collection":[{"href":"https:\/\/www.europesays.com\/fr\/wp-json\/wp\/v2\/posts"}],"about":[{"href":"https:\/\/www.europesays.com\/fr\/wp-json\/wp\/v2\/types\/post"}],"author":[{"embeddable":true,"href":"https:\/\/www.europesays.com\/fr\/wp-json\/wp\/v2\/users\/2"}],"replies":[{"embeddable":true,"href":"https:\/\/www.europesays.com\/fr\/wp-json\/wp\/v2\/comments?post=123827"}],"version-history":[{"count":0,"href":"https:\/\/www.europesays.com\/fr\/wp-json\/wp\/v2\/posts\/123827\/revisions"}],"wp:featuredmedia":[{"embeddable":true,"href":"https:\/\/www.europesays.com\/fr\/wp-json\/wp\/v2\/media\/123828"}],"wp:attachment":[{"href":"https:\/\/www.europesays.com\/fr\/wp-json\/wp\/v2\/media?parent=123827"}],"wp:term":[{"taxonomy":"category","embeddable":true,"href":"https:\/\/www.europesays.com\/fr\/wp-json\/wp\/v2\/categories?post=123827"},{"taxonomy":"post_tag","embeddable":true,"href":"https:\/\/www.europesays.com\/fr\/wp-json\/wp\/v2\/tags?post=123827"}],"curies":[{"name":"wp","href":"https:\/\/api.w.org\/{rel}","templated":true}]}}