{"id":123829,"date":"2025-05-24T06:12:12","date_gmt":"2025-05-24T06:12:12","guid":{"rendered":"https:\/\/www.europesays.com\/fr\/123829\/"},"modified":"2025-05-24T06:12:12","modified_gmt":"2025-05-24T06:12:12","slug":"des-dizaines-de-taxis-bloquent-lacces-aux-gares-de-lyon-et-du-nord","status":"publish","type":"post","link":"https:\/\/www.europesays.com\/fr\/123829\/","title":{"rendered":"Des dizaines de taxis bloquent l\u2019acc\u00e8s aux gares de Lyon et du Nord"},"content":{"rendered":"<p><strong>En col\u00e8re &#8211; Les taxis manifestent depuis lundi contre la nouvelle tarification pr\u00e9vue par la Caisse primaire d\u2019assurance maladie<\/strong><\/p>\n<p>\u00ab On bloque tout pour se faire entendre. \u00bb Comme Abdel, 43 ans, des dizaines de taxis bloquent ce vendredi l\u2019acc\u00e8s aux gares de Lyon et du Nord \u00e0 Paris, emp\u00eachant toute prise en charge. Depuis lundi, <a href=\"https:\/\/www.20minutes.fr\/societe\/4154276-20250519-transport-malades-pau-paris-toulouse-lorient-taxis-multiplient-operations-escargots?at_medium=RSS%20feed&amp;at_campaign=ynews&amp;utm_source=yahoo&amp;utm_medium=rss&amp;utm_campaign=news_feed&amp;utm_content=in_article_link\" rel=\"nofollow noopener\" target=\"_blank\" data-ylk=\"slk:les taxis sont mobilis\u00e9s un peu partout en France;elm:context_link;itc:0;sec:content-canvas\" class=\"link \">les taxis sont mobilis\u00e9s un peu partout en France<\/a> pour d\u00e9noncer la nouvelle tarification pr\u00e9vue par la Caisse primaire d\u2019assurance maladie r\u00e9gissant le transport des patients. L\u2019objectif est de contr\u00f4ler la croissance des d\u00e9penses de transport sanitaire, qui ont atteint 6,74 milliards d\u2019euros en 2024, dont 3,07 milliards pour les taxis conventionn\u00e9s (avec un bond de 45 % depuis 2019).<\/p>\n<p>Ces trajets vers les h\u00f4pitaux ou cabinets m\u00e9dicaux repr\u00e9sentent la majorit\u00e9 du chiffre d\u2019affaires de nombreux chauffeurs, surtout dans les petites villes. \u00ab Ce que la CNAM propose est viable, mais on ne peut pas tout faire d\u2019un coup. Pour moi c\u2019est -60 % de chiffre d\u2019affaires ! \u00bb, expliquait devant la Gare du Nord un taxi de la r\u00e9gion lyonnaise. La mobilisation \u00ab montre que le gouvernement a tr\u00e8s largement sous-estim\u00e9 l\u2019impact humain, \u00e9conomique et social des pratiques d\u00e9loyales organis\u00e9es dans le secteur <a href=\"https:\/\/www.20minutes.fr\/dossier\/vtc?at_medium=RSS%20feed&amp;at_campaign=ynews&amp;utm_source=yahoo&amp;utm_medium=rss&amp;utm_campaign=news_feed&amp;utm_content=in_article_link\" rel=\"nofollow noopener\" target=\"_blank\" data-ylk=\"slk:du VTC;elm:context_link;itc:0;sec:content-canvas\" class=\"link \">du VTC<\/a> ainsi que de la nouvelle convention pour le transport de malades \u00bb, a observ\u00e9 l\u2019intersyndicale dans une lettre adress\u00e9e jeudi au Premier ministre.<\/p>\n<p>Une r\u00e9union samedi avec Fran\u00e7ois Bayrou<\/p>\n<p>Les taxis ont depuis obtenu une r\u00e9union qui se tiendra ce samedi au minist\u00e8re des Transports en pr\u00e9sence du Premier ministre. Ils demandent notamment le retrait de la convention de la CNAM et la nomination d(&#8230;)<\/p>\n<p><a href=\"https:\/\/www.20minutes.fr\/societe\/4155157-20250523-paris-dizaines-taxis-bloquent-acces-gares-lyon-nord?at_medium=RSS%20feed&amp;at_campaign=ynews&amp;utm_source=yahoo&amp;utm_medium=rss&amp;utm_campaign=news_feed&amp;utm_content=read_more_link\" rel=\"nofollow noopener\" target=\"_blank\" data-ylk=\"slk:Lire la suite sur 20minutes;elm:context_link;itc:0;sec:content-canvas\" class=\"link \">Lire la suite sur 20minutes<\/a><\/p>\n<p>\u00c0 lire aussi :<br \/><a href=\"https:\/\/www.20minutes.fr\/societe\/greve\/4155072-20250523-colere-taxis-va-faire-machine-arriere-previent-gouvernement?at_medium=RSS%20feed&amp;at_campaign=ynews&amp;utm_source=yahoo&amp;utm_medium=rss&amp;utm_campaign=news_feed&amp;utm_content=related_content_link\" rel=\"nofollow noopener\" target=\"_blank\" data-ylk=\"slk:Col\u00e8re des taxis : \u00ab On ne va pas faire machine arri\u00e8re \u00bb, pr\u00e9vient le gouvernement;elm:context_link;itc:0;sec:content-canvas\" class=\"link \">Col\u00e8re des taxis : \u00ab On ne va pas faire machine arri\u00e8re \u00bb, pr\u00e9vient le gouvernement<\/a><br \/><a href=\"https:\/\/www.20minutes.fr\/societe\/4155032-20250523-transport-malades-apres-quatre-jours-mobilisation-taxis-obtiennent-reunion-francois-bayrou?at_medium=RSS%20feed&amp;at_campaign=ynews&amp;utm_source=yahoo&amp;utm_medium=rss&amp;utm_campaign=news_feed&amp;utm_content=related_content_link\" rel=\"nofollow noopener\" target=\"_blank\" data-ylk=\"slk:Transport de malades : Apr\u00e8s quatre jours de mobilisation, les taxis obtiennent une r\u00e9union avec Fran\u00e7ois Bayrou;elm:context_link;itc:0;sec:content-canvas\" class=\"link \">Transport de malades : Apr\u00e8s quatre jours de mobilisation, les taxis obtiennent une r\u00e9union avec Fran\u00e7ois Bayrou<\/a><\/p>\n","protected":false},"excerpt":{"rendered":"En col\u00e8re &#8211; Les taxis manifestent depuis lundi contre la nouvelle tarification pr\u00e9vue par la Caisse primaire d\u2019assurance&hellip;\n","protected":false},"author":2,"featured_media":123830,"comment_status":"","ping_status":"","sticky":false,"template":"","format":"standard","meta":{"footnotes":""},"categories":[1888],"tags":[1111,1928,11,1927,24630,1777,674,1011,27,24631,23774,12,1926,626,1925,25,9548,13489],"class_list":{"0":"post-123829","1":"post","2":"type-post","3":"status-publish","4":"format-standard","5":"has-post-thumbnail","7":"category-paris","8":"tag-actu","9":"tag-actu-paris","10":"tag-actualites","11":"tag-actualites-paris","12":"tag-caisse-primaire-dassurance-maladie","13":"tag-eu","14":"tag-europe","15":"tag-fr","16":"tag-france","17":"tag-gares-de-lyon","18":"tag-ministere-des-transports","19":"tag-news","20":"tag-news-paris","21":"tag-paris","22":"tag-paris-news","23":"tag-republique-francaise","24":"tag-taxis","25":"tag-transport-sanitaire"},"share_on_mastodon":{"url":"https:\/\/pubeurope.com\/@fr\/114561334928803073","error":""},"_links":{"self":[{"href":"https:\/\/www.europesays.com\/fr\/wp-json\/wp\/v2\/posts\/123829","targetHints":{"allow":["GET"]}}],"collection":[{"href":"https:\/\/www.europesays.com\/fr\/wp-json\/wp\/v2\/posts"}],"about":[{"href":"https:\/\/www.europesays.com\/fr\/wp-json\/wp\/v2\/types\/post"}],"author":[{"embeddable":true,"href":"https:\/\/www.europesays.com\/fr\/wp-json\/wp\/v2\/users\/2"}],"replies":[{"embeddable":true,"href":"https:\/\/www.europesays.com\/fr\/wp-json\/wp\/v2\/comments?post=123829"}],"version-history":[{"count":0,"href":"https:\/\/www.europesays.com\/fr\/wp-json\/wp\/v2\/posts\/123829\/revisions"}],"wp:featuredmedia":[{"embeddable":true,"href":"https:\/\/www.europesays.com\/fr\/wp-json\/wp\/v2\/media\/123830"}],"wp:attachment":[{"href":"https:\/\/www.europesays.com\/fr\/wp-json\/wp\/v2\/media?parent=123829"}],"wp:term":[{"taxonomy":"category","embeddable":true,"href":"https:\/\/www.europesays.com\/fr\/wp-json\/wp\/v2\/categories?post=123829"},{"taxonomy":"post_tag","embeddable":true,"href":"https:\/\/www.europesays.com\/fr\/wp-json\/wp\/v2\/tags?post=123829"}],"curies":[{"name":"wp","href":"https:\/\/api.w.org\/{rel}","templated":true}]}}