{"id":123831,"date":"2025-05-24T06:13:07","date_gmt":"2025-05-24T06:13:07","guid":{"rendered":"https:\/\/www.europesays.com\/fr\/123831\/"},"modified":"2025-05-24T06:13:07","modified_gmt":"2025-05-24T06:13:07","slug":"controle-a-la-gare-montparnasse-a-paris-il-a-bien-du-mal-a-expliquer-son-pactole","status":"publish","type":"post","link":"https:\/\/www.europesays.com\/fr\/123831\/","title":{"rendered":"contr\u00f4l\u00e9 \u00e0 la gare Montparnasse \u00e0 Paris, il a bien du mal \u00e0 expliquer son pactole"},"content":{"rendered":"<p>            Par<br \/>\n        <strong><br \/>\n            <a href=\"https:\/\/actu.fr\/auteur\/thomas-martin\" title=\"Consulter tous les articles de Thomas Martin\" target=\"_blank\" rel=\"noopener\">Thomas Martin<\/a><br \/>\n        <\/strong><\/p>\n<p>        Publi\u00e9 le<\/p>\n<p>            24 mai 2025 \u00e0 6h14        <\/p>\n<p>Depuis plusieurs semaines, des contr\u00f4les effectu\u00e9s par la <a href=\"https:\/\/actu.fr\/tag\/police\" target=\"_blank\" rel=\"noopener\">police<\/a> \u00e0 la <a href=\"https:\/\/actu.fr\/tag\/gare-montparnasse\" target=\"_blank\" rel=\"noopener\">gare Montparnasse<\/a>\u00a0 \u00e0 Paris (15e arrondissement) se r\u00e9v\u00e8lent souvent fructueux. Les policiers \u00ab\u00a0tombent\u00a0\u00bb assez fr\u00e9quemment sur des individus en possession de <a href=\"https:\/\/actu.fr\/tag\/drogue\" target=\"_blank\" rel=\"noopener\">drogue<\/a> ou d\u2019importantes sommes d\u2019argent dont ils ont bien du mal \u00e0 expliquer la provenance.\u00a0<\/p>\n<p>15 000 euros et pas d\u2019explications<\/p>\n<p class=\" wall-content\">Un nouvel \u00e9pisode a eu lieu jeudi 22 mai 2025, rapport\u00e9 sur X par la pr\u00e9fecture de police, quand les policiers ont contr\u00f4l\u00e9 un individu trouv\u00e9 en possession de plusieurs liasses de billets : 15 000 euros en dont il n\u2019a pu justifier la provenance. Un trou de m\u00e9moire qui l\u2019a conduit \u00e0 son interpellation par les forces de l\u2019ordre.\u00a0<\/p>\n<p class=\" wall-content\">Comme le rappelait r\u00e9cemment actu Paris, il n\u2019y a certes pas officiellement de somme maximum que l\u2019on peut transporter sur soi en esp\u00e8ces, mais il faut\u00a0\u00eatre capable de justifier la provenance des billets gr\u00e2ce \u00e0 des documents officiels de type (relev\u00e9s bancaires, factures, etc.).\u00a0<\/p>\n<p>Pr\u00e8s de 200 000 euros et un gros trou de m\u00e9moire<\/p>\n<p class=\" wall-content\">Le 14 avril dernier, toujours au m\u00eame endroit, un homme <a href=\"https:\/\/actu.fr\/ile-de-france\/paris_75056\/un-homme-interpelle-gare-montparnasse-a-paris-avec-un-pactole-qui-posait-probleme-aux-policiers_62525590.html\" target=\"_blank\" rel=\"noopener\">en possession de 40 000 euros<\/a> avait connu le m\u00eame sort. Quelques jours plus t\u00f4t, \u00e0 la station de m\u00e9tro de Montparnasse, dans le m\u00e9tro une usag\u00e8re avait \u00e9t\u00e9 contr\u00f4l\u00e9e. Dans son sac, <a href=\"https:\/\/actu.fr\/ile-de-france\/paris_75056\/paris-interpellee-dans-le-metro-avec-28-000-euros-sur-elle-combien-d-argent-liquide-peut-on-avoir-sur-soi_62503319.html\" target=\"_blank\" rel=\"noopener\">28\u2009000 euros en esp\u00e8ces<\/a>. Se trouvant dans l\u2019incapacit\u00e9 d\u2019en d\u00e9clarer la provenance, elle avait \u00e9t\u00e9 interpell\u00e9e.<\/p>\n<p class=\" wall-content\">On est tr\u00e8s loin malgr\u00e9 tout des pr\u00e8s de 200 000\u00a0 euros d\u00e9couverts toujours \u00e0 la gare Montparnasse par les policiers dans les bagages d\u2019un voyageur. L\u2019individu avait \u00e9t\u00e9 contr\u00f4l\u00e9 car v\u00e9h\u00e9ment avec des agents SNCF apr\u00e8s avoir rat\u00e9 son train \u00e0 destination de Brest. Les membres de la s\u00fbret\u00e9 SNCF avaient alors trouv\u00e9 l\u2019importante somme dans sa valise avant de pr\u00e9venir la police. En garde \u00e0 vue, le voyageur n\u2019avait pas \u00e9t\u00e9 en capacit\u00e9 d\u2019expliquer la provenance de cette somme d\u2019argent<\/p>\n<p>Vid\u00e9os : en ce moment sur Actu<\/p>\n<p class=\" wall-content\">Suivez toute l\u2019actualit\u00e9 de vos villes et m\u00e9dias favoris en vous inscrivant \u00e0 <a href=\"https:\/\/moncompte.actu.fr\" title=\"D\u00e9couvez Mon Actu\" rel=\"nofollow noopener\" data-trk=\"{&quot;cta&quot;:{&quot;action&quot;:&quot;https:\\\/\\\/moncompte.actu.fr&quot;,&quot;category&quot;:&quot;mon compte&quot;,&quot;from&quot;:&quot;article footer&quot;,&quot;name&quot;:&quot;Mon actu&quot;,&quot;type&quot;:&quot;cta&quot;}}\" target=\"_blank\">Mon Actu<\/a>.<\/p>\n","protected":false},"excerpt":{"rendered":"Par Thomas Martin Publi\u00e9 le 24 mai 2025 \u00e0 6h14 Depuis plusieurs semaines, des contr\u00f4les effectu\u00e9s par la&hellip;\n","protected":false},"author":2,"featured_media":123832,"comment_status":"","ping_status":"","sticky":false,"template":"","format":"standard","meta":{"footnotes":""},"categories":[1888],"tags":[11,1777,674,118,1011,27,8037,11674,12,626,1072,25],"class_list":{"0":"post-123831","1":"post","2":"type-post","3":"status-publish","4":"format-standard","5":"has-post-thumbnail","7":"category-paris","8":"tag-actualites","9":"tag-eu","10":"tag-europe","11":"tag-faits-divers","12":"tag-fr","13":"tag-france","14":"tag-gare-montparnasse","15":"tag-montparnasse","16":"tag-news","17":"tag-paris","18":"tag-police","19":"tag-republique-francaise"},"share_on_mastodon":{"url":"https:\/\/pubeurope.com\/@fr\/114561338754690408","error":""},"_links":{"self":[{"href":"https:\/\/www.europesays.com\/fr\/wp-json\/wp\/v2\/posts\/123831","targetHints":{"allow":["GET"]}}],"collection":[{"href":"https:\/\/www.europesays.com\/fr\/wp-json\/wp\/v2\/posts"}],"about":[{"href":"https:\/\/www.europesays.com\/fr\/wp-json\/wp\/v2\/types\/post"}],"author":[{"embeddable":true,"href":"https:\/\/www.europesays.com\/fr\/wp-json\/wp\/v2\/users\/2"}],"replies":[{"embeddable":true,"href":"https:\/\/www.europesays.com\/fr\/wp-json\/wp\/v2\/comments?post=123831"}],"version-history":[{"count":0,"href":"https:\/\/www.europesays.com\/fr\/wp-json\/wp\/v2\/posts\/123831\/revisions"}],"wp:featuredmedia":[{"embeddable":true,"href":"https:\/\/www.europesays.com\/fr\/wp-json\/wp\/v2\/media\/123832"}],"wp:attachment":[{"href":"https:\/\/www.europesays.com\/fr\/wp-json\/wp\/v2\/media?parent=123831"}],"wp:term":[{"taxonomy":"category","embeddable":true,"href":"https:\/\/www.europesays.com\/fr\/wp-json\/wp\/v2\/categories?post=123831"},{"taxonomy":"post_tag","embeddable":true,"href":"https:\/\/www.europesays.com\/fr\/wp-json\/wp\/v2\/tags?post=123831"}],"curies":[{"name":"wp","href":"https:\/\/api.w.org\/{rel}","templated":true}]}}