{"id":123833,"date":"2025-05-24T06:14:09","date_gmt":"2025-05-24T06:14:09","guid":{"rendered":"https:\/\/www.europesays.com\/fr\/123833\/"},"modified":"2025-05-24T06:14:09","modified_gmt":"2025-05-24T06:14:09","slug":"reims-en-direct-une-promenade-de-sante-pour-paris-avant-la-finale-de-c1-suivez-la-finale-de-la-coupe-de-france-avec-nous","status":"publish","type":"post","link":"https:\/\/www.europesays.com\/fr\/123833\/","title":{"rendered":"Reims EN DIRECT\u00a0: Une promenade de sant\u00e9 pour Paris avant la finale de C1\u00a0?\u2026. Suivez la finale de la Coupe de France avec nous"},"content":{"rendered":"<p>C\u2019est la premi\u00e8re \u00e9tape de cette fin de saison tr\u00e8s anim\u00e9e pour les Parisiens, qui affrontent ce soir le Stade de Reims avant de filer vers Munich o\u00f9 son r\u00eave europ\u00e9en lui tend les bras. Et si Luis Enrique a assur\u00e9 en conf qu\u2019aucun de ses joueurs n\u2019aurait la t\u00eate \u00e0 l\u2019Inter, on sait que ce ne sera pas forc\u00e9ment le cas. Ce qui ne les emp\u00eachera pas de jouer cette premi\u00e8re finale \u00e0 fond, face \u00e0 des R\u00e9mois qui, eux, ont certainement la t\u00eate au match retour contre Metz en barrages L1\/L2. Sur le papier, on voit mal comment cette Coupe de France pourrait \u00e9chapper aux Rouge et Bleu.<\/p>\n<p>\u00bb Rendez-vous d\u00e8s 20h30 pour suivre cette finale PSG-Reims<\/p>\n","protected":false},"excerpt":{"rendered":"C\u2019est la premi\u00e8re \u00e9tape de cette fin de saison tr\u00e8s anim\u00e9e pour les Parisiens, qui affrontent ce soir&hellip;\n","protected":false},"author":2,"featured_media":123834,"comment_status":"","ping_status":"","sticky":false,"template":"","format":"standard","meta":{"footnotes":""},"categories":[1888],"tags":[11,83,1777,674,63,1011,27,12,626,2332,25,517,464],"class_list":{"0":"post-123833","1":"post","2":"type-post","3":"status-publish","4":"format-standard","5":"has-post-thumbnail","7":"category-paris","8":"tag-actualites","9":"tag-coupe-de-france","10":"tag-eu","11":"tag-europe","12":"tag-football","13":"tag-fr","14":"tag-france","15":"tag-news","16":"tag-paris","17":"tag-paris-saint-germain-psg","18":"tag-republique-francaise","19":"tag-sport","20":"tag-stade-de-reims"},"share_on_mastodon":{"url":"https:\/\/pubeurope.com\/@fr\/114561342738532730","error":""},"_links":{"self":[{"href":"https:\/\/www.europesays.com\/fr\/wp-json\/wp\/v2\/posts\/123833","targetHints":{"allow":["GET"]}}],"collection":[{"href":"https:\/\/www.europesays.com\/fr\/wp-json\/wp\/v2\/posts"}],"about":[{"href":"https:\/\/www.europesays.com\/fr\/wp-json\/wp\/v2\/types\/post"}],"author":[{"embeddable":true,"href":"https:\/\/www.europesays.com\/fr\/wp-json\/wp\/v2\/users\/2"}],"replies":[{"embeddable":true,"href":"https:\/\/www.europesays.com\/fr\/wp-json\/wp\/v2\/comments?post=123833"}],"version-history":[{"count":0,"href":"https:\/\/www.europesays.com\/fr\/wp-json\/wp\/v2\/posts\/123833\/revisions"}],"wp:featuredmedia":[{"embeddable":true,"href":"https:\/\/www.europesays.com\/fr\/wp-json\/wp\/v2\/media\/123834"}],"wp:attachment":[{"href":"https:\/\/www.europesays.com\/fr\/wp-json\/wp\/v2\/media?parent=123833"}],"wp:term":[{"taxonomy":"category","embeddable":true,"href":"https:\/\/www.europesays.com\/fr\/wp-json\/wp\/v2\/categories?post=123833"},{"taxonomy":"post_tag","embeddable":true,"href":"https:\/\/www.europesays.com\/fr\/wp-json\/wp\/v2\/tags?post=123833"}],"curies":[{"name":"wp","href":"https:\/\/api.w.org\/{rel}","templated":true}]}}