{"id":123846,"date":"2025-05-24T06:21:10","date_gmt":"2025-05-24T06:21:10","guid":{"rendered":"https:\/\/www.europesays.com\/fr\/123846\/"},"modified":"2025-05-24T06:21:10","modified_gmt":"2025-05-24T06:21:10","slug":"directive-europeenne-devoir-de-vigilance-lhypocrisie-de-la-confederation-europeenne-des-syndicats","status":"publish","type":"post","link":"https:\/\/www.europesays.com\/fr\/123846\/","title":{"rendered":"Directive europ\u00e9enne \u00ab\u00a0devoir de vigilance\u00a0\u00bb l&rsquo;hypocrisie de la Conf\u00e9d\u00e9ration Europ\u00e9enne des syndicats&#8230;"},"content":{"rendered":"<p><strong>Dans un communiqu\u00e9 sirupeux et qui aurait pu \u00eatre \u00e9crit \u00e0 l\u2019encre jaune, les affid\u00e9s de la Conf\u00e9d\u00e9ration Europ\u00e9enne des Syndicats \u2013 une institution europ\u00e9enne financ\u00e9e par la Commission Europ\u00e9enne \u2013 versent des larmes de crocodiles sur la directive europ\u00e9enne \u00ab\u00a0devoir de vigilance\u00a0\u00bb. En s\u2019inqui\u00e9tant des tergiversations du r\u00e9gime Macron, faisant pression pour son application la moins contraignante pour les multinationales. On est bien loin des syndicalistes CGT, qui \u00e0 la base et \u00e0 l\u2019image<a href=\"https:\/\/www.facebook.com\/watch\/?v=695609456526818\" target=\"_blank\" rel=\"noopener\"> tr\u00e8s r\u00e9cente de l\u2019Union D\u00e9partemental CGT 13 dans ses assises de l\u2019industrie<\/a>, eux agissent pour d\u00e9fendre la production en France et s\u2019opposer au dumping anti social et aux d\u00e9localisations.<\/strong><\/p>\n<p>\nhttps:\/\/twitter.com\/BinetSophie\/status\/1925803256015368272\n<\/p>\n<p>Eurolarmes de crocodiles\u2026<\/p>\n<p>La Directive europ\u00e9enne sur le devoir de vigilance (Corporate Sustainability Due Diligence Directive, CSDDD) a \u00e9t\u00e9 adopt\u00e9e par le Parlement europ\u00e9en le 24 avril 2024 et par le Conseil de l\u2019Union europ\u00e9enne le 24 mai 2024. Elle ne produit cependant aucun effet \u00e0 ce jour. Elle n\u2019entrerait en effet en vigueur que selon le aclendrier suivant :<\/p>\n<ul class=\"wp-block-list\">\n<li>\n<ul class=\"wp-block-list\">\n<li>2027 : Application pour les tr\u00e8s grandes entreprises (plus de 5 000 employ\u00e9s et un chiffre d\u2019affaires mondial sup\u00e9rieur \u00e0 1,5 milliard d\u2019euros).<\/li>\n<li>2028 : Application pour les entreprises de plus de 3 000 employ\u00e9s et un CA sup\u00e9rieur \u00e0 900 millions d\u2019euros.<\/li>\n<li>2029 : Application pour les entreprises de plus de 500 employ\u00e9s et un CA sup\u00e9rieur \u00e0 150 millions d\u2019euros.<\/li>\n<\/ul>\n<\/li>\n<\/ul>\n<p>Les \u00c9tats membres ont jusqu\u2019au 26 juillet 2026 pour transposer la directive dans leur droit national, ce qui permettra son application effective selon le calendrier ci-dessus.<\/p>\n<p>Emmanuel Macron a soutenu initialement la Directive europ\u00e9enne sur le devoir de vigilance (CSDDD) lors de la pr\u00e9sidence fran\u00e7aise de l\u2019UE en 2022-2023, la pr\u00e9sentant comme une priorit\u00e9 pour responsabiliser les multinationales sur les droits humains et l\u2019environnement. La France avait alors inspir\u00e9 cette directive avec sa loi nationale de 2017 sur le devoir de vigilance. La loi a \u00e9t\u00e9 adopt\u00e9e apr\u00e8s le drame du Rana Plaza (2013) au Bangladesh.  La preuve au demeurant qu\u2019il n\u2019est nul besoin d\u2019appartenir \u00e0 l\u2019Union Europ\u00e9enne pour agir ! Bien au contraire !<\/p>\n<p><a href=\"https:\/\/www.initiative-communiste.fr\/articles\/international\/bangladesh-10-ans-apres-le-massacre-du-rana-plaza-la-classe-ouvriere-bangladaise-se-revolte-avec-une-greve-historique\/\" target=\"_blank\" rel=\"noopener\">Bangladesh : 10 ans apr\u00e8s le massacre du Rana Plaza, la classe ouvri\u00e8re bangladaise se r\u00e9volte\u00a0avec une gr\u00e8ve historique<\/a><\/p>\n<p>Mais en f\u00e9vrier 2024, la France, sous l\u2019impulsion de Bruno Le Maire, a cherch\u00e9 \u00e0 limiter la port\u00e9e de la directive en augmentant le seuil d\u2019application (de 500 \u00e0 5 000 salari\u00e9s), ce qui aurait exclu environ 80 % des entreprises initialement concern\u00e9es. Lors du sommet Choose France le 19 mai 2025, Emmanuel Macron a appel\u00e9 \u00e0 la suppression pure et simple de la directive (CS3D), s\u2019alignant sur la position du chancelier allemand Friedrich Merz. Il a d\u00e9clar\u00e9 que la directive, ainsi que d\u2019autres r\u00e9gulations, \u00ab ne doivent pas \u00eatre simplement repouss\u00e9es d\u2019un an mais \u00e9cart\u00e9es \u00bb, au nom de la simplification et de la comp\u00e9titivit\u00e9 europ\u00e9enne face \u00e0 la concurrence chinoise et am\u00e9ricaine (notamment l\u2019Inflation Reduction Act). C\u2019est une \u00e9ni\u00e8me illustration de ce que les conservateurs allemands dictent l\u2019agenda politique au sein de l\u2019Union Europ\u00e9enne. Selon l\u2019entourage de Macron, cette position s\u2019inscrit dans un \u00ab agenda franco-allemand \u00bb, qui de facto imposerait un recul de la loi Fran\u00e7aise de 2017.<\/p>\n<p>A ce titre, lorsque les dirigeants des principales centrales syndicales fran\u00e7aises \u2013 dont Sophie Binet de la CGT \u2013 sous les ordres de la CES r\u00e9digent un communiqu\u00e9 pour s\u2019inqui\u00e9ter des d\u00e9clarations de Macron, il est particuli\u00e8rement scandaleux de constater leur silence sur les dispositions de la l\u00e9gislation fran\u00e7aises qui prot\u00e8gent bien d\u2019avantage qu\u2019une directive europ\u00e9enne qu\u2019ils entendent prot\u00e9ger.<\/p>\n<p>La loi fran\u00e7aise sur le devoir de vigilance du 27 mars 2017 (Loi n\u00b0 2017-399) oblige d\u00e9j\u00e0 les grandes entreprises fran\u00e7aises \u00e0 pr\u00e9venir les atteintes graves aux droits humains, \u00e0 l\u2019environnement et \u00e0 la sant\u00e9 publique dans leurs activit\u00e9s, celles de leurs filiales, sous-traitants et fournisseurs, en France et \u00e0 l\u2019\u00e9tranger. Une loi qui produit d\u00e9j\u00e0 ses effets : Des ONG (Amis de la Terre, Survie) ont attaqu\u00e9 Total pour un projet p\u00e9trolier, reprochant un plan de vigilance insuffisant face aux d\u00e9placements forc\u00e9s de populations et aux impacts environnementaux. L\u2019affaire a marqu\u00e9 les esprits, bien que des questions de comp\u00e9tence judiciaire aient limit\u00e9 son issue. Auchan a \u00e9galement \u00e9t\u00e9 mis en cause pour des liens avec des usines textiles aux conditions de travail dangereuses.<\/p>\n<p>Mais il est \u00e9vident qu\u2019il s\u2019agit de larme de crocodile quant on sait que les m\u00eame ont dans un communiqu\u00e9 scandaleux, conjoint avec le grand patronat, appel\u00e9 le 17 d\u00e9cembre 2024 a faire pression sur les \u00ab\u00a0\u00e9lus et responsables politiques\u00a0\u00bb \u00e0 \u00ab\u00a0retrouver au plus vite le chemin de la stabilit\u00e9 de la visibilit\u00e9 et de la s\u00e9r\u00e9nit\u00e9\u00a0\u00bb. Cela apr\u00e8s que le tr\u00e8s minoritaire et ill\u00e9gitime Macron a vu la chute de son gouvernement Barnier, tout aussi minoritaire et ill\u00e9gitime, en contradiction avec le vote populaire de juin 2024 qui a tout \u00e0 la fois sanctionn\u00e9 la politique de Macron largement dict\u00e9e par les directives europ\u00e9ennes, et barr\u00e9 la route \u00e0 l\u2019extr\u00eame droite de Bardella Le Pen, formant un duo infernal avec Macron pour poursuivre les politiques de destruction et d\u2019exploitation de la France des travailleurs. En clair, sous la conduite de la CFDT, il s\u2019agissait d\u2019offrir \u00e0 Macron la possibilit\u00e9 de poursuivre la politique condamn\u00e9e par les Fran\u00e7ais, en s\u2019opposant de concert avec les milliardaires du MEDEF, aux appels \u00e0 la d\u00e9mission de Macron et au respect de la souverainet\u00e9 populaire.<\/p>\n<p>En hypocrite, ceux-la larmoient donc sur les effets dont ils ont ch\u00e9ri la cause ! Le Macron dont ils ont d\u00e9fendu la l\u00e9gitimit\u00e9 poursuit la politique qu\u2019il revendique, servir les capitalistes contre la France des travailleurs. On ne peut s\u2019en \u00e9tonner, ni s\u2019en offusquer, mais au contraire le combattre ! Binet n\u2019a t elle encore t\u2019elle pas particip\u00e9 \u00e0 une telle mascarade lors d\u2019un spectable t\u00e9l\u00e9vis\u00e9e d\u00e9but mai 2025, remettant en sc\u00e8ne Macron pr\u00e9sident, en allant jusqu\u2019\u00e0 s\u2019humilier d\u2019un terrible \u00ab\u00a0j\u2019ai vot\u00e9 pour vous\u00a0\u00bb, ce dernier ajoutant, cynique, \u00a0\u00bb et donc pour ma politique\u00a0\u00bb. <\/p>\n<p>\u2026 soutien aux budgets d\u2019euro aust\u00e9rit\u00e9, et aux trait\u00e9s europ\u00e9ens organisant d\u00e9localisations, dumping anti social, \u00e9vasion fiscale !<\/p>\n<p>Et c\u2019est bien la m\u00eame chose s\u2019agissant de l\u2019Union Europ\u00e9enne. Faut il rappeler qu\u2019\u00e0 la remorque des jaunes de la CFDT&amp;cie, les caciques socio d\u00e9mocrates et r\u00e9formistes squattant certaines fonctions de directions au sein de la CGT avait en 2005 essay\u00e9 d\u2019inscrire la CGT dans la campagne du oui au referendum sur le trait\u00e9 constitutionnel europ\u00e9en. Ils avaient fort heureusement \u00e9tait balay\u00e9, sans \u00e9quivoque, par les bases syndicales. Toujours est il que ceux-l\u00e0 ont de longues dates fait le choix de privil\u00e9gier en toute mati\u00e8re leur engagement \u00e0 la construction de l\u2019Union Europ\u00e9enne, \u00e0 la d\u00e9fense de la classe des travailleurs. C\u2019est vrai lorsqu\u2019ils soutiennent les budgets militaires \u00e9normes pour escalader la guerre, sous les ordres de l\u2019UE OTAN, men\u00e9e en Ukraine. C\u2019est vrai lorsqu\u2019ils se taisent, complices, sur les directives europ\u00e9ennes qui ordonnent la privatisation et la lib\u00e9ration des entreprises publics (SNCF, EDF, France Telecom, Air France, La Poste etc..). C\u2019est encore vrai lorsqu\u2019ils ne disent mots sur les ordres d\u2019euro aust\u00e9rit\u00e9 impos\u00e9s par l\u2019Union Europ\u00e9enne qui r\u00e9sultent en une violente guerre contre les salaires ! C\u2019est aussi tout particuli\u00e8rement vrai sur la question de la protection des droits des travailleurs, en Europe et dans le monde comme nous allons le d\u00e9montrer ! Pr\u00e9f\u00e9rant, stipendi\u00e9s par la conf\u00e9d\u00e9ration europ\u00e9enne des syndicats qui re\u00e7oit 70% de ses \u00e9moluments de la part de l\u2019Union Europ\u00e9enne (<a href=\"https:\/\/www.europarl.europa.eu\/news\/en\/press-room\/20241121IPR25545\/eu-budget-2025-reinforcing-key-eu-programmes-and-managing-borrowing-costs\" target=\"_blank\" rel=\"noopener\">pr\u00e8s de 8 millions d\u2019euro annuel tout de m\u00eame !<\/a>), chanter la fable de l\u2019Union Europ\u00e9enne qui \u00ab\u00a0prot\u00e8ge\u00a0\u00bb. La vraie question est qui prot\u00e8ge qui et quoi ? car ce n\u2019est assur\u00e9ment pas les travailleurs et la d\u00e9mocratie. Ni en France, ni en Europe, ni dans le monde ! mais au contraire les multinationales et les milliardaires !<\/p>\n<p>La directive europ\u00e9enne n\u2019est qu\u2019un trompe l\u2019oeil visant en r\u00e9alit\u00e9 \u00e0 masquer que l\u2019Union Europ\u00e9enne est l\u2019instrument principal, la cause profonde de l\u2019exploitation sanglante des travailleurs des pays du Sud, aux r\u00e9percussions directes en mati\u00e8re de guerre aux salaires, aux conditions de travail et de protections sociales en Europe et en France. Et c\u2019est l\u00e0 que ce communiqu\u00e9 soit disant syndical est particuli\u00e8rement cynique et scandaleux.<\/p>\n<p><img fetchpriority=\"high\" decoding=\"async\" width=\"570\" height=\"238\" src=\"https:\/\/www.europesays.com\/fr\/wp-content\/uploads\/2025\/05\/n-CITROEN-C3-DELOCALISEE-large570.jpg\" alt=\"\" class=\"wp-image-20239\"  \/><\/p>\n<p>Car les d\u00e9localisations massives des industries de productions de la France vers des pays \u00e0 bas salaires, \u00e0 protection social inexistantes, \u00e0 droit du travail moyen-ageux, r\u00e9sultent bien d\u2019une politique d\u00e9lib\u00e9r\u00e9e, d\u2019un cadre institutionnel \u00e9tablis : celui de l\u2019Union Europ\u00e9enne. Dans une dynamique d\u2019abord inscrite au sein de l\u2019Union Europ\u00e9enne, par la \u00ab\u00a0libre circulation des capitaux et marchandise\u00a0\u00bb et la \u00ab\u00a0libre concurrence\u00a0\u00bb, consacr\u00e9e d\u2019ailleurs d\u00e8s le trait\u00e9 de Rome. Il s\u2019agit par ce moyen de pouvoir mettre en concurrence les travailleurs, aux salaires et droits sociaux les plus avanc\u00e9es, avec ceux aux salaires et droits sociaux les plus bas. En bref, permettre et impulser la d\u00e9localisation des usines, tout en permettant la libre circulation des profits ainsi g\u00e9n\u00e9r\u00e9s !<\/p>\n<p>On peut citer en exemple le cas de la production d\u2019automobiles. Au moment de l\u2019entr\u00e9e en vigueur du trait\u00e9 de Maastricht, la France comptait plusieurs usines majeures exploit\u00e9es par PSA (Peugeot, Citro\u00ebn) et Renault, notamment \u00e0 Sochaux, Mulhouse, Poissy, Aulnay-sous-Bois, Flins, Douai, ou Sandouville, produisant en 1991, environ 3,77 millions de v\u00e9hicules. Mais imm\u00e9diatement, les constructeurs ont commenc\u00e9 \u00e0 investir en Europe de l\u2019Est. Renault a ouvert une usine en Slov\u00e9nie (Novo Mesto) pour la Clio, voiture la plus vendue \u00e0 l\u2019\u00e9poque en France. Le nombre d\u2019usines en France a diminu\u00e9 d\u2019environ 30-40 % depuis 1993. ans les ann\u00e9es 1990, la majorit\u00e9 des voitures vendues en France par Renault et PSA \u00e9taient fabriqu\u00e9es en France. Par exemple, des mod\u00e8les comme la Peugeot 306, la Citro\u00ebn Saxo, ou la Renault Clio \u00e9taient produits dans des usines fran\u00e7aises (Sochaux, Aulnay, Flins). Environ 70-80 % des voitures vendues en France par des marques fran\u00e7aises \u00e9taient produites localement, le reste venant d\u2019usines europ\u00e9ennes (ex. : Belgique, Espagne). Avec l\u2019\u00e9largissement de l\u2019UE en 2004 (inclusion de la Pologne, R\u00e9publique tch\u00e8que, Slovaquie, etc.), la production s\u2019est d\u00e9plac\u00e9e vers l\u2019Europe de l\u2019Est. La Peugeot 107\/Citro\u00ebn C1\/Toyota Aygo \u00e9tait produite \u00e0 Kol\u00edn (R\u00e9publique tch\u00e8que) \u00e0 partir de 2005. Renault a produit la Logan (sous la marque Dacia) en Roumanie d\u00e8s 2004. En 2023, la production automobile fran\u00e7aise \u00e9tait d\u2019environ 1,3 million de v\u00e9hicules (dont 1,1 million de voitures particuli\u00e8res), soit une baisse significative par rapport aux 3 millions des ann\u00e9es 2000. Et la part des voitures produite en France, vendues en France n\u2019est plus que de 30-40 % (soit environ 540 000 \u00e0 720 000 v\u00e9hicules), en baisse par rapport aux 70-80 % des ann\u00e9es 1990. Le salaire d\u2019un ouvrier de l\u2019automobile en France est d\u2019environ 1821\u20ac brut par mois. Il ne serait que de 500 \u00e0 800\u20ac environ en Roumanie au sein des usines Dacias telle que Mioveni. pr\u00e8s de 3 fois moins. On le voit, la principale cause du dumping anti social est \u2026 l\u2019Union Europ\u00e9enne.<\/p>\n<p><img loading=\"lazy\" decoding=\"async\" width=\"1920\" height=\"1080\" src=\"https:\/\/www.europesays.com\/fr\/wp-content\/uploads\/2025\/05\/20250125-exploitation-banquier-patron-ouvrier.jpeg\" alt=\"\" class=\"wp-image-209465\" style=\"width:531px;height:auto\"  \/><\/p>\n<p>Mais la pression ne s\u2019arr\u00eate pas aux fronti\u00e8res de l\u2019Union Europ\u00e9enne. Car c\u2019est \u00e9galement l\u2019Union Europ\u00e9enne qui impose des mesures de libre \u00e9changes, notamment les accords de libre \u00e9changes, ouvrant largement le march\u00e9 europ\u00e9en aux productions venant des pays o\u00f9 le capital des multinationales de l\u2019Union Europ\u00e9enne exploite dans des conditions terribles les ouvri\u00e8res et ouvriers. l\u2019Union Europ\u00e9enne importe pour plus de 110 milliards d\u2019euros de textiles et de v^\u00e9tement d\u2019Asie. Et pour cela elle a mis en place de accords de libre \u00e9changes qui r\u00e9duisent les barri\u00e8res tarrifaires (droits de ouane de 4 \u00e0 5% sur les fils, 8% sur les tissus, 12% sur les v\u00eatements). Cela sans imposer aucune conditions d\u2019\u00e9quivalence s\u00e9rieuses en terme de droits du travail comme de niveau de r\u00e9mun\u00e9rations des travailleurs.  Encore plus ouverts, soit disant au nom du d\u00e9veloppement, l\u2019Union Europ\u00e9enne a mis en palce des Syst\u00e8me de Pr\u00e9f\u00e9rence G\u00e9n\u00e9ralis\u00e9es ouvrant sans droits ni quotas les barri\u00e8res de l\u2019UE aux pays comme le Bangladesh et le Cambodge. Principal b\u00e9n\u00e9ficiaire de l\u2019EBA, le Bangladesh exporte environ 16 milliards d\u2019euros de v\u00eatements vers l\u2019UE chaque ann\u00e9e, repr\u00e9sentant une part significative des importations textiles europ\u00e9ennes. Les conditions de travail dans les usines bangladaises, notamment apr\u00e8s la trag\u00e9die du Rana Plaza (2013, 1 129 morts), ont r\u00e9v\u00e9l\u00e9 des salaires tr\u00e8s bas (environ 100-150 \u20ac\/mois), des heures excessives, et des conditions dangereuses. Repr\u00e9sentant environ 5-6 % des importations de l\u2019UE (valeur : 5-7 milliards d\u2019euros\/an), l\u2019Inde b\u00e9n\u00e9fice du SPG standard, avec une r\u00e9duction des droits de douanes. Les n\u00e9gations en cours de l\u2019ALE UE Inde visent \u00e0 encore gonfler ces importations. Les salaires en Inde sont de 150 \u00e0 200e par mois, avec un fort travail des enfants. La situation est similaire avec le Pakistan (3 \u00e0 5 milliards d\u2019euros d\u2019importation par an) et un SPG renforc\u00e9. Plus proche, la Turquie et ses salaires \u00e0 moins de 500e par mois b\u00e9n\u00e9ficie d\u2019une union douani\u00e8re avec l\u2019UE qui depuis 1995 \u00e9limine les droits de douane sur les textiles, avec jusqu\u2019\u00e0 12 milliards d\u2019euros annuel d\u2019importation. Des dispositions similaires sont install\u00e9s avec le Maroc (accord d\u2019association de 2000) qui a vu l\u2019instalation de Inditex (Zara) et des \u00e9changes de 3 \u00e0 5 milliards d\u2019euros pas an et des slaires de moins de 400\u20ac par mois, l\u2019accord de libre \u00e9change de 1998 avec la Tunisie et ses salaires de moins de 350\u20ac par mois). les usines d\u2019Indon\u00e9sie, Thailande et Sri Lanka, qui repr\u00e9sentent 5\u00e0 10% des importation b\u00e9n\u00e9ficient du SPG standard, permettant d\u2019exploiter ainsi des travailleurs pay\u00e9s de 150 \u00e0 300\u20ac par mois. Entr\u00e9 en vigueur en 2011, l\u2019ALE UE Cor\u00e9e du Sud a \u00e9limin\u00e9 les droits de douane sur la plupart des textiles, favorisant les exportations sud-cor\u00e9ennes vers l\u2019UE. Les exportations textiles sud-cor\u00e9ennes vers l\u2019UE ont atteint environ 1 milliard d\u2019euros en 2019, avec une croissance de 5-7 % par an depuis 2011. Bien que la Cor\u00e9e du Sud ait des normes sociales plus \u00e9lev\u00e9es que d\u2019autres pays asiatiques, des rapports de 2015-2016 ont signal\u00e9 des r\u00e9pressions contre les syndicats, remettant en question le respect des droits syndicaux. En r\u00e9alit\u00e9, seul la Chine reste frapp\u00e9e par des droits de douane<\/p>\n<p><img loading=\"lazy\" decoding=\"async\" width=\"1200\" height=\"800\" src=\"https:\/\/www.europesays.com\/fr\/wp-content\/uploads\/2025\/05\/20250523-travail-enfant.jpeg\" alt=\"\" class=\"wp-image-211568\"  \/><\/p>\n<p>Bref, la CES s\u2019alerte de ce qu\u2019un texte europ\u00e9en \u2013 de moindre impact qu\u2019une loi fran\u00e7aise \u2013 non encore appliqu\u00e9 ne soit pas mis en \u0153uvre. Texte qui ne pr\u00e9voit d\u2019ailleurs que des contraintes tr\u00e8s limit\u00e9es (en particulier d\u2019information plut\u00f4t sur la base du volontariat en l\u2019absence de moyen de contr\u00f4le). Mais texte qui serait inutile si la France n\u2019appartenait pas \u00e0 l\u2019Union Europ\u00e9enne, et en cons\u00e9quence pouvait imposer des droits de douanes punitifs, ou encore mieux des normes minimales de salaires, de droit du travail et de protection sociale, pour acc\u00e9der \u00e0 son march\u00e9 int\u00e9rieur. Autant de choses qui sont interdites par l\u2019Union Europ\u00e9enne. Union Europ\u00e9enne dont c\u2019est l\u2019objet m\u00eame que d\u2019interdire la possibilit\u00e9 m\u00eame d\u2019une telle politique de protection des travailleurs.<\/p>\n<p>Ce cas d\u2019\u00e9cole d\u00e9montre \u00e0 chaque travailleurs l\u2019urgence d\u2019appuyer partout les vrais syndicalistes, ceux qui ne sont pas inf\u00e9od\u00e9s \u00e0 la CES partenaire social des patrons et son objectif statutaire de soutien \u00e0 la construction europ\u00e9enne et \u00e0 son \u00e9largissement, mais ceux qui \u2013 notamment dans nombre de syndicats de la CGT \u2013 ont pour seules priorit\u00e9s la d\u00e9fense des droits des travailleurs, en France et dans le monde. Ce qui passe par la mise en cause de ceux qui les exploitent et des superstructures qu\u2019ils ont construites pour cela. A commencer donc en France par l\u2019Union Europ\u00e9enne.<\/p>\n<p><strong>Si l\u2019on veut sortir du dumping anti social, de l\u2019exploitation, ce n\u2019est pas de directives europ\u00e9ennes dont les travailleurs ont besoin : c\u2019est de sortir de l\u2019Union Europ\u00e9enne et du Capitalisme !<\/strong><\/p>\n<p>JBC pour <a href=\"http:\/\/www.initiative-communiste.fr\" target=\"_blank\" rel=\"noopener\">www.initiative-communiste.fr<\/a><\/p>\n<p>\t\t\t\t\t\t\t\t\t\t\t\t\t\t\t<script async src=\"https:\/\/platform.twitter.com\/widgets.js\" charset=\"utf-8\"><\/script><\/p>\n","protected":false},"excerpt":{"rendered":"Dans un communiqu\u00e9 sirupeux et qui aurait pu \u00eatre \u00e9crit \u00e0 l\u2019encre jaune, les affid\u00e9s de la Conf\u00e9d\u00e9ration&hellip;\n","protected":false},"author":2,"featured_media":123847,"comment_status":"","ping_status":"","sticky":false,"template":"","format":"standard","meta":{"footnotes":""},"categories":[1586],"tags":[24632,11,6811,9122,1270,1271,24633,24634,24635,2388,24636,1777,674,1779,18333,1011,27,15501,24637,7715,12,348,24638,24639,10651,25,11254,8815,15508,24640,24641,24642,1778,364,2103,24643,24644,11644],"class_list":{"0":"post-123846","1":"post","2":"type-post","3":"status-publish","4":"format-standard","5":"has-post-thumbnail","7":"category-europe","8":"tag-accord-de-libre-echange","9":"tag-actualites","10":"tag-bangladesh","11":"tag-ces","12":"tag-cfdt","13":"tag-cgt","14":"tag-dacia","15":"tag-delocalisation","16":"tag-directive-europeenne","17":"tag-droits-de-douane","18":"tag-dumping-social","19":"tag-eu","20":"tag-europe","21":"tag-european-union","22":"tag-exploitation","23":"tag-fr","24":"tag-france","25":"tag-frexit","26":"tag-liberalisatin","27":"tag-libre-echange","28":"tag-news","29":"tag-privatisation","30":"tag-produire-en-france","31":"tag-rana-plaza","32":"tag-renault","33":"tag-republique-francaise","34":"tag-salaires","35":"tag-sophie-binet","36":"tag-sortie-de-lue","37":"tag-textiles","38":"tag-traites-europeens","39":"tag-travail-des-enfants","40":"tag-ue","41":"tag-union-europeenne","42":"tag-usine","43":"tag-usines-automobiles","44":"tag-usines-textiles","45":"tag-vetements"},"share_on_mastodon":{"url":"","error":"Validation failed: Text character limit of 500 exceeded"},"_links":{"self":[{"href":"https:\/\/www.europesays.com\/fr\/wp-json\/wp\/v2\/posts\/123846","targetHints":{"allow":["GET"]}}],"collection":[{"href":"https:\/\/www.europesays.com\/fr\/wp-json\/wp\/v2\/posts"}],"about":[{"href":"https:\/\/www.europesays.com\/fr\/wp-json\/wp\/v2\/types\/post"}],"author":[{"embeddable":true,"href":"https:\/\/www.europesays.com\/fr\/wp-json\/wp\/v2\/users\/2"}],"replies":[{"embeddable":true,"href":"https:\/\/www.europesays.com\/fr\/wp-json\/wp\/v2\/comments?post=123846"}],"version-history":[{"count":0,"href":"https:\/\/www.europesays.com\/fr\/wp-json\/wp\/v2\/posts\/123846\/revisions"}],"wp:featuredmedia":[{"embeddable":true,"href":"https:\/\/www.europesays.com\/fr\/wp-json\/wp\/v2\/media\/123847"}],"wp:attachment":[{"href":"https:\/\/www.europesays.com\/fr\/wp-json\/wp\/v2\/media?parent=123846"}],"wp:term":[{"taxonomy":"category","embeddable":true,"href":"https:\/\/www.europesays.com\/fr\/wp-json\/wp\/v2\/categories?post=123846"},{"taxonomy":"post_tag","embeddable":true,"href":"https:\/\/www.europesays.com\/fr\/wp-json\/wp\/v2\/tags?post=123846"}],"curies":[{"name":"wp","href":"https:\/\/api.w.org\/{rel}","templated":true}]}}