{"id":123859,"date":"2025-05-24T06:28:08","date_gmt":"2025-05-24T06:28:08","guid":{"rendered":"https:\/\/www.europesays.com\/fr\/123859\/"},"modified":"2025-05-24T06:28:08","modified_gmt":"2025-05-24T06:28:08","slug":"pronostic-hubert-hurkacz-novak-djokovic-atp-geneve","status":"publish","type":"post","link":"https:\/\/www.europesays.com\/fr\/123859\/","title":{"rendered":"Pronostic Hubert Hurkacz Novak Djokovic &#8211; ATP Gen\u00e8ve"},"content":{"rendered":"<p class=\"text-xs leading-5 text-gray-400 mb-2\">\n                        Publi\u00e9 le 23\/05\/2025 16:15<br \/>\n                        \u00a0par<br \/>\n                                                            <a href=\"https:\/\/www.sportytrader.com\/auteur\/leo-measson-54\/\" target=\"_blank\" rel=\"noopener\">L\u00e9o Measson<\/a><\/p>\n<p>                                                    |<br \/>\n                            Modifi\u00e9 le<br \/>\n                                23\/05\/2025<br \/>\n                                \u00e0 16:32<\/p>\n<p>                                                                                                            dans<br \/>\n                                <a data-trans=\"tips.published.sport %sport%\" href=\"https:\/\/www.sportytrader.com\/pronostics\/tennis\/\" target=\"_blank\" rel=\"noopener\"><br \/>\n                                    Pronostics Tennis<br \/>\n                                <\/a><\/p>\n<p>                    Le grand jour de la finale est arriv\u00e9 dans ce tournoi ATP 250 de Gen\u00e8ve ! Et ce samedi, ce sont le polonais Hubert Hurkacz et le serbe\u00a0Novak Djokovic qui vont s&rsquo;affronter pour le gain du titre.<\/p>\n<p>Hubert Hurkacz, t\u00eate de s\u00e9rie num\u00e9ro 6, n&rsquo;avait particip\u00e9 qu&rsquo;\u00e0 deux tournois sur terre battue avant d&rsquo;arriver \u00e0\u00a0Gen\u00e8ve. Elimin\u00e9 d\u00e8s le premier tour \u00e0 Madrid par Benjamin Bonzi (60e mondial), le polonais avait su remporter ses 3 premiers tours au Masters 1000 de Rome en \u00e9liminant notamment\u00a0le top 20 Jakub Mensik en 8e de finale. Ici, il n&rsquo;a pas eu de difficult\u00e9 \u00e0 remporter ses 2 premiers tours face \u00e0 Arthur Cazaux et Arthur Rinderknech avant de cr\u00e9er la surprise d&rsquo;\u00e9liminer le num\u00e9ro 4 mondial Taylor Fritz en seulement 2 sets. Sa demi-finale face \u00e0 Sebastian Ofner n&rsquo;a \u00e9t\u00e9 ensuite qu&rsquo;une formalit\u00e9 puisqu&rsquo;il a conclu le match en seulement 60 minutes.<\/p>\n<p>Novak Djokovic, t\u00eate de s\u00e9rie num\u00e9ro 2, enchainait 3 d\u00e9faites cons\u00e9cutives et n&rsquo;avait encore remport\u00e9 aucune victoire sur terre battue avant d&rsquo;arriver en Suisse. Mais le serbe semble r\u00e9ussir son pari avant le Grand Chelem de Roland Garros, puisqu&rsquo;il est parvenu \u00e0 remporter ses 2 premiers tours en 2 sets face \u00e0 Marton Fucsovics et Matteo Arnaldi avant de perdre un set face \u00e0 Cameron Norrie.<\/p>\n","protected":false},"excerpt":{"rendered":"Publi\u00e9 le 23\/05\/2025 16:15 \u00a0par L\u00e9o Measson | Modifi\u00e9 le 23\/05\/2025 \u00e0 16:32 dans Pronostics Tennis Le grand&hellip;\n","protected":false},"author":2,"featured_media":123860,"comment_status":"","ping_status":"","sticky":false,"template":"","format":"standard","meta":{"footnotes":""},"categories":[1415],"tags":[22595,1011,27,24645,6433,1817,1821,60,1467],"class_list":{"0":"post-123859","1":"post","2":"type-post","3":"status-publish","4":"format-standard","5":"has-post-thumbnail","7":"category-tennis","8":"tag-atp-geneve","9":"tag-fr","10":"tag-france","11":"tag-hubert-hurkacz","12":"tag-novak-djokovic","13":"tag-pronostic","14":"tag-pronostics","15":"tag-sports","16":"tag-tennis"},"share_on_mastodon":{"url":"https:\/\/pubeurope.com\/@fr\/114561397733198091","error":""},"_links":{"self":[{"href":"https:\/\/www.europesays.com\/fr\/wp-json\/wp\/v2\/posts\/123859","targetHints":{"allow":["GET"]}}],"collection":[{"href":"https:\/\/www.europesays.com\/fr\/wp-json\/wp\/v2\/posts"}],"about":[{"href":"https:\/\/www.europesays.com\/fr\/wp-json\/wp\/v2\/types\/post"}],"author":[{"embeddable":true,"href":"https:\/\/www.europesays.com\/fr\/wp-json\/wp\/v2\/users\/2"}],"replies":[{"embeddable":true,"href":"https:\/\/www.europesays.com\/fr\/wp-json\/wp\/v2\/comments?post=123859"}],"version-history":[{"count":0,"href":"https:\/\/www.europesays.com\/fr\/wp-json\/wp\/v2\/posts\/123859\/revisions"}],"wp:featuredmedia":[{"embeddable":true,"href":"https:\/\/www.europesays.com\/fr\/wp-json\/wp\/v2\/media\/123860"}],"wp:attachment":[{"href":"https:\/\/www.europesays.com\/fr\/wp-json\/wp\/v2\/media?parent=123859"}],"wp:term":[{"taxonomy":"category","embeddable":true,"href":"https:\/\/www.europesays.com\/fr\/wp-json\/wp\/v2\/categories?post=123859"},{"taxonomy":"post_tag","embeddable":true,"href":"https:\/\/www.europesays.com\/fr\/wp-json\/wp\/v2\/tags?post=123859"}],"curies":[{"name":"wp","href":"https:\/\/api.w.org\/{rel}","templated":true}]}}